{"id":1350,"date":"2015-03-18T11:05:38","date_gmt":"2015-03-18T09:05:38","guid":{"rendered":"https:\/\/www.berghorizonte.de\/blog\/?p=1350"},"modified":"2015-03-18T11:05:38","modified_gmt":"2015-03-18T09:05:38","slug":"wir-sind-umgezogen-ab-01-02-2015-in-fuessen","status":"publish","type":"post","link":"https:\/\/www.berghorizonte.de\/blog\/wir-sind-umgezogen-ab-01-02-2015-in-fuessen\/","title":{"rendered":"Wir sind umgezogen: Ab 01.02.2015 finden Sie uns in F\u00fcssen im Allg\u00e4u"},"content":{"rendered":"<p>Liebe G\u00e4ste, Freunde und Gesch\u00e4ftspartner,<\/p>\n<p>wir sind mit unserem Gesch\u00e4ft von Fulda nach F\u00fcssen umgezogen, ab dem <strong>01.02.2015<\/strong> finden Sie uns in den neuen Gesch\u00e4ftsr\u00e4umen in F\u00fcssen im Allg\u00e4u:<\/p>\n<p><strong>berghorizonte e.K.<\/strong><br \/>\nInh. Christian Schubert<br \/>\nAlatseestr.18<\/p>\n<p>D-87629 F\u00fcssen im Allg\u00e4u<\/p>\n<p>Germany<\/p>\n<p>Telefon: +49(0)8362-9 30 86 72<br \/>\n24 h Mobil: +49(0)171-2 64 05 62<\/p>\n","protected":false},"excerpt":{"rendered":"<p>Liebe G\u00e4ste, Freunde und Gesch\u00e4ftspartner, wir sind mit unserem Gesch\u00e4ft von Fulda nach F\u00fcssen umgezogen, ab dem 01.02.2015 finden Sie uns in den neuen Gesch\u00e4ftsr\u00e4umen  [&#8230;]<\/p>\n","protected":false},"author":3,"featured_media":0,"comment_status":"open","ping_status":"open","sticky":false,"template":"","format":"standard","meta":{"footnotes":""},"categories":[5,16,6],"tags":[187],"class_list":["post-1350","post","type-post","status-publish","format-standard","hentry","category-gastebuch-2","category-news","category-nepal","tag-fuessen"],"yoast_head":"<!-- This site is optimized with the Yoast SEO plugin v27.5 - https:\/\/yoast.com\/product\/yoast-seo-wordpress\/ -->\n<title>Trekking und Reisen | berghorizonte.de<\/title>\n<meta name=\"description\" content=\"Wir sind mit unserem Gesch\u00e4ft von Fulda nach F\u00fcssen umgezogen, ab dem 01.02.2015 finden Sie uns in den neuen Gesch\u00e4ftsr\u00e4umen in F\u00fcssen im Allg\u00e4u\" \/>\n<meta name=\"robots\" content=\"index, follow, max-snippet:-1, max-image-preview:large, max-video-preview:-1\" \/>\n<link rel=\"canonical\" href=\"https:\/\/www.berghorizonte.de\/blog\/wir-sind-umgezogen-ab-01-02-2015-in-fuessen\/\" \/>\n<meta property=\"og:locale\" content=\"de_DE\" \/>\n<meta property=\"og:type\" content=\"article\" \/>\n<meta property=\"og:title\" content=\"Trekking und Reisen | berghorizonte.de\" \/>\n<meta property=\"og:description\" content=\"Wir sind mit unserem Gesch\u00e4ft von Fulda nach F\u00fcssen umgezogen, ab dem 01.02.2015 finden Sie uns in den neuen Gesch\u00e4ftsr\u00e4umen in F\u00fcssen im Allg\u00e4u\" \/>\n<meta property=\"og:url\" content=\"https:\/\/www.berghorizonte.de\/blog\/wir-sind-umgezogen-ab-01-02-2015-in-fuessen\/\" \/>\n<meta property=\"og:site_name\" content=\"Reiseblog\" \/>\n<meta property=\"article:author\" content=\"https:\/\/www.facebook.com\/Berghorizonte\" \/>\n<meta property=\"article:published_time\" content=\"2015-03-18T09:05:38+00:00\" \/>\n<meta name=\"author\" content=\"Christian Schubert\" \/>\n<meta name=\"twitter:label1\" content=\"Verfasst von\" \/>\n\t<meta name=\"twitter:data1\" content=\"Christian Schubert\" \/>\n<script type=\"application\/ld+json\" class=\"yoast-schema-graph\">{\"@context\":\"https:\\\/\\\/schema.org\",\"@graph\":[{\"@type\":\"Article\",\"@id\":\"https:\\\/\\\/www.berghorizonte.de\\\/blog\\\/wir-sind-umgezogen-ab-01-02-2015-in-fuessen\\\/#article\",\"isPartOf\":{\"@id\":\"https:\\\/\\\/www.berghorizonte.de\\\/blog\\\/wir-sind-umgezogen-ab-01-02-2015-in-fuessen\\\/\"},\"author\":{\"name\":\"Christian Schubert\",\"@id\":\"https:\\\/\\\/www.berghorizonte.de\\\/blog\\\/#\\\/schema\\\/person\\\/2896e70db1c39ca21796913684db7138\"},\"headline\":\"Wir sind umgezogen: Ab 01.02.2015 finden Sie uns in F\u00fcssen im Allg\u00e4u\",\"datePublished\":\"2015-03-18T09:05:38+00:00\",\"mainEntityOfPage\":{\"@id\":\"https:\\\/\\\/www.berghorizonte.de\\\/blog\\\/wir-sind-umgezogen-ab-01-02-2015-in-fuessen\\\/\"},\"wordCount\":68,\"commentCount\":0,\"publisher\":{\"@id\":\"https:\\\/\\\/www.berghorizonte.de\\\/blog\\\/#organization\"},\"keywords\":[\"F\u00fcssen\"],\"articleSection\":[\"G\u00e4stebuch\",\"News\",\"Reiseberichte &amp; News\"],\"inLanguage\":\"de\",\"potentialAction\":[{\"@type\":\"CommentAction\",\"name\":\"Comment\",\"target\":[\"https:\\\/\\\/www.berghorizonte.de\\\/blog\\\/wir-sind-umgezogen-ab-01-02-2015-in-fuessen\\\/#respond\"]}]},{\"@type\":\"WebPage\",\"@id\":\"https:\\\/\\\/www.berghorizonte.de\\\/blog\\\/wir-sind-umgezogen-ab-01-02-2015-in-fuessen\\\/\",\"url\":\"https:\\\/\\\/www.berghorizonte.de\\\/blog\\\/wir-sind-umgezogen-ab-01-02-2015-in-fuessen\\\/\",\"name\":\"Trekking und Reisen | berghorizonte.de\",\"isPartOf\":{\"@id\":\"https:\\\/\\\/www.berghorizonte.de\\\/blog\\\/#website\"},\"datePublished\":\"2015-03-18T09:05:38+00:00\",\"description\":\"Wir sind mit unserem Gesch\u00e4ft von Fulda nach F\u00fcssen umgezogen, ab dem 01.02.2015 finden Sie uns in den neuen Gesch\u00e4ftsr\u00e4umen in F\u00fcssen im Allg\u00e4u\",\"breadcrumb\":{\"@id\":\"https:\\\/\\\/www.berghorizonte.de\\\/blog\\\/wir-sind-umgezogen-ab-01-02-2015-in-fuessen\\\/#breadcrumb\"},\"inLanguage\":\"de\",\"potentialAction\":[{\"@type\":\"ReadAction\",\"target\":[\"https:\\\/\\\/www.berghorizonte.de\\\/blog\\\/wir-sind-umgezogen-ab-01-02-2015-in-fuessen\\\/\"]}]},{\"@type\":\"BreadcrumbList\",\"@id\":\"https:\\\/\\\/www.berghorizonte.de\\\/blog\\\/wir-sind-umgezogen-ab-01-02-2015-in-fuessen\\\/#breadcrumb\",\"itemListElement\":[{\"@type\":\"ListItem\",\"position\":1,\"name\":\"Home\",\"item\":\"https:\\\/\\\/www.berghorizonte.de\\\/blog\\\/\"},{\"@type\":\"ListItem\",\"position\":2,\"name\":\"Wir sind umgezogen: Ab 01.02.2015 finden Sie uns in F\u00fcssen im Allg\u00e4u\"}]},{\"@type\":\"WebSite\",\"@id\":\"https:\\\/\\\/www.berghorizonte.de\\\/blog\\\/#website\",\"url\":\"https:\\\/\\\/www.berghorizonte.de\\\/blog\\\/\",\"name\":\"Reiseblog\",\"description\":\"Erfahrungen, G\u00e4stebuch und Feedbacks alles rund ums Reisen, Wandern, Trekking in Bhutan, Nepal, Peru, Myanmar...\",\"publisher\":{\"@id\":\"https:\\\/\\\/www.berghorizonte.de\\\/blog\\\/#organization\"},\"potentialAction\":[{\"@type\":\"SearchAction\",\"target\":{\"@type\":\"EntryPoint\",\"urlTemplate\":\"https:\\\/\\\/www.berghorizonte.de\\\/blog\\\/?s={search_term_string}\"},\"query-input\":{\"@type\":\"PropertyValueSpecification\",\"valueRequired\":true,\"valueName\":\"search_term_string\"}}],\"inLanguage\":\"de\"},{\"@type\":\"Organization\",\"@id\":\"https:\\\/\\\/www.berghorizonte.de\\\/blog\\\/#organization\",\"name\":\"berghorizonte\",\"url\":\"https:\\\/\\\/www.berghorizonte.de\\\/blog\\\/\",\"logo\":{\"@type\":\"ImageObject\",\"inLanguage\":\"de\",\"@id\":\"https:\\\/\\\/www.berghorizonte.de\\\/blog\\\/#\\\/schema\\\/logo\\\/image\\\/\",\"url\":\"https:\\\/\\\/www.berghorizonte.de\\\/blog\\\/wp-content\\\/uploads\\\/2014\\\/11\\\/berghorizonte_logo_k.jpg\",\"contentUrl\":\"https:\\\/\\\/www.berghorizonte.de\\\/blog\\\/wp-content\\\/uploads\\\/2014\\\/11\\\/berghorizonte_logo_k.jpg\",\"width\":425,\"height\":236,\"caption\":\"berghorizonte\"},\"image\":{\"@id\":\"https:\\\/\\\/www.berghorizonte.de\\\/blog\\\/#\\\/schema\\\/logo\\\/image\\\/\"}},{\"@type\":\"Person\",\"@id\":\"https:\\\/\\\/www.berghorizonte.de\\\/blog\\\/#\\\/schema\\\/person\\\/2896e70db1c39ca21796913684db7138\",\"name\":\"Christian Schubert\",\"image\":{\"@type\":\"ImageObject\",\"inLanguage\":\"de\",\"@id\":\"https:\\\/\\\/www.berghorizonte.de\\\/blog\\\/wp-content\\\/uploads\\\/2013\\\/06\\\/Christian-Schubert_avatar_1372607758-96x96.jpg\",\"url\":\"https:\\\/\\\/www.berghorizonte.de\\\/blog\\\/wp-content\\\/uploads\\\/2013\\\/06\\\/Christian-Schubert_avatar_1372607758-96x96.jpg\",\"contentUrl\":\"https:\\\/\\\/www.berghorizonte.de\\\/blog\\\/wp-content\\\/uploads\\\/2013\\\/06\\\/Christian-Schubert_avatar_1372607758-96x96.jpg\",\"caption\":\"Christian Schubert\"},\"description\":\"Christian Schubert ist Gr\u00fcnder und Inhaber des lizenzierten Reiseveranstalter berghorizonte und leidenschafticher Bergsteiger, Trekker und Reisender. Monatelange Reisen in Nepal, Bhutan, Tibet, Pakistan und anderen Regionen im Himalaya sowie S\u00fcdamerika und sogar an den ganz hohen Bergen pr\u00e4gen seinen hohen Erfahrungsschatz. Seine Spezialgebiete sind Trekkingtouren und Kulturreisen bis 6000m im Himalaya und den Anden. Als absoluter Bhutan- und Nepal Kenner besucht er die beiden Himalayastaaten jedes Jahr und forscht nach neuen Wegen, Treks und Rundreisen. Von seiner grossen \u00fcber 20 j\u00e4hrigen Erfahrung und den guten Kontakten vor Ort profitieren seine G\u00e4ste...\",\"sameAs\":[\"https:\\\/\\\/www.berghorizonte.de\",\"https:\\\/\\\/www.facebook.com\\\/Berghorizonte\",\"https:\\\/\\\/x.com\\\/berghorizonte\"],\"url\":\"https:\\\/\\\/www.berghorizonte.de\\\/blog\\\/author\\\/cschubert\\\/\"}]}<\/script>\n<!-- \/ Yoast SEO plugin. -->","yoast_head_json":{"title":"Trekking und Reisen | berghorizonte.de","description":"Wir sind mit unserem Gesch\u00e4ft von Fulda nach F\u00fcssen umgezogen, ab dem 01.02.2015 finden Sie uns in den neuen Gesch\u00e4ftsr\u00e4umen in F\u00fcssen im Allg\u00e4u","robots":{"index":"index","follow":"follow","max-snippet":"max-snippet:-1","max-image-preview":"max-image-preview:large","max-video-preview":"max-video-preview:-1"},"canonical":"https:\/\/www.berghorizonte.de\/blog\/wir-sind-umgezogen-ab-01-02-2015-in-fuessen\/","og_locale":"de_DE","og_type":"article","og_title":"Trekking und Reisen | berghorizonte.de","og_description":"Wir sind mit unserem Gesch\u00e4ft von Fulda nach F\u00fcssen umgezogen, ab dem 01.02.2015 finden Sie uns in den neuen Gesch\u00e4ftsr\u00e4umen in F\u00fcssen im Allg\u00e4u","og_url":"https:\/\/www.berghorizonte.de\/blog\/wir-sind-umgezogen-ab-01-02-2015-in-fuessen\/","og_site_name":"Reiseblog","article_author":"https:\/\/www.facebook.com\/Berghorizonte","article_published_time":"2015-03-18T09:05:38+00:00","author":"Christian Schubert","twitter_misc":{"Verfasst von":"Christian Schubert"},"schema":{"@context":"https:\/\/schema.org","@graph":[{"@type":"Article","@id":"https:\/\/www.berghorizonte.de\/blog\/wir-sind-umgezogen-ab-01-02-2015-in-fuessen\/#article","isPartOf":{"@id":"https:\/\/www.berghorizonte.de\/blog\/wir-sind-umgezogen-ab-01-02-2015-in-fuessen\/"},"author":{"name":"Christian Schubert","@id":"https:\/\/www.berghorizonte.de\/blog\/#\/schema\/person\/2896e70db1c39ca21796913684db7138"},"headline":"Wir sind umgezogen: Ab 01.02.2015 finden Sie uns in F\u00fcssen im Allg\u00e4u","datePublished":"2015-03-18T09:05:38+00:00","mainEntityOfPage":{"@id":"https:\/\/www.berghorizonte.de\/blog\/wir-sind-umgezogen-ab-01-02-2015-in-fuessen\/"},"wordCount":68,"commentCount":0,"publisher":{"@id":"https:\/\/www.berghorizonte.de\/blog\/#organization"},"keywords":["F\u00fcssen"],"articleSection":["G\u00e4stebuch","News","Reiseberichte &amp; News"],"inLanguage":"de","potentialAction":[{"@type":"CommentAction","name":"Comment","target":["https:\/\/www.berghorizonte.de\/blog\/wir-sind-umgezogen-ab-01-02-2015-in-fuessen\/#respond"]}]},{"@type":"WebPage","@id":"https:\/\/www.berghorizonte.de\/blog\/wir-sind-umgezogen-ab-01-02-2015-in-fuessen\/","url":"https:\/\/www.berghorizonte.de\/blog\/wir-sind-umgezogen-ab-01-02-2015-in-fuessen\/","name":"Trekking und Reisen | berghorizonte.de","isPartOf":{"@id":"https:\/\/www.berghorizonte.de\/blog\/#website"},"datePublished":"2015-03-18T09:05:38+00:00","description":"Wir sind mit unserem Gesch\u00e4ft von Fulda nach F\u00fcssen umgezogen, ab dem 01.02.2015 finden Sie uns in den neuen Gesch\u00e4ftsr\u00e4umen in F\u00fcssen im Allg\u00e4u","breadcrumb":{"@id":"https:\/\/www.berghorizonte.de\/blog\/wir-sind-umgezogen-ab-01-02-2015-in-fuessen\/#breadcrumb"},"inLanguage":"de","potentialAction":[{"@type":"ReadAction","target":["https:\/\/www.berghorizonte.de\/blog\/wir-sind-umgezogen-ab-01-02-2015-in-fuessen\/"]}]},{"@type":"BreadcrumbList","@id":"https:\/\/www.berghorizonte.de\/blog\/wir-sind-umgezogen-ab-01-02-2015-in-fuessen\/#breadcrumb","itemListElement":[{"@type":"ListItem","position":1,"name":"Home","item":"https:\/\/www.berghorizonte.de\/blog\/"},{"@type":"ListItem","position":2,"name":"Wir sind umgezogen: Ab 01.02.2015 finden Sie uns in F\u00fcssen im Allg\u00e4u"}]},{"@type":"WebSite","@id":"https:\/\/www.berghorizonte.de\/blog\/#website","url":"https:\/\/www.berghorizonte.de\/blog\/","name":"Reiseblog","description":"Erfahrungen, G\u00e4stebuch und Feedbacks alles rund ums Reisen, Wandern, Trekking in Bhutan, Nepal, Peru, Myanmar...","publisher":{"@id":"https:\/\/www.berghorizonte.de\/blog\/#organization"},"potentialAction":[{"@type":"SearchAction","target":{"@type":"EntryPoint","urlTemplate":"https:\/\/www.berghorizonte.de\/blog\/?s={search_term_string}"},"query-input":{"@type":"PropertyValueSpecification","valueRequired":true,"valueName":"search_term_string"}}],"inLanguage":"de"},{"@type":"Organization","@id":"https:\/\/www.berghorizonte.de\/blog\/#organization","name":"berghorizonte","url":"https:\/\/www.berghorizonte.de\/blog\/","logo":{"@type":"ImageObject","inLanguage":"de","@id":"https:\/\/www.berghorizonte.de\/blog\/#\/schema\/logo\/image\/","url":"https:\/\/www.berghorizonte.de\/blog\/wp-content\/uploads\/2014\/11\/berghorizonte_logo_k.jpg","contentUrl":"https:\/\/www.berghorizonte.de\/blog\/wp-content\/uploads\/2014\/11\/berghorizonte_logo_k.jpg","width":425,"height":236,"caption":"berghorizonte"},"image":{"@id":"https:\/\/www.berghorizonte.de\/blog\/#\/schema\/logo\/image\/"}},{"@type":"Person","@id":"https:\/\/www.berghorizonte.de\/blog\/#\/schema\/person\/2896e70db1c39ca21796913684db7138","name":"Christian Schubert","image":{"@type":"ImageObject","inLanguage":"de","@id":"https:\/\/www.berghorizonte.de\/blog\/wp-content\/uploads\/2013\/06\/Christian-Schubert_avatar_1372607758-96x96.jpg","url":"https:\/\/www.berghorizonte.de\/blog\/wp-content\/uploads\/2013\/06\/Christian-Schubert_avatar_1372607758-96x96.jpg","contentUrl":"https:\/\/www.berghorizonte.de\/blog\/wp-content\/uploads\/2013\/06\/Christian-Schubert_avatar_1372607758-96x96.jpg","caption":"Christian Schubert"},"description":"Christian Schubert ist Gr\u00fcnder und Inhaber des lizenzierten Reiseveranstalter berghorizonte und leidenschafticher Bergsteiger, Trekker und Reisender. Monatelange Reisen in Nepal, Bhutan, Tibet, Pakistan und anderen Regionen im Himalaya sowie S\u00fcdamerika und sogar an den ganz hohen Bergen pr\u00e4gen seinen hohen Erfahrungsschatz. Seine Spezialgebiete sind Trekkingtouren und Kulturreisen bis 6000m im Himalaya und den Anden. Als absoluter Bhutan- und Nepal Kenner besucht er die beiden Himalayastaaten jedes Jahr und forscht nach neuen Wegen, Treks und Rundreisen. Von seiner grossen \u00fcber 20 j\u00e4hrigen Erfahrung und den guten Kontakten vor Ort profitieren seine G\u00e4ste...","sameAs":["https:\/\/www.berghorizonte.de","https:\/\/www.facebook.com\/Berghorizonte","https:\/\/x.com\/berghorizonte"],"url":"https:\/\/www.berghorizonte.de\/blog\/author\/cschubert\/"}]}},"_links":{"self":[{"href":"https:\/\/www.berghorizonte.de\/blog\/wp-json\/wp\/v2\/posts\/1350","targetHints":{"allow":["GET"]}}],"collection":[{"href":"https:\/\/www.berghorizonte.de\/blog\/wp-json\/wp\/v2\/posts"}],"about":[{"href":"https:\/\/www.berghorizonte.de\/blog\/wp-json\/wp\/v2\/types\/post"}],"author":[{"embeddable":true,"href":"https:\/\/www.berghorizonte.de\/blog\/wp-json\/wp\/v2\/users\/3"}],"replies":[{"embeddable":true,"href":"https:\/\/www.berghorizonte.de\/blog\/wp-json\/wp\/v2\/comments?post=1350"}],"version-history":[{"count":1,"href":"https:\/\/www.berghorizonte.de\/blog\/wp-json\/wp\/v2\/posts\/1350\/revisions"}],"predecessor-version":[{"id":1351,"href":"https:\/\/www.berghorizonte.de\/blog\/wp-json\/wp\/v2\/posts\/1350\/revisions\/1351"}],"wp:attachment":[{"href":"https:\/\/www.berghorizonte.de\/blog\/wp-json\/wp\/v2\/media?parent=1350"}],"wp:term":[{"taxonomy":"category","embeddable":true,"href":"https:\/\/www.berghorizonte.de\/blog\/wp-json\/wp\/v2\/categories?post=1350"},{"taxonomy":"post_tag","embeddable":true,"href":"https:\/\/www.berghorizonte.de\/blog\/wp-json\/wp\/v2\/tags?post=1350"}],"curies":[{"name":"wp","href":"https:\/\/api.w.org\/{rel}","templated":true}]}}