{"id":1353,"date":"2015-03-22T19:08:08","date_gmt":"2015-03-22T17:08:08","guid":{"rendered":"https:\/\/www.berghorizonte.de\/blog\/?p=1353"},"modified":"2017-10-12T11:42:03","modified_gmt":"2017-10-12T09:42:03","slug":"myanmar-aktiv-und-individualreise","status":"publish","type":"post","link":"https:\/\/www.berghorizonte.de\/blog\/myanmar-aktiv-und-individualreise\/","title":{"rendered":"Myanmar Aktiv- und Individualreise"},"content":{"rendered":"<p>G\u00e4stebucheintrag unsere\u00a0Myanmar &#8211; Privatreise im Februar 2015<\/p>\n<p>Liebe Patricia, hallo berghorizonte,<\/p>\n<p>wir sind nun wieder von unserer Reise durch Myanmar (mit Weiterreise auf die Philippinen) zur\u00fcck und wollten nur melden, dass es wundersch\u00f6n war.<\/p>\n<p>Unsere Reiseleiterin Kyi Kyi Zin (Spitzname Zin Zin) von Ihrer\u00a0Agentur war ein echter Schatz. Sehr zuvorkommend, total nett und wirklich immer bem\u00fcht, unseren W\u00fcnschen und Plan\u00e4nderungen gerecht zu werden und uns alles zu zeigen, was wir sehen wollten, auch wenn es gar nicht mehr im Programm stand und somit schon in ihre Freizeit fiel. Sie hat uns au\u00dferdem einen einzigartigen Einblick in das burmesische Leben verschafft und uns nicht nur die Kultur, sondern auch die Menschen n\u00e4her gebracht. Sie hat mich immer mit Yasmin und Thanaka versorgt. Abgesehen davon hat sie auch am Markt und auch \u00fcberall sonst alles f\u00fcr uns \u00fcbersetzt, alle Fragen beantwortet und f\u00fcr uns gefeilscht \ud83d\ude09<\/p>\n<p>Die Ballonfahrt \u00fcber Bagan war auch ein echtes Highlight, wirklich toll und die Organisation hat auch super geklappt. Wir wurden abgeholt, hin-und wieder zur\u00fcckgebracht und die Fahrt \u00fcber Bagan an sich war nat\u00fcrlich der Wahnsinn.<\/p>\n<p>Alles in Allem also eine sehr gelungene Reise, die wir sofort noch einmal \u00fcber Ihre Agentur buchen w\u00fcrden!<\/p>\n<p>Ich bitte Sie, das Lob auch an die Ihre Partner in Myanmar\u00a0weiterzuleiten, damit die wissen, wie zufrieden wir mit Zin Zin waren!<\/p>\n<p>Liebe Gr\u00fc\u00dfe,<\/p>\n<p>Familie\u00a0Leitner<\/p>\n<p><a title=\"Myanmar Privatreisen\" href=\"https:\/\/www.berghorizonte.de\/myanmar\/reisen-nach-myanmar.html\" target=\"_blank\" rel=\"noopener\">Zu unseren Myanmar Reisen:\u00a0<\/a><\/p>\n\n\t\t<style type=\"text\/css\">\n\t\t\t#gallery-1 {\n\t\t\t\tmargin: auto;\n\t\t\t}\n\t\t\t#gallery-1 .gallery-item {\n\t\t\t\tfloat: left;\n\t\t\t\tmargin-top: 10px;\n\t\t\t\ttext-align: center;\n\t\t\t\twidth: 33%;\n\t\t\t}\n\t\t\t#gallery-1 img {\n\t\t\t\tborder: 2px solid #cfcfcf;\n\t\t\t}\n\t\t\t#gallery-1 .gallery-caption {\n\t\t\t\tmargin-left: 0;\n\t\t\t}\n\t\t\t\/* see gallery_shortcode() in wp-includes\/media.php *\/\n\t\t<\/style>\n\t\t<div id='gallery-1' class='gallery galleryid-1353 gallery-columns-3 gallery-size-medium'><dl class='gallery-item'>\n\t\t\t<dt class='gallery-icon landscape'>\n\t\t\t\t<a data-rel=\"iLightbox[postimages]\" data-title=\"Myanmar Bagan\" data-caption=\"\" href='https:\/\/www.berghorizonte.de\/blog\/myanmar-aktiv-und-individualreise\/myanmar_bagan_2015-1\/'><img decoding=\"async\" width=\"300\" height=\"200\" src=\"https:\/\/www.berghorizonte.de\/blog\/wp-content\/uploads\/2015\/03\/Myanmar_Bagan_2015-1-300x200.jpg\" class=\"attachment-medium size-medium\" alt=\"\" srcset=\"https:\/\/www.berghorizonte.de\/blog\/wp-content\/uploads\/2015\/03\/Myanmar_Bagan_2015-1-300x200.jpg 300w, https:\/\/www.berghorizonte.de\/blog\/wp-content\/uploads\/2015\/03\/Myanmar_Bagan_2015-1.jpg 640w\" sizes=\"(max-width: 300px) 100vw, 300px\" \/><\/a>\n\t\t\t<\/dt><\/dl><dl class='gallery-item'>\n\t\t\t<dt class='gallery-icon landscape'>\n\t\t\t\t<a data-rel=\"iLightbox[postimages]\" data-title=\"Myanmar\" data-caption=\"\" href='https:\/\/www.berghorizonte.de\/blog\/myanmar-aktiv-und-individualreise\/img_2311\/'><img decoding=\"async\" width=\"300\" height=\"200\" src=\"https:\/\/www.berghorizonte.de\/blog\/wp-content\/uploads\/2015\/03\/IMG_2311-300x200.jpg\" class=\"attachment-medium size-medium\" alt=\"\" srcset=\"https:\/\/www.berghorizonte.de\/blog\/wp-content\/uploads\/2015\/03\/IMG_2311-300x200.jpg 300w, https:\/\/www.berghorizonte.de\/blog\/wp-content\/uploads\/2015\/03\/IMG_2311.jpg 640w\" sizes=\"(max-width: 300px) 100vw, 300px\" \/><\/a>\n\t\t\t<\/dt><\/dl><dl class='gallery-item'>\n\t\t\t<dt class='gallery-icon landscape'>\n\t\t\t\t<a data-rel=\"iLightbox[postimages]\" data-title=\"Myanmar\" data-caption=\"\" href='https:\/\/www.berghorizonte.de\/blog\/myanmar-aktiv-und-individualreise\/img_1944\/'><img decoding=\"async\" width=\"300\" height=\"200\" src=\"https:\/\/www.berghorizonte.de\/blog\/wp-content\/uploads\/2015\/03\/IMG_1944-300x200.jpg\" class=\"attachment-medium size-medium\" alt=\"\" srcset=\"https:\/\/www.berghorizonte.de\/blog\/wp-content\/uploads\/2015\/03\/IMG_1944-300x200.jpg 300w, https:\/\/www.berghorizonte.de\/blog\/wp-content\/uploads\/2015\/03\/IMG_1944.jpg 640w\" sizes=\"(max-width: 300px) 100vw, 300px\" \/><\/a>\n\t\t\t<\/dt><\/dl><br style=\"clear: both\" \/><dl class='gallery-item'>\n\t\t\t<dt class='gallery-icon landscape'>\n\t\t\t\t<a data-rel=\"iLightbox[postimages]\" data-title=\"Myanmar\" data-caption=\"\" href='https:\/\/www.berghorizonte.de\/blog\/myanmar-aktiv-und-individualreise\/myanmar_2015-2\/'><img decoding=\"async\" width=\"300\" height=\"200\" src=\"https:\/\/www.berghorizonte.de\/blog\/wp-content\/uploads\/2015\/03\/Myanmar_2015-2-300x200.jpg\" class=\"attachment-medium size-medium\" alt=\"\" srcset=\"https:\/\/www.berghorizonte.de\/blog\/wp-content\/uploads\/2015\/03\/Myanmar_2015-2-300x200.jpg 300w, https:\/\/www.berghorizonte.de\/blog\/wp-content\/uploads\/2015\/03\/Myanmar_2015-2.jpg 640w\" sizes=\"(max-width: 300px) 100vw, 300px\" \/><\/a>\n\t\t\t<\/dt><\/dl>\n\t\t\t<br style='clear: both' \/>\n\t\t<\/div>\n\n","protected":false},"excerpt":{"rendered":"<p>G\u00e4stebucheintrag unsere\u00a0Myanmar &#8211; Privatreise im Februar 2015 Liebe Patricia, hallo berghorizonte, wir sind nun wieder von unserer Reise durch Myanmar (mit Weiterreise auf die Philippinen)  [&#8230;]<\/p>\n","protected":false},"author":5,"featured_media":1356,"comment_status":"open","ping_status":"open","sticky":false,"template":"","format":"standard","meta":{"footnotes":""},"categories":[5,16,6],"tags":[116,118,119,117],"class_list":["post-1353","post","type-post","status-publish","format-standard","has-post-thumbnail","hentry","category-gastebuch-2","category-news","category-nepal","tag-myanmar","tag-myanmar-feedback","tag-myanmar-gaste-beitrag","tag-myanmar-reisen"],"yoast_head":"<!-- This site is optimized with the Yoast SEO plugin v27.5 - https:\/\/yoast.com\/product\/yoast-seo-wordpress\/ -->\n<title>Trekking und Reisen | berghorizonte.de<\/title>\n<meta name=\"description\" content=\"Wir sind nun wieder von unserer Reise durch Myanmar zur\u00fcck und wollten nur melden, dass es wundersch\u00f6n war.\" \/>\n<meta name=\"robots\" content=\"index, follow, max-snippet:-1, max-image-preview:large, max-video-preview:-1\" \/>\n<link rel=\"canonical\" href=\"https:\/\/www.berghorizonte.de\/blog\/myanmar-aktiv-und-individualreise\/\" \/>\n<meta property=\"og:locale\" content=\"de_DE\" \/>\n<meta property=\"og:type\" content=\"article\" \/>\n<meta property=\"og:title\" content=\"Trekking und Reisen | berghorizonte.de\" \/>\n<meta property=\"og:description\" content=\"Wir sind nun wieder von unserer Reise durch Myanmar zur\u00fcck und wollten nur melden, dass es wundersch\u00f6n war.\" \/>\n<meta property=\"og:url\" content=\"https:\/\/www.berghorizonte.de\/blog\/myanmar-aktiv-und-individualreise\/\" \/>\n<meta property=\"og:site_name\" content=\"Reiseblog\" \/>\n<meta property=\"article:published_time\" content=\"2015-03-22T17:08:08+00:00\" \/>\n<meta property=\"article:modified_time\" content=\"2017-10-12T09:42:03+00:00\" \/>\n<meta property=\"og:image\" content=\"https:\/\/www.berghorizonte.de\/blog\/wp-content\/uploads\/2015\/03\/IMG_0894.jpg\" \/>\n\t<meta property=\"og:image:width\" content=\"640\" \/>\n\t<meta property=\"og:image:height\" content=\"427\" \/>\n\t<meta property=\"og:image:type\" content=\"image\/jpeg\" \/>\n<meta name=\"author\" content=\"G\u00e4stebuchbeitrag\" \/>\n<meta name=\"twitter:label1\" content=\"Verfasst von\" \/>\n\t<meta name=\"twitter:data1\" content=\"G\u00e4stebuchbeitrag\" \/>\n\t<meta name=\"twitter:label2\" content=\"Gesch\u00e4tzte Lesezeit\" \/>\n\t<meta name=\"twitter:data2\" content=\"1\u00a0Minute\" \/>\n<script type=\"application\/ld+json\" class=\"yoast-schema-graph\">{\"@context\":\"https:\\\/\\\/schema.org\",\"@graph\":[{\"@type\":\"Article\",\"@id\":\"https:\\\/\\\/www.berghorizonte.de\\\/blog\\\/myanmar-aktiv-und-individualreise\\\/#article\",\"isPartOf\":{\"@id\":\"https:\\\/\\\/www.berghorizonte.de\\\/blog\\\/myanmar-aktiv-und-individualreise\\\/\"},\"author\":{\"name\":\"G\u00e4stebuchbeitrag\",\"@id\":\"https:\\\/\\\/www.berghorizonte.de\\\/blog\\\/#\\\/schema\\\/person\\\/f2bccafdfb2ccdbd7b08e104f8f3f5f4\"},\"headline\":\"Myanmar Aktiv- und Individualreise\",\"datePublished\":\"2015-03-22T17:08:08+00:00\",\"dateModified\":\"2017-10-12T09:42:03+00:00\",\"mainEntityOfPage\":{\"@id\":\"https:\\\/\\\/www.berghorizonte.de\\\/blog\\\/myanmar-aktiv-und-individualreise\\\/\"},\"wordCount\":250,\"commentCount\":0,\"publisher\":{\"@id\":\"https:\\\/\\\/www.berghorizonte.de\\\/blog\\\/#organization\"},\"image\":{\"@id\":\"https:\\\/\\\/www.berghorizonte.de\\\/blog\\\/myanmar-aktiv-und-individualreise\\\/#primaryimage\"},\"thumbnailUrl\":\"https:\\\/\\\/www.berghorizonte.de\\\/blog\\\/wp-content\\\/uploads\\\/2015\\\/03\\\/IMG_0894.jpg\",\"keywords\":[\"Myanmar\",\"Myanmar Feedback\",\"Myanmar G\u00e4ste Beitrag\",\"Myanmar Reisen\"],\"articleSection\":[\"G\u00e4stebuch\",\"News\",\"Reiseberichte &amp; News\"],\"inLanguage\":\"de\",\"potentialAction\":[{\"@type\":\"CommentAction\",\"name\":\"Comment\",\"target\":[\"https:\\\/\\\/www.berghorizonte.de\\\/blog\\\/myanmar-aktiv-und-individualreise\\\/#respond\"]}]},{\"@type\":\"WebPage\",\"@id\":\"https:\\\/\\\/www.berghorizonte.de\\\/blog\\\/myanmar-aktiv-und-individualreise\\\/\",\"url\":\"https:\\\/\\\/www.berghorizonte.de\\\/blog\\\/myanmar-aktiv-und-individualreise\\\/\",\"name\":\"Trekking und Reisen | berghorizonte.de\",\"isPartOf\":{\"@id\":\"https:\\\/\\\/www.berghorizonte.de\\\/blog\\\/#website\"},\"primaryImageOfPage\":{\"@id\":\"https:\\\/\\\/www.berghorizonte.de\\\/blog\\\/myanmar-aktiv-und-individualreise\\\/#primaryimage\"},\"image\":{\"@id\":\"https:\\\/\\\/www.berghorizonte.de\\\/blog\\\/myanmar-aktiv-und-individualreise\\\/#primaryimage\"},\"thumbnailUrl\":\"https:\\\/\\\/www.berghorizonte.de\\\/blog\\\/wp-content\\\/uploads\\\/2015\\\/03\\\/IMG_0894.jpg\",\"datePublished\":\"2015-03-22T17:08:08+00:00\",\"dateModified\":\"2017-10-12T09:42:03+00:00\",\"description\":\"Wir sind nun wieder von unserer Reise durch Myanmar zur\u00fcck und wollten nur melden, dass es wundersch\u00f6n war.\",\"breadcrumb\":{\"@id\":\"https:\\\/\\\/www.berghorizonte.de\\\/blog\\\/myanmar-aktiv-und-individualreise\\\/#breadcrumb\"},\"inLanguage\":\"de\",\"potentialAction\":[{\"@type\":\"ReadAction\",\"target\":[\"https:\\\/\\\/www.berghorizonte.de\\\/blog\\\/myanmar-aktiv-und-individualreise\\\/\"]}]},{\"@type\":\"ImageObject\",\"inLanguage\":\"de\",\"@id\":\"https:\\\/\\\/www.berghorizonte.de\\\/blog\\\/myanmar-aktiv-und-individualreise\\\/#primaryimage\",\"url\":\"https:\\\/\\\/www.berghorizonte.de\\\/blog\\\/wp-content\\\/uploads\\\/2015\\\/03\\\/IMG_0894.jpg\",\"contentUrl\":\"https:\\\/\\\/www.berghorizonte.de\\\/blog\\\/wp-content\\\/uploads\\\/2015\\\/03\\\/IMG_0894.jpg\",\"width\":640,\"height\":427},{\"@type\":\"BreadcrumbList\",\"@id\":\"https:\\\/\\\/www.berghorizonte.de\\\/blog\\\/myanmar-aktiv-und-individualreise\\\/#breadcrumb\",\"itemListElement\":[{\"@type\":\"ListItem\",\"position\":1,\"name\":\"Home\",\"item\":\"https:\\\/\\\/www.berghorizonte.de\\\/blog\\\/\"},{\"@type\":\"ListItem\",\"position\":2,\"name\":\"Myanmar Aktiv- und Individualreise\"}]},{\"@type\":\"WebSite\",\"@id\":\"https:\\\/\\\/www.berghorizonte.de\\\/blog\\\/#website\",\"url\":\"https:\\\/\\\/www.berghorizonte.de\\\/blog\\\/\",\"name\":\"Reiseblog\",\"description\":\"Erfahrungen, G\u00e4stebuch und Feedbacks alles rund ums Reisen, Wandern, Trekking in Bhutan, Nepal, Peru, Myanmar...\",\"publisher\":{\"@id\":\"https:\\\/\\\/www.berghorizonte.de\\\/blog\\\/#organization\"},\"potentialAction\":[{\"@type\":\"SearchAction\",\"target\":{\"@type\":\"EntryPoint\",\"urlTemplate\":\"https:\\\/\\\/www.berghorizonte.de\\\/blog\\\/?s={search_term_string}\"},\"query-input\":{\"@type\":\"PropertyValueSpecification\",\"valueRequired\":true,\"valueName\":\"search_term_string\"}}],\"inLanguage\":\"de\"},{\"@type\":\"Organization\",\"@id\":\"https:\\\/\\\/www.berghorizonte.de\\\/blog\\\/#organization\",\"name\":\"berghorizonte\",\"url\":\"https:\\\/\\\/www.berghorizonte.de\\\/blog\\\/\",\"logo\":{\"@type\":\"ImageObject\",\"inLanguage\":\"de\",\"@id\":\"https:\\\/\\\/www.berghorizonte.de\\\/blog\\\/#\\\/schema\\\/logo\\\/image\\\/\",\"url\":\"https:\\\/\\\/www.berghorizonte.de\\\/blog\\\/wp-content\\\/uploads\\\/2014\\\/11\\\/berghorizonte_logo_k.jpg\",\"contentUrl\":\"https:\\\/\\\/www.berghorizonte.de\\\/blog\\\/wp-content\\\/uploads\\\/2014\\\/11\\\/berghorizonte_logo_k.jpg\",\"width\":425,\"height\":236,\"caption\":\"berghorizonte\"},\"image\":{\"@id\":\"https:\\\/\\\/www.berghorizonte.de\\\/blog\\\/#\\\/schema\\\/logo\\\/image\\\/\"}},{\"@type\":\"Person\",\"@id\":\"https:\\\/\\\/www.berghorizonte.de\\\/blog\\\/#\\\/schema\\\/person\\\/f2bccafdfb2ccdbd7b08e104f8f3f5f4\",\"name\":\"G\u00e4stebuchbeitrag\",\"image\":{\"@type\":\"ImageObject\",\"inLanguage\":\"de\",\"@id\":\"https:\\\/\\\/secure.gravatar.com\\\/avatar\\\/2f7ccc3d22d720ff556bf57349708a254825802eaef24c77c3f8936cd3048f39?s=96&d=mm&r=g\",\"url\":\"https:\\\/\\\/secure.gravatar.com\\\/avatar\\\/2f7ccc3d22d720ff556bf57349708a254825802eaef24c77c3f8936cd3048f39?s=96&d=mm&r=g\",\"contentUrl\":\"https:\\\/\\\/secure.gravatar.com\\\/avatar\\\/2f7ccc3d22d720ff556bf57349708a254825802eaef24c77c3f8936cd3048f39?s=96&d=mm&r=g\",\"caption\":\"G\u00e4stebuchbeitrag\"},\"url\":\"https:\\\/\\\/www.berghorizonte.de\\\/blog\\\/author\\\/gast\\\/\"}]}<\/script>\n<!-- \/ Yoast SEO plugin. -->","yoast_head_json":{"title":"Trekking und Reisen | berghorizonte.de","description":"Wir sind nun wieder von unserer Reise durch Myanmar zur\u00fcck und wollten nur melden, dass es wundersch\u00f6n war.","robots":{"index":"index","follow":"follow","max-snippet":"max-snippet:-1","max-image-preview":"max-image-preview:large","max-video-preview":"max-video-preview:-1"},"canonical":"https:\/\/www.berghorizonte.de\/blog\/myanmar-aktiv-und-individualreise\/","og_locale":"de_DE","og_type":"article","og_title":"Trekking und Reisen | berghorizonte.de","og_description":"Wir sind nun wieder von unserer Reise durch Myanmar zur\u00fcck und wollten nur melden, dass es wundersch\u00f6n war.","og_url":"https:\/\/www.berghorizonte.de\/blog\/myanmar-aktiv-und-individualreise\/","og_site_name":"Reiseblog","article_published_time":"2015-03-22T17:08:08+00:00","article_modified_time":"2017-10-12T09:42:03+00:00","og_image":[{"width":640,"height":427,"url":"https:\/\/www.berghorizonte.de\/blog\/wp-content\/uploads\/2015\/03\/IMG_0894.jpg","type":"image\/jpeg"}],"author":"G\u00e4stebuchbeitrag","twitter_misc":{"Verfasst von":"G\u00e4stebuchbeitrag","Gesch\u00e4tzte Lesezeit":"1\u00a0Minute"},"schema":{"@context":"https:\/\/schema.org","@graph":[{"@type":"Article","@id":"https:\/\/www.berghorizonte.de\/blog\/myanmar-aktiv-und-individualreise\/#article","isPartOf":{"@id":"https:\/\/www.berghorizonte.de\/blog\/myanmar-aktiv-und-individualreise\/"},"author":{"name":"G\u00e4stebuchbeitrag","@id":"https:\/\/www.berghorizonte.de\/blog\/#\/schema\/person\/f2bccafdfb2ccdbd7b08e104f8f3f5f4"},"headline":"Myanmar Aktiv- und Individualreise","datePublished":"2015-03-22T17:08:08+00:00","dateModified":"2017-10-12T09:42:03+00:00","mainEntityOfPage":{"@id":"https:\/\/www.berghorizonte.de\/blog\/myanmar-aktiv-und-individualreise\/"},"wordCount":250,"commentCount":0,"publisher":{"@id":"https:\/\/www.berghorizonte.de\/blog\/#organization"},"image":{"@id":"https:\/\/www.berghorizonte.de\/blog\/myanmar-aktiv-und-individualreise\/#primaryimage"},"thumbnailUrl":"https:\/\/www.berghorizonte.de\/blog\/wp-content\/uploads\/2015\/03\/IMG_0894.jpg","keywords":["Myanmar","Myanmar Feedback","Myanmar G\u00e4ste Beitrag","Myanmar Reisen"],"articleSection":["G\u00e4stebuch","News","Reiseberichte &amp; News"],"inLanguage":"de","potentialAction":[{"@type":"CommentAction","name":"Comment","target":["https:\/\/www.berghorizonte.de\/blog\/myanmar-aktiv-und-individualreise\/#respond"]}]},{"@type":"WebPage","@id":"https:\/\/www.berghorizonte.de\/blog\/myanmar-aktiv-und-individualreise\/","url":"https:\/\/www.berghorizonte.de\/blog\/myanmar-aktiv-und-individualreise\/","name":"Trekking und Reisen | berghorizonte.de","isPartOf":{"@id":"https:\/\/www.berghorizonte.de\/blog\/#website"},"primaryImageOfPage":{"@id":"https:\/\/www.berghorizonte.de\/blog\/myanmar-aktiv-und-individualreise\/#primaryimage"},"image":{"@id":"https:\/\/www.berghorizonte.de\/blog\/myanmar-aktiv-und-individualreise\/#primaryimage"},"thumbnailUrl":"https:\/\/www.berghorizonte.de\/blog\/wp-content\/uploads\/2015\/03\/IMG_0894.jpg","datePublished":"2015-03-22T17:08:08+00:00","dateModified":"2017-10-12T09:42:03+00:00","description":"Wir sind nun wieder von unserer Reise durch Myanmar zur\u00fcck und wollten nur melden, dass es wundersch\u00f6n war.","breadcrumb":{"@id":"https:\/\/www.berghorizonte.de\/blog\/myanmar-aktiv-und-individualreise\/#breadcrumb"},"inLanguage":"de","potentialAction":[{"@type":"ReadAction","target":["https:\/\/www.berghorizonte.de\/blog\/myanmar-aktiv-und-individualreise\/"]}]},{"@type":"ImageObject","inLanguage":"de","@id":"https:\/\/www.berghorizonte.de\/blog\/myanmar-aktiv-und-individualreise\/#primaryimage","url":"https:\/\/www.berghorizonte.de\/blog\/wp-content\/uploads\/2015\/03\/IMG_0894.jpg","contentUrl":"https:\/\/www.berghorizonte.de\/blog\/wp-content\/uploads\/2015\/03\/IMG_0894.jpg","width":640,"height":427},{"@type":"BreadcrumbList","@id":"https:\/\/www.berghorizonte.de\/blog\/myanmar-aktiv-und-individualreise\/#breadcrumb","itemListElement":[{"@type":"ListItem","position":1,"name":"Home","item":"https:\/\/www.berghorizonte.de\/blog\/"},{"@type":"ListItem","position":2,"name":"Myanmar Aktiv- und Individualreise"}]},{"@type":"WebSite","@id":"https:\/\/www.berghorizonte.de\/blog\/#website","url":"https:\/\/www.berghorizonte.de\/blog\/","name":"Reiseblog","description":"Erfahrungen, G\u00e4stebuch und Feedbacks alles rund ums Reisen, Wandern, Trekking in Bhutan, Nepal, Peru, Myanmar...","publisher":{"@id":"https:\/\/www.berghorizonte.de\/blog\/#organization"},"potentialAction":[{"@type":"SearchAction","target":{"@type":"EntryPoint","urlTemplate":"https:\/\/www.berghorizonte.de\/blog\/?s={search_term_string}"},"query-input":{"@type":"PropertyValueSpecification","valueRequired":true,"valueName":"search_term_string"}}],"inLanguage":"de"},{"@type":"Organization","@id":"https:\/\/www.berghorizonte.de\/blog\/#organization","name":"berghorizonte","url":"https:\/\/www.berghorizonte.de\/blog\/","logo":{"@type":"ImageObject","inLanguage":"de","@id":"https:\/\/www.berghorizonte.de\/blog\/#\/schema\/logo\/image\/","url":"https:\/\/www.berghorizonte.de\/blog\/wp-content\/uploads\/2014\/11\/berghorizonte_logo_k.jpg","contentUrl":"https:\/\/www.berghorizonte.de\/blog\/wp-content\/uploads\/2014\/11\/berghorizonte_logo_k.jpg","width":425,"height":236,"caption":"berghorizonte"},"image":{"@id":"https:\/\/www.berghorizonte.de\/blog\/#\/schema\/logo\/image\/"}},{"@type":"Person","@id":"https:\/\/www.berghorizonte.de\/blog\/#\/schema\/person\/f2bccafdfb2ccdbd7b08e104f8f3f5f4","name":"G\u00e4stebuchbeitrag","image":{"@type":"ImageObject","inLanguage":"de","@id":"https:\/\/secure.gravatar.com\/avatar\/2f7ccc3d22d720ff556bf57349708a254825802eaef24c77c3f8936cd3048f39?s=96&d=mm&r=g","url":"https:\/\/secure.gravatar.com\/avatar\/2f7ccc3d22d720ff556bf57349708a254825802eaef24c77c3f8936cd3048f39?s=96&d=mm&r=g","contentUrl":"https:\/\/secure.gravatar.com\/avatar\/2f7ccc3d22d720ff556bf57349708a254825802eaef24c77c3f8936cd3048f39?s=96&d=mm&r=g","caption":"G\u00e4stebuchbeitrag"},"url":"https:\/\/www.berghorizonte.de\/blog\/author\/gast\/"}]}},"_links":{"self":[{"href":"https:\/\/www.berghorizonte.de\/blog\/wp-json\/wp\/v2\/posts\/1353","targetHints":{"allow":["GET"]}}],"collection":[{"href":"https:\/\/www.berghorizonte.de\/blog\/wp-json\/wp\/v2\/posts"}],"about":[{"href":"https:\/\/www.berghorizonte.de\/blog\/wp-json\/wp\/v2\/types\/post"}],"author":[{"embeddable":true,"href":"https:\/\/www.berghorizonte.de\/blog\/wp-json\/wp\/v2\/users\/5"}],"replies":[{"embeddable":true,"href":"https:\/\/www.berghorizonte.de\/blog\/wp-json\/wp\/v2\/comments?post=1353"}],"version-history":[{"count":10,"href":"https:\/\/www.berghorizonte.de\/blog\/wp-json\/wp\/v2\/posts\/1353\/revisions"}],"predecessor-version":[{"id":3963,"href":"https:\/\/www.berghorizonte.de\/blog\/wp-json\/wp\/v2\/posts\/1353\/revisions\/3963"}],"wp:featuredmedia":[{"embeddable":true,"href":"https:\/\/www.berghorizonte.de\/blog\/wp-json\/wp\/v2\/media\/1356"}],"wp:attachment":[{"href":"https:\/\/www.berghorizonte.de\/blog\/wp-json\/wp\/v2\/media?parent=1353"}],"wp:term":[{"taxonomy":"category","embeddable":true,"href":"https:\/\/www.berghorizonte.de\/blog\/wp-json\/wp\/v2\/categories?post=1353"},{"taxonomy":"post_tag","embeddable":true,"href":"https:\/\/www.berghorizonte.de\/blog\/wp-json\/wp\/v2\/tags?post=1353"}],"curies":[{"name":"wp","href":"https:\/\/api.w.org\/{rel}","templated":true}]}}