{"id":1393,"date":"2015-03-28T21:04:48","date_gmt":"2015-03-28T19:04:48","guid":{"rendered":"https:\/\/www.berghorizonte.de\/blog\/?p=1393"},"modified":"2017-10-12T11:39:19","modified_gmt":"2017-10-12T09:39:19","slug":"bhutan_reisebericht_haa-tal","status":"publish","type":"post","link":"https:\/\/www.berghorizonte.de\/blog\/bhutan_reisebericht_haa-tal\/","title":{"rendered":"Bhutan mit dem Haa Tal &#038; Bumthang"},"content":{"rendered":"<div id=\"attachment_1397\" style=\"width: 650px\" class=\"wp-caption aligncenter\"><a href=\"https:\/\/www.berghorizonte.de\/blog\/wp-content\/uploads\/2015\/03\/Bhutan_Bumthang-T\u00e4ler_Nov.14.jpg\"><img decoding=\"async\" aria-describedby=\"caption-attachment-1397\" class=\"wp-image-1397 size-full\" src=\"https:\/\/www.berghorizonte.de\/blog\/wp-content\/uploads\/2015\/03\/Bhutan_Bumthang-T\u00e4ler_Nov.14.jpg\" alt=\"Bhutan Reisen in kleinen Gruppen\" width=\"640\" height=\"480\" srcset=\"https:\/\/www.berghorizonte.de\/blog\/wp-content\/uploads\/2015\/03\/Bhutan_Bumthang-T\u00e4ler_Nov.14-300x225.jpg 300w, https:\/\/www.berghorizonte.de\/blog\/wp-content\/uploads\/2015\/03\/Bhutan_Bumthang-T\u00e4ler_Nov.14.jpg 640w\" sizes=\"(max-width: 640px) 100vw, 640px\" \/><\/a><p id=\"caption-attachment-1397\" class=\"wp-caption-text\">Bhutan berghorizonte Reisen in kleinen Gruppen | Nov. 2014<\/p><\/div>\n<p><a href=\"https:\/\/www.berghorizonte.de\/blog\/wp-content\/uploads\/2015\/03\/Bhutan_Bumthang-T\u00e4ler_Nov.14_1.jpg\"><img decoding=\"async\" class=\"aligncenter size-full wp-image-1396\" src=\"https:\/\/www.berghorizonte.de\/blog\/wp-content\/uploads\/2015\/03\/Bhutan_Bumthang-T\u00e4ler_Nov.14_1.jpg\" alt=\"Bhutan_Bumthang T\u00e4ler_Nov.14_1\" width=\"640\" height=\"480\" srcset=\"https:\/\/www.berghorizonte.de\/blog\/wp-content\/uploads\/2015\/03\/Bhutan_Bumthang-T\u00e4ler_Nov.14_1-300x225.jpg 300w, https:\/\/www.berghorizonte.de\/blog\/wp-content\/uploads\/2015\/03\/Bhutan_Bumthang-T\u00e4ler_Nov.14_1.jpg 640w\" sizes=\"(max-width: 640px) 100vw, 640px\" \/><\/a>Liebe Patricia, lieber Herr Schubert,<\/p>\n<p>Die Bhutan-Reise war wirklich wunderbar. Unsere Gruppe war, was nicht selbstverst\u00e4ndlich ist f\u00fcr Leute, die sich vorher noch nie gesehen haben, sehr harmonisch. Das haben auch unsere beiden Guides Vishal und Namgay betont.<\/p>\n<p>Die Organisation war hervorragend. Es hat alles geklappt bei Fl\u00fcgen und Abholung, auch in Delhi. Auch der Leki-Stock war zu meiner Begr\u00fc\u00dfung da. Er hat mir gute Dienste erwiesen bei den etwas unebeneren Wanderwegen. Der Bus, mit dem wir reisten, war gro\u00df, sodass wir uns gut verteilen konnten und der Fahrer hat gro\u00dfes Lob verdient f\u00fcr sein umsichtiges Fahren. Auch das Reiseprogramm hat meinen Erwartungen entsprochen sowie die Landschaft, die Leute &#8230;. Dank des umfangreichen Wissens von Vishal konnten wir sehr viel \u00fcber die verschiedenen Kl\u00f6ster, ihre buddhistischen Ausrichtungen, die unterschiedlichsten Bodhisatvas, die Gebr\u00e4uche etc., aber auch \u00fcber das Land Bhutan, die Strukturen und die Historie\u00a0 erfahren. Die Schwarzhalskraniche sind auch rechtzeitig im Phobjikha-Tal eingetroffen :-), so dass wir alle begeistert waren.<\/p>\n<p>Was ich ebenfalls gut fand, war, dass wir uns bei den Wanderungen langsam an die H\u00f6he gew\u00f6hnen und so unsere Kondition f\u00fcr den Aufstieg zum Tigernest am letzten Tag steigern konnten. Die beiden Verl\u00e4ngerungstage im Haa-Tal habe ich ja mit Heidi L. verbracht und das war auch alles bestens. Die im Haa Tal gelegene Lechuna Heritage Lodge sehr nett und gem\u00fctlich!<\/p>\n<p>Die Hotels waren durchweg gut, besonders gut war nat\u00fcrlich das Naksel, Lediglich das Hotel in Jakar gab ein kleines Problem. Der Weg zum Zimmer ging \u00fcber eine sehr schmale und in meinen Augen etwas gef\u00e4hrliche Treppe und im Zimmer schmurgelte die Steckdose durch, au\u00dferdem fegte der Wind vom Fenster \u00fcber meinen Kopf hinweg und es war richtig kalt. Am n\u00e4chsten Morgen bekam ich dann ein neues Zimmer und alles war gut.<\/p>\n<p>Also war alles rundrum prima und ich habe die Reise sehr genossen! Anbei noch ein Foto, wie wir alle auf einer kleinen Anh\u00f6he im Phobjikha-Tal sitzen und eines von Vishal, der uns dort einen kleinen Vortrag \u00fcber die verschiedenen Ausrichtungen der Kl\u00f6ster gehalten hat. Und ein Blick auf das Gangkar Puensum-Massiv auf dem Weg ins Ura-Tal.<\/p>\n<p>Ich w\u00fcnsche Ihnen weiterhin so wunderbare Reisen zu organisieren!<\/p>\n<p>Herzliche Gr\u00fc\u00dfe<\/p>\n<p>Eva S. aus M\u00fcnchen<\/p>\n<p><a title=\"Bhutan mit dem Reiseveranstalter berghorizonte\" href=\"https:\/\/www.berghorizonte.de\/bhutan\/reisen-nach-bhutan.html\" target=\"_blank\" rel=\"noopener\">Bhutan Reisen<\/a><\/p>\n","protected":false},"excerpt":{"rendered":"<p>Liebe Patricia, lieber Herr Schubert, Die Bhutan-Reise war wirklich wunderbar. Unsere Gruppe war, was nicht selbstverst\u00e4ndlich ist f\u00fcr Leute, die sich vorher noch nie gesehen  [&#8230;]<\/p>\n","protected":false},"author":5,"featured_media":1395,"comment_status":"open","ping_status":"open","sticky":false,"template":"","format":"standard","meta":{"footnotes":""},"categories":[5,16,6],"tags":[19,180,75,31,191],"class_list":["post-1393","post","type-post","status-publish","format-standard","has-post-thumbnail","hentry","category-gastebuch-2","category-news","category-nepal","tag-bhutan","tag-bhutan-erlebnisbericht","tag-bhutan-feedback","tag-bhutan-reisen","tag-haa-tal"],"yoast_head":"<!-- This site is optimized with the Yoast SEO plugin v27.4 - https:\/\/yoast.com\/product\/yoast-seo-wordpress\/ -->\n<title>Trekking und Reisen | berghorizonte.de<\/title>\n<meta name=\"description\" content=\"Die Bhutan-Reise war wirklich wunderbar. Unsere Gruppe war sehr harmonisch. Das Haa Tal sehr beeindruckend.\" \/>\n<meta name=\"robots\" content=\"index, follow, max-snippet:-1, max-image-preview:large, max-video-preview:-1\" \/>\n<link rel=\"canonical\" href=\"https:\/\/www.berghorizonte.de\/blog\/bhutan_reisebericht_haa-tal\/\" \/>\n<meta property=\"og:locale\" content=\"de_DE\" \/>\n<meta property=\"og:type\" content=\"article\" \/>\n<meta property=\"og:title\" content=\"Trekking und Reisen | berghorizonte.de\" \/>\n<meta property=\"og:description\" content=\"Die Bhutan-Reise war wirklich wunderbar. Unsere Gruppe war sehr harmonisch. Das Haa Tal sehr beeindruckend.\" \/>\n<meta property=\"og:url\" content=\"https:\/\/www.berghorizonte.de\/blog\/bhutan_reisebericht_haa-tal\/\" \/>\n<meta property=\"og:site_name\" content=\"Reiseblog\" \/>\n<meta property=\"article:published_time\" content=\"2015-03-28T19:04:48+00:00\" \/>\n<meta property=\"article:modified_time\" content=\"2017-10-12T09:39:19+00:00\" \/>\n<meta property=\"og:image\" content=\"https:\/\/www.berghorizonte.de\/blog\/wp-content\/uploads\/2015\/03\/Bhutan_Bumthang-T\u00e4ler_Nov.14_2.jpg\" \/>\n\t<meta property=\"og:image:width\" content=\"640\" \/>\n\t<meta property=\"og:image:height\" content=\"480\" \/>\n\t<meta property=\"og:image:type\" content=\"image\/jpeg\" \/>\n<meta name=\"author\" content=\"G\u00e4stebuchbeitrag\" \/>\n<meta name=\"twitter:label1\" content=\"Verfasst von\" \/>\n\t<meta name=\"twitter:data1\" content=\"G\u00e4stebuchbeitrag\" \/>\n\t<meta name=\"twitter:label2\" content=\"Gesch\u00e4tzte Lesezeit\" \/>\n\t<meta name=\"twitter:data2\" content=\"2\u00a0Minuten\" \/>\n<script type=\"application\/ld+json\" class=\"yoast-schema-graph\">{\"@context\":\"https:\\\/\\\/schema.org\",\"@graph\":[{\"@type\":\"Article\",\"@id\":\"https:\\\/\\\/www.berghorizonte.de\\\/blog\\\/bhutan_reisebericht_haa-tal\\\/#article\",\"isPartOf\":{\"@id\":\"https:\\\/\\\/www.berghorizonte.de\\\/blog\\\/bhutan_reisebericht_haa-tal\\\/\"},\"author\":{\"name\":\"G\u00e4stebuchbeitrag\",\"@id\":\"https:\\\/\\\/www.berghorizonte.de\\\/blog\\\/#\\\/schema\\\/person\\\/f2bccafdfb2ccdbd7b08e104f8f3f5f4\"},\"headline\":\"Bhutan mit dem Haa Tal &#038; Bumthang\",\"datePublished\":\"2015-03-28T19:04:48+00:00\",\"dateModified\":\"2017-10-12T09:39:19+00:00\",\"mainEntityOfPage\":{\"@id\":\"https:\\\/\\\/www.berghorizonte.de\\\/blog\\\/bhutan_reisebericht_haa-tal\\\/\"},\"wordCount\":406,\"commentCount\":0,\"publisher\":{\"@id\":\"https:\\\/\\\/www.berghorizonte.de\\\/blog\\\/#organization\"},\"image\":{\"@id\":\"https:\\\/\\\/www.berghorizonte.de\\\/blog\\\/bhutan_reisebericht_haa-tal\\\/#primaryimage\"},\"thumbnailUrl\":\"https:\\\/\\\/www.berghorizonte.de\\\/blog\\\/wp-content\\\/uploads\\\/2015\\\/03\\\/Bhutan_Bumthang-T\u00e4ler_Nov.14_2.jpg\",\"keywords\":[\"Bhutan\",\"Bhutan Erlebnisbericht\",\"Bhutan Feedback\",\"Bhutan Reisen\",\"Haa Tal\"],\"articleSection\":[\"G\u00e4stebuch\",\"News\",\"Reiseberichte &amp; News\"],\"inLanguage\":\"de\",\"potentialAction\":[{\"@type\":\"CommentAction\",\"name\":\"Comment\",\"target\":[\"https:\\\/\\\/www.berghorizonte.de\\\/blog\\\/bhutan_reisebericht_haa-tal\\\/#respond\"]}]},{\"@type\":\"WebPage\",\"@id\":\"https:\\\/\\\/www.berghorizonte.de\\\/blog\\\/bhutan_reisebericht_haa-tal\\\/\",\"url\":\"https:\\\/\\\/www.berghorizonte.de\\\/blog\\\/bhutan_reisebericht_haa-tal\\\/\",\"name\":\"Trekking und Reisen | berghorizonte.de\",\"isPartOf\":{\"@id\":\"https:\\\/\\\/www.berghorizonte.de\\\/blog\\\/#website\"},\"primaryImageOfPage\":{\"@id\":\"https:\\\/\\\/www.berghorizonte.de\\\/blog\\\/bhutan_reisebericht_haa-tal\\\/#primaryimage\"},\"image\":{\"@id\":\"https:\\\/\\\/www.berghorizonte.de\\\/blog\\\/bhutan_reisebericht_haa-tal\\\/#primaryimage\"},\"thumbnailUrl\":\"https:\\\/\\\/www.berghorizonte.de\\\/blog\\\/wp-content\\\/uploads\\\/2015\\\/03\\\/Bhutan_Bumthang-T\u00e4ler_Nov.14_2.jpg\",\"datePublished\":\"2015-03-28T19:04:48+00:00\",\"dateModified\":\"2017-10-12T09:39:19+00:00\",\"description\":\"Die Bhutan-Reise war wirklich wunderbar. Unsere Gruppe war sehr harmonisch. Das Haa Tal sehr beeindruckend.\",\"breadcrumb\":{\"@id\":\"https:\\\/\\\/www.berghorizonte.de\\\/blog\\\/bhutan_reisebericht_haa-tal\\\/#breadcrumb\"},\"inLanguage\":\"de\",\"potentialAction\":[{\"@type\":\"ReadAction\",\"target\":[\"https:\\\/\\\/www.berghorizonte.de\\\/blog\\\/bhutan_reisebericht_haa-tal\\\/\"]}]},{\"@type\":\"ImageObject\",\"inLanguage\":\"de\",\"@id\":\"https:\\\/\\\/www.berghorizonte.de\\\/blog\\\/bhutan_reisebericht_haa-tal\\\/#primaryimage\",\"url\":\"https:\\\/\\\/www.berghorizonte.de\\\/blog\\\/wp-content\\\/uploads\\\/2015\\\/03\\\/Bhutan_Bumthang-T\u00e4ler_Nov.14_2.jpg\",\"contentUrl\":\"https:\\\/\\\/www.berghorizonte.de\\\/blog\\\/wp-content\\\/uploads\\\/2015\\\/03\\\/Bhutan_Bumthang-T\u00e4ler_Nov.14_2.jpg\",\"width\":640,\"height\":480,\"caption\":\"Bhutan Reisen in kleinen Gruppen\"},{\"@type\":\"BreadcrumbList\",\"@id\":\"https:\\\/\\\/www.berghorizonte.de\\\/blog\\\/bhutan_reisebericht_haa-tal\\\/#breadcrumb\",\"itemListElement\":[{\"@type\":\"ListItem\",\"position\":1,\"name\":\"Home\",\"item\":\"https:\\\/\\\/www.berghorizonte.de\\\/blog\\\/\"},{\"@type\":\"ListItem\",\"position\":2,\"name\":\"Bhutan mit dem Haa Tal &#038; Bumthang\"}]},{\"@type\":\"WebSite\",\"@id\":\"https:\\\/\\\/www.berghorizonte.de\\\/blog\\\/#website\",\"url\":\"https:\\\/\\\/www.berghorizonte.de\\\/blog\\\/\",\"name\":\"Reiseblog\",\"description\":\"Erfahrungen, G\u00e4stebuch und Feedbacks alles rund ums Reisen, Wandern, Trekking in Bhutan, Nepal, Peru, Myanmar...\",\"publisher\":{\"@id\":\"https:\\\/\\\/www.berghorizonte.de\\\/blog\\\/#organization\"},\"potentialAction\":[{\"@type\":\"SearchAction\",\"target\":{\"@type\":\"EntryPoint\",\"urlTemplate\":\"https:\\\/\\\/www.berghorizonte.de\\\/blog\\\/?s={search_term_string}\"},\"query-input\":{\"@type\":\"PropertyValueSpecification\",\"valueRequired\":true,\"valueName\":\"search_term_string\"}}],\"inLanguage\":\"de\"},{\"@type\":\"Organization\",\"@id\":\"https:\\\/\\\/www.berghorizonte.de\\\/blog\\\/#organization\",\"name\":\"berghorizonte\",\"url\":\"https:\\\/\\\/www.berghorizonte.de\\\/blog\\\/\",\"logo\":{\"@type\":\"ImageObject\",\"inLanguage\":\"de\",\"@id\":\"https:\\\/\\\/www.berghorizonte.de\\\/blog\\\/#\\\/schema\\\/logo\\\/image\\\/\",\"url\":\"https:\\\/\\\/www.berghorizonte.de\\\/blog\\\/wp-content\\\/uploads\\\/2014\\\/11\\\/berghorizonte_logo_k.jpg\",\"contentUrl\":\"https:\\\/\\\/www.berghorizonte.de\\\/blog\\\/wp-content\\\/uploads\\\/2014\\\/11\\\/berghorizonte_logo_k.jpg\",\"width\":425,\"height\":236,\"caption\":\"berghorizonte\"},\"image\":{\"@id\":\"https:\\\/\\\/www.berghorizonte.de\\\/blog\\\/#\\\/schema\\\/logo\\\/image\\\/\"}},{\"@type\":\"Person\",\"@id\":\"https:\\\/\\\/www.berghorizonte.de\\\/blog\\\/#\\\/schema\\\/person\\\/f2bccafdfb2ccdbd7b08e104f8f3f5f4\",\"name\":\"G\u00e4stebuchbeitrag\",\"image\":{\"@type\":\"ImageObject\",\"inLanguage\":\"de\",\"@id\":\"https:\\\/\\\/secure.gravatar.com\\\/avatar\\\/2f7ccc3d22d720ff556bf57349708a254825802eaef24c77c3f8936cd3048f39?s=96&d=mm&r=g\",\"url\":\"https:\\\/\\\/secure.gravatar.com\\\/avatar\\\/2f7ccc3d22d720ff556bf57349708a254825802eaef24c77c3f8936cd3048f39?s=96&d=mm&r=g\",\"contentUrl\":\"https:\\\/\\\/secure.gravatar.com\\\/avatar\\\/2f7ccc3d22d720ff556bf57349708a254825802eaef24c77c3f8936cd3048f39?s=96&d=mm&r=g\",\"caption\":\"G\u00e4stebuchbeitrag\"},\"url\":\"https:\\\/\\\/www.berghorizonte.de\\\/blog\\\/author\\\/gast\\\/\"}]}<\/script>\n<!-- \/ Yoast SEO plugin. -->","yoast_head_json":{"title":"Trekking und Reisen | berghorizonte.de","description":"Die Bhutan-Reise war wirklich wunderbar. Unsere Gruppe war sehr harmonisch. Das Haa Tal sehr beeindruckend.","robots":{"index":"index","follow":"follow","max-snippet":"max-snippet:-1","max-image-preview":"max-image-preview:large","max-video-preview":"max-video-preview:-1"},"canonical":"https:\/\/www.berghorizonte.de\/blog\/bhutan_reisebericht_haa-tal\/","og_locale":"de_DE","og_type":"article","og_title":"Trekking und Reisen | berghorizonte.de","og_description":"Die Bhutan-Reise war wirklich wunderbar. Unsere Gruppe war sehr harmonisch. Das Haa Tal sehr beeindruckend.","og_url":"https:\/\/www.berghorizonte.de\/blog\/bhutan_reisebericht_haa-tal\/","og_site_name":"Reiseblog","article_published_time":"2015-03-28T19:04:48+00:00","article_modified_time":"2017-10-12T09:39:19+00:00","og_image":[{"width":640,"height":480,"url":"https:\/\/www.berghorizonte.de\/blog\/wp-content\/uploads\/2015\/03\/Bhutan_Bumthang-T\u00e4ler_Nov.14_2.jpg","type":"image\/jpeg"}],"author":"G\u00e4stebuchbeitrag","twitter_misc":{"Verfasst von":"G\u00e4stebuchbeitrag","Gesch\u00e4tzte Lesezeit":"2\u00a0Minuten"},"schema":{"@context":"https:\/\/schema.org","@graph":[{"@type":"Article","@id":"https:\/\/www.berghorizonte.de\/blog\/bhutan_reisebericht_haa-tal\/#article","isPartOf":{"@id":"https:\/\/www.berghorizonte.de\/blog\/bhutan_reisebericht_haa-tal\/"},"author":{"name":"G\u00e4stebuchbeitrag","@id":"https:\/\/www.berghorizonte.de\/blog\/#\/schema\/person\/f2bccafdfb2ccdbd7b08e104f8f3f5f4"},"headline":"Bhutan mit dem Haa Tal &#038; Bumthang","datePublished":"2015-03-28T19:04:48+00:00","dateModified":"2017-10-12T09:39:19+00:00","mainEntityOfPage":{"@id":"https:\/\/www.berghorizonte.de\/blog\/bhutan_reisebericht_haa-tal\/"},"wordCount":406,"commentCount":0,"publisher":{"@id":"https:\/\/www.berghorizonte.de\/blog\/#organization"},"image":{"@id":"https:\/\/www.berghorizonte.de\/blog\/bhutan_reisebericht_haa-tal\/#primaryimage"},"thumbnailUrl":"https:\/\/www.berghorizonte.de\/blog\/wp-content\/uploads\/2015\/03\/Bhutan_Bumthang-T\u00e4ler_Nov.14_2.jpg","keywords":["Bhutan","Bhutan Erlebnisbericht","Bhutan Feedback","Bhutan Reisen","Haa Tal"],"articleSection":["G\u00e4stebuch","News","Reiseberichte &amp; News"],"inLanguage":"de","potentialAction":[{"@type":"CommentAction","name":"Comment","target":["https:\/\/www.berghorizonte.de\/blog\/bhutan_reisebericht_haa-tal\/#respond"]}]},{"@type":"WebPage","@id":"https:\/\/www.berghorizonte.de\/blog\/bhutan_reisebericht_haa-tal\/","url":"https:\/\/www.berghorizonte.de\/blog\/bhutan_reisebericht_haa-tal\/","name":"Trekking und Reisen | berghorizonte.de","isPartOf":{"@id":"https:\/\/www.berghorizonte.de\/blog\/#website"},"primaryImageOfPage":{"@id":"https:\/\/www.berghorizonte.de\/blog\/bhutan_reisebericht_haa-tal\/#primaryimage"},"image":{"@id":"https:\/\/www.berghorizonte.de\/blog\/bhutan_reisebericht_haa-tal\/#primaryimage"},"thumbnailUrl":"https:\/\/www.berghorizonte.de\/blog\/wp-content\/uploads\/2015\/03\/Bhutan_Bumthang-T\u00e4ler_Nov.14_2.jpg","datePublished":"2015-03-28T19:04:48+00:00","dateModified":"2017-10-12T09:39:19+00:00","description":"Die Bhutan-Reise war wirklich wunderbar. Unsere Gruppe war sehr harmonisch. Das Haa Tal sehr beeindruckend.","breadcrumb":{"@id":"https:\/\/www.berghorizonte.de\/blog\/bhutan_reisebericht_haa-tal\/#breadcrumb"},"inLanguage":"de","potentialAction":[{"@type":"ReadAction","target":["https:\/\/www.berghorizonte.de\/blog\/bhutan_reisebericht_haa-tal\/"]}]},{"@type":"ImageObject","inLanguage":"de","@id":"https:\/\/www.berghorizonte.de\/blog\/bhutan_reisebericht_haa-tal\/#primaryimage","url":"https:\/\/www.berghorizonte.de\/blog\/wp-content\/uploads\/2015\/03\/Bhutan_Bumthang-T\u00e4ler_Nov.14_2.jpg","contentUrl":"https:\/\/www.berghorizonte.de\/blog\/wp-content\/uploads\/2015\/03\/Bhutan_Bumthang-T\u00e4ler_Nov.14_2.jpg","width":640,"height":480,"caption":"Bhutan Reisen in kleinen Gruppen"},{"@type":"BreadcrumbList","@id":"https:\/\/www.berghorizonte.de\/blog\/bhutan_reisebericht_haa-tal\/#breadcrumb","itemListElement":[{"@type":"ListItem","position":1,"name":"Home","item":"https:\/\/www.berghorizonte.de\/blog\/"},{"@type":"ListItem","position":2,"name":"Bhutan mit dem Haa Tal &#038; Bumthang"}]},{"@type":"WebSite","@id":"https:\/\/www.berghorizonte.de\/blog\/#website","url":"https:\/\/www.berghorizonte.de\/blog\/","name":"Reiseblog","description":"Erfahrungen, G\u00e4stebuch und Feedbacks alles rund ums Reisen, Wandern, Trekking in Bhutan, Nepal, Peru, Myanmar...","publisher":{"@id":"https:\/\/www.berghorizonte.de\/blog\/#organization"},"potentialAction":[{"@type":"SearchAction","target":{"@type":"EntryPoint","urlTemplate":"https:\/\/www.berghorizonte.de\/blog\/?s={search_term_string}"},"query-input":{"@type":"PropertyValueSpecification","valueRequired":true,"valueName":"search_term_string"}}],"inLanguage":"de"},{"@type":"Organization","@id":"https:\/\/www.berghorizonte.de\/blog\/#organization","name":"berghorizonte","url":"https:\/\/www.berghorizonte.de\/blog\/","logo":{"@type":"ImageObject","inLanguage":"de","@id":"https:\/\/www.berghorizonte.de\/blog\/#\/schema\/logo\/image\/","url":"https:\/\/www.berghorizonte.de\/blog\/wp-content\/uploads\/2014\/11\/berghorizonte_logo_k.jpg","contentUrl":"https:\/\/www.berghorizonte.de\/blog\/wp-content\/uploads\/2014\/11\/berghorizonte_logo_k.jpg","width":425,"height":236,"caption":"berghorizonte"},"image":{"@id":"https:\/\/www.berghorizonte.de\/blog\/#\/schema\/logo\/image\/"}},{"@type":"Person","@id":"https:\/\/www.berghorizonte.de\/blog\/#\/schema\/person\/f2bccafdfb2ccdbd7b08e104f8f3f5f4","name":"G\u00e4stebuchbeitrag","image":{"@type":"ImageObject","inLanguage":"de","@id":"https:\/\/secure.gravatar.com\/avatar\/2f7ccc3d22d720ff556bf57349708a254825802eaef24c77c3f8936cd3048f39?s=96&d=mm&r=g","url":"https:\/\/secure.gravatar.com\/avatar\/2f7ccc3d22d720ff556bf57349708a254825802eaef24c77c3f8936cd3048f39?s=96&d=mm&r=g","contentUrl":"https:\/\/secure.gravatar.com\/avatar\/2f7ccc3d22d720ff556bf57349708a254825802eaef24c77c3f8936cd3048f39?s=96&d=mm&r=g","caption":"G\u00e4stebuchbeitrag"},"url":"https:\/\/www.berghorizonte.de\/blog\/author\/gast\/"}]}},"_links":{"self":[{"href":"https:\/\/www.berghorizonte.de\/blog\/wp-json\/wp\/v2\/posts\/1393","targetHints":{"allow":["GET"]}}],"collection":[{"href":"https:\/\/www.berghorizonte.de\/blog\/wp-json\/wp\/v2\/posts"}],"about":[{"href":"https:\/\/www.berghorizonte.de\/blog\/wp-json\/wp\/v2\/types\/post"}],"author":[{"embeddable":true,"href":"https:\/\/www.berghorizonte.de\/blog\/wp-json\/wp\/v2\/users\/5"}],"replies":[{"embeddable":true,"href":"https:\/\/www.berghorizonte.de\/blog\/wp-json\/wp\/v2\/comments?post=1393"}],"version-history":[{"count":11,"href":"https:\/\/www.berghorizonte.de\/blog\/wp-json\/wp\/v2\/posts\/1393\/revisions"}],"predecessor-version":[{"id":3959,"href":"https:\/\/www.berghorizonte.de\/blog\/wp-json\/wp\/v2\/posts\/1393\/revisions\/3959"}],"wp:featuredmedia":[{"embeddable":true,"href":"https:\/\/www.berghorizonte.de\/blog\/wp-json\/wp\/v2\/media\/1395"}],"wp:attachment":[{"href":"https:\/\/www.berghorizonte.de\/blog\/wp-json\/wp\/v2\/media?parent=1393"}],"wp:term":[{"taxonomy":"category","embeddable":true,"href":"https:\/\/www.berghorizonte.de\/blog\/wp-json\/wp\/v2\/categories?post=1393"},{"taxonomy":"post_tag","embeddable":true,"href":"https:\/\/www.berghorizonte.de\/blog\/wp-json\/wp\/v2\/tags?post=1393"}],"curies":[{"name":"wp","href":"https:\/\/api.w.org\/{rel}","templated":true}]}}