{"id":1418,"date":"2015-04-11T16:20:56","date_gmt":"2015-04-11T14:20:56","guid":{"rendered":"https:\/\/www.berghorizonte.de\/blog\/?p=1418"},"modified":"2017-10-12T11:37:27","modified_gmt":"2017-10-12T09:37:27","slug":"klosterfeste_wanderreise_bhutan","status":"publish","type":"post","link":"https:\/\/www.berghorizonte.de\/blog\/klosterfeste_wanderreise_bhutan\/","title":{"rendered":"G\u00e4stebuch: Bhutan Wanderreise"},"content":{"rendered":"<p>Liebe Patricia,<\/p>\n<p>Ich wollte mich eigentlich schon bei Ihnen gemeldet haben, denn ich kann nur schw\u00e4rmen &#8211; von allem, die Bhutan Wanderreise war gro\u00dfartig!<\/p>\n<p>Unsere guides (Vishal und Namgey) waren \u00fcber die Ma\u00dfen aufmerksam, freundlich, super informiert, immer gut gelaunt, sind auf alle W\u00fcnsche eingegangen, haben sich nie aus der Ruhe bringen lassen und haben uns nie sp\u00fcren lassen, dass die zwei Wochen f\u00fcr sie ja Arbeit waren und kein Urlaub.<\/p>\n<p>Der Fahrer Thubden (oder so \u00e4hnlich) ein ruhiger, sehr freundlicher Mann, der seinen Bus beherrscht hat wie ein Musikinstrument und der uns immer sicher um alle Kurven gebracht hat. Und er musste viele Stopps einlegen und hat immer prompt reagiert.<\/p>\n<p>Die Gruppe: ich als bekennende Alleinreisende bin hin und weg. Gestern war ich bei Heidi Lommer eingeladen und wir haben Bilder angeschaut und von Bhutan geschw\u00e4rmt. Auch mit anderen bin ich noch im Kontakt und wir \u00fcberlegen, ob wir uns als Gruppe vielleicht im n\u00e4chsten Jahr mal f\u00fcr ein Wochenende treffen. Es war super, wie die Gruppe Tag f\u00fcr Tag mehr zusammengewachsen ist und auch unsere guides dazugeh\u00f6rten. Wir haben uns am Ende wie eine Familie gef\u00fchlt, Vishal war Vati und Namgey Mutti, weil sie sich so gut gek\u00fcmmert haben.<\/p>\n<p>Die Hotels waren f\u00fcr mein Empfinden wirklich \u00fcberdurchschnittlich. Ich hab gerade nicht mehr alle Namen im Kopf. Das im Kranichtal mit seinem Bollerofen war gro\u00dfartig, auch das erste in Paro, das Naksel sowieso, da war mein Zimmer gef\u00fchlt gr\u00f6\u00dfer als meine Wohnung in M\u00fcnchen, toll war auch das im Chumey Tal, da waren die Bungalows auch riesig, konnte man in einer Nacht garnicht bewohnen. In Bumthang war es ein wenig kalt und die Zimmer schlecht zu beheizen, auch im Speisesaal war es recht kalt, weil es nur in der N\u00e4he des Ofens warm war. Aber sicherlich ist es nicht einfach zur Festivalzeit Unterk\u00fcnfte zu finden.<\/p>\n<p>Das Programm: Wir haben unglaublich viel gesehen, das habe ich zuhause nochmal an der Zahl meiner Fotos gemerkt \ud83d\ude42 Alleine w\u00fcrde ich nat\u00fcrlich viel langsamer reisen und mal l\u00e4nger wo verweilen, aber ich m\u00f6chte auch nichts missen, von dem, was wir gesehen haben. Vishal hat auch immer spontan und professionell reagiert, wenn etwas geschlossen war, wegen Feiertag oder Bauarbeiten, da haben wir eigentlich garnicht gemerkt, dass er improvisieren musste. Es war auch richtig toll, wie er immer wieder kleine Wanderungen eingebaut hat, sodass wir nie das Gef\u00fchl hatten, zu lange im Bus zu sitzen.<\/p>\n<p>Das Essen: ich war \u00fcberrascht. Dank Ema Datse richtig lecker und w\u00fcrzig und perfekt f\u00fcr einen Vegetarier wir mich. Auch nach zwei Wochen nicht langweilig.<\/p>\n<p>Ich w\u00fcrde die Reise uneingeschr\u00e4nkt so empfehlen.<\/p>\n<p>Und sollte ich doch mal wieder eine Gruppenreise machen (was ich ja eigentlich nie tue), dann am liebsten wieder mit Berghorizonte.<\/p>\n<p>Vielen Dank f\u00fcr Alles,<\/p>\n<p>Viele Gr\u00fc\u00dfe,<\/p>\n<p>Sabine<\/p>\n<p><a title=\"Bhutan Wander- und Trekking Reisen\" href=\"https:\/\/www.berghorizonte.de\/bhutan\/reisen-nach-bhutan.html\" target=\"_blank\" rel=\"noopener\">Zu unseren Bhutan Wanderreisen<\/a><\/p>\n","protected":false},"excerpt":{"rendered":"<p>Liebe Patricia, Ich wollte mich eigentlich schon bei Ihnen gemeldet haben, denn ich kann nur schw\u00e4rmen &#8211; von allem, die Bhutan Wanderreise war gro\u00dfartig! Unsere  [&#8230;]<\/p>\n","protected":false},"author":5,"featured_media":1419,"comment_status":"open","ping_status":"open","sticky":false,"template":"","format":"standard","meta":{"footnotes":""},"categories":[5,16,6],"tags":[19,62,180,85,35,33,192],"class_list":["post-1418","post","type-post","status-publish","format-standard","has-post-thumbnail","hentry","category-gastebuch-2","category-news","category-nepal","tag-bhutan","tag-bhutan-bewertung","tag-bhutan-erlebnisbericht","tag-bhutan-gastebuch","tag-bhutan-reise","tag-bhutan-trekking","tag-bhutan-wanderreise"],"yoast_head":"<!-- This site is optimized with the Yoast SEO plugin v27.5 - https:\/\/yoast.com\/product\/yoast-seo-wordpress\/ -->\n<title>Trekking und Reisen | berghorizonte.de<\/title>\n<meta name=\"description\" content=\"Unsere Bhutan Wanderreise war gro\u00dfartig! Die Bhutan Guides (Vishal und Namgey) waren \u00fcber die Ma\u00dfen aufmerksam, freundlich und hilfsbereit -ein tollles Team\" \/>\n<meta name=\"robots\" content=\"index, follow, max-snippet:-1, max-image-preview:large, max-video-preview:-1\" \/>\n<link rel=\"canonical\" href=\"https:\/\/www.berghorizonte.de\/blog\/klosterfeste_wanderreise_bhutan\/\" \/>\n<meta property=\"og:locale\" content=\"de_DE\" \/>\n<meta property=\"og:type\" content=\"article\" \/>\n<meta property=\"og:title\" content=\"Trekking und Reisen | berghorizonte.de\" \/>\n<meta property=\"og:description\" content=\"Unsere Bhutan Wanderreise war gro\u00dfartig! Die Bhutan Guides (Vishal und Namgey) waren \u00fcber die Ma\u00dfen aufmerksam, freundlich und hilfsbereit -ein tollles Team\" \/>\n<meta property=\"og:url\" content=\"https:\/\/www.berghorizonte.de\/blog\/klosterfeste_wanderreise_bhutan\/\" \/>\n<meta property=\"og:site_name\" content=\"Reiseblog\" \/>\n<meta property=\"article:published_time\" content=\"2015-04-11T14:20:56+00:00\" \/>\n<meta property=\"article:modified_time\" content=\"2017-10-12T09:37:27+00:00\" \/>\n<meta property=\"og:image\" content=\"https:\/\/www.berghorizonte.de\/blog\/wp-content\/uploads\/2015\/04\/DSC02710.jpg\" \/>\n\t<meta property=\"og:image:width\" content=\"640\" \/>\n\t<meta property=\"og:image:height\" content=\"480\" \/>\n\t<meta property=\"og:image:type\" content=\"image\/jpeg\" \/>\n<meta name=\"author\" content=\"G\u00e4stebuchbeitrag\" \/>\n<meta name=\"twitter:label1\" content=\"Verfasst von\" \/>\n\t<meta name=\"twitter:data1\" content=\"G\u00e4stebuchbeitrag\" \/>\n\t<meta name=\"twitter:label2\" content=\"Gesch\u00e4tzte Lesezeit\" \/>\n\t<meta name=\"twitter:data2\" content=\"2\u00a0Minuten\" \/>\n<script type=\"application\/ld+json\" class=\"yoast-schema-graph\">{\"@context\":\"https:\\\/\\\/schema.org\",\"@graph\":[{\"@type\":\"Article\",\"@id\":\"https:\\\/\\\/www.berghorizonte.de\\\/blog\\\/klosterfeste_wanderreise_bhutan\\\/#article\",\"isPartOf\":{\"@id\":\"https:\\\/\\\/www.berghorizonte.de\\\/blog\\\/klosterfeste_wanderreise_bhutan\\\/\"},\"author\":{\"name\":\"G\u00e4stebuchbeitrag\",\"@id\":\"https:\\\/\\\/www.berghorizonte.de\\\/blog\\\/#\\\/schema\\\/person\\\/f2bccafdfb2ccdbd7b08e104f8f3f5f4\"},\"headline\":\"G\u00e4stebuch: Bhutan Wanderreise\",\"datePublished\":\"2015-04-11T14:20:56+00:00\",\"dateModified\":\"2017-10-12T09:37:27+00:00\",\"mainEntityOfPage\":{\"@id\":\"https:\\\/\\\/www.berghorizonte.de\\\/blog\\\/klosterfeste_wanderreise_bhutan\\\/\"},\"wordCount\":499,\"commentCount\":0,\"publisher\":{\"@id\":\"https:\\\/\\\/www.berghorizonte.de\\\/blog\\\/#organization\"},\"image\":{\"@id\":\"https:\\\/\\\/www.berghorizonte.de\\\/blog\\\/klosterfeste_wanderreise_bhutan\\\/#primaryimage\"},\"thumbnailUrl\":\"https:\\\/\\\/www.berghorizonte.de\\\/blog\\\/wp-content\\\/uploads\\\/2015\\\/04\\\/DSC02710.jpg\",\"keywords\":[\"Bhutan\",\"Bhutan Bewertung\",\"Bhutan Erlebnisbericht\",\"Bhutan G\u00e4stebuch\",\"Bhutan Reise\",\"Bhutan Trekking\",\"Bhutan Wanderreise\"],\"articleSection\":[\"G\u00e4stebuch\",\"News\",\"Reiseberichte &amp; News\"],\"inLanguage\":\"de\",\"potentialAction\":[{\"@type\":\"CommentAction\",\"name\":\"Comment\",\"target\":[\"https:\\\/\\\/www.berghorizonte.de\\\/blog\\\/klosterfeste_wanderreise_bhutan\\\/#respond\"]}]},{\"@type\":\"WebPage\",\"@id\":\"https:\\\/\\\/www.berghorizonte.de\\\/blog\\\/klosterfeste_wanderreise_bhutan\\\/\",\"url\":\"https:\\\/\\\/www.berghorizonte.de\\\/blog\\\/klosterfeste_wanderreise_bhutan\\\/\",\"name\":\"Trekking und Reisen | berghorizonte.de\",\"isPartOf\":{\"@id\":\"https:\\\/\\\/www.berghorizonte.de\\\/blog\\\/#website\"},\"primaryImageOfPage\":{\"@id\":\"https:\\\/\\\/www.berghorizonte.de\\\/blog\\\/klosterfeste_wanderreise_bhutan\\\/#primaryimage\"},\"image\":{\"@id\":\"https:\\\/\\\/www.berghorizonte.de\\\/blog\\\/klosterfeste_wanderreise_bhutan\\\/#primaryimage\"},\"thumbnailUrl\":\"https:\\\/\\\/www.berghorizonte.de\\\/blog\\\/wp-content\\\/uploads\\\/2015\\\/04\\\/DSC02710.jpg\",\"datePublished\":\"2015-04-11T14:20:56+00:00\",\"dateModified\":\"2017-10-12T09:37:27+00:00\",\"description\":\"Unsere Bhutan Wanderreise war gro\u00dfartig! Die Bhutan Guides (Vishal und Namgey) waren \u00fcber die Ma\u00dfen aufmerksam, freundlich und hilfsbereit -ein tollles Team\",\"breadcrumb\":{\"@id\":\"https:\\\/\\\/www.berghorizonte.de\\\/blog\\\/klosterfeste_wanderreise_bhutan\\\/#breadcrumb\"},\"inLanguage\":\"de\",\"potentialAction\":[{\"@type\":\"ReadAction\",\"target\":[\"https:\\\/\\\/www.berghorizonte.de\\\/blog\\\/klosterfeste_wanderreise_bhutan\\\/\"]}]},{\"@type\":\"ImageObject\",\"inLanguage\":\"de\",\"@id\":\"https:\\\/\\\/www.berghorizonte.de\\\/blog\\\/klosterfeste_wanderreise_bhutan\\\/#primaryimage\",\"url\":\"https:\\\/\\\/www.berghorizonte.de\\\/blog\\\/wp-content\\\/uploads\\\/2015\\\/04\\\/DSC02710.jpg\",\"contentUrl\":\"https:\\\/\\\/www.berghorizonte.de\\\/blog\\\/wp-content\\\/uploads\\\/2015\\\/04\\\/DSC02710.jpg\",\"width\":640,\"height\":480,\"caption\":\"Bhutan Wanderreise nach Bumthang\"},{\"@type\":\"BreadcrumbList\",\"@id\":\"https:\\\/\\\/www.berghorizonte.de\\\/blog\\\/klosterfeste_wanderreise_bhutan\\\/#breadcrumb\",\"itemListElement\":[{\"@type\":\"ListItem\",\"position\":1,\"name\":\"Home\",\"item\":\"https:\\\/\\\/www.berghorizonte.de\\\/blog\\\/\"},{\"@type\":\"ListItem\",\"position\":2,\"name\":\"G\u00e4stebuch: Bhutan Wanderreise\"}]},{\"@type\":\"WebSite\",\"@id\":\"https:\\\/\\\/www.berghorizonte.de\\\/blog\\\/#website\",\"url\":\"https:\\\/\\\/www.berghorizonte.de\\\/blog\\\/\",\"name\":\"Reiseblog\",\"description\":\"Erfahrungen, G\u00e4stebuch und Feedbacks alles rund ums Reisen, Wandern, Trekking in Bhutan, Nepal, Peru, Myanmar...\",\"publisher\":{\"@id\":\"https:\\\/\\\/www.berghorizonte.de\\\/blog\\\/#organization\"},\"potentialAction\":[{\"@type\":\"SearchAction\",\"target\":{\"@type\":\"EntryPoint\",\"urlTemplate\":\"https:\\\/\\\/www.berghorizonte.de\\\/blog\\\/?s={search_term_string}\"},\"query-input\":{\"@type\":\"PropertyValueSpecification\",\"valueRequired\":true,\"valueName\":\"search_term_string\"}}],\"inLanguage\":\"de\"},{\"@type\":\"Organization\",\"@id\":\"https:\\\/\\\/www.berghorizonte.de\\\/blog\\\/#organization\",\"name\":\"berghorizonte\",\"url\":\"https:\\\/\\\/www.berghorizonte.de\\\/blog\\\/\",\"logo\":{\"@type\":\"ImageObject\",\"inLanguage\":\"de\",\"@id\":\"https:\\\/\\\/www.berghorizonte.de\\\/blog\\\/#\\\/schema\\\/logo\\\/image\\\/\",\"url\":\"https:\\\/\\\/www.berghorizonte.de\\\/blog\\\/wp-content\\\/uploads\\\/2014\\\/11\\\/berghorizonte_logo_k.jpg\",\"contentUrl\":\"https:\\\/\\\/www.berghorizonte.de\\\/blog\\\/wp-content\\\/uploads\\\/2014\\\/11\\\/berghorizonte_logo_k.jpg\",\"width\":425,\"height\":236,\"caption\":\"berghorizonte\"},\"image\":{\"@id\":\"https:\\\/\\\/www.berghorizonte.de\\\/blog\\\/#\\\/schema\\\/logo\\\/image\\\/\"}},{\"@type\":\"Person\",\"@id\":\"https:\\\/\\\/www.berghorizonte.de\\\/blog\\\/#\\\/schema\\\/person\\\/f2bccafdfb2ccdbd7b08e104f8f3f5f4\",\"name\":\"G\u00e4stebuchbeitrag\",\"image\":{\"@type\":\"ImageObject\",\"inLanguage\":\"de\",\"@id\":\"https:\\\/\\\/secure.gravatar.com\\\/avatar\\\/2f7ccc3d22d720ff556bf57349708a254825802eaef24c77c3f8936cd3048f39?s=96&d=mm&r=g\",\"url\":\"https:\\\/\\\/secure.gravatar.com\\\/avatar\\\/2f7ccc3d22d720ff556bf57349708a254825802eaef24c77c3f8936cd3048f39?s=96&d=mm&r=g\",\"contentUrl\":\"https:\\\/\\\/secure.gravatar.com\\\/avatar\\\/2f7ccc3d22d720ff556bf57349708a254825802eaef24c77c3f8936cd3048f39?s=96&d=mm&r=g\",\"caption\":\"G\u00e4stebuchbeitrag\"},\"url\":\"https:\\\/\\\/www.berghorizonte.de\\\/blog\\\/author\\\/gast\\\/\"}]}<\/script>\n<!-- \/ Yoast SEO plugin. -->","yoast_head_json":{"title":"Trekking und Reisen | berghorizonte.de","description":"Unsere Bhutan Wanderreise war gro\u00dfartig! Die Bhutan Guides (Vishal und Namgey) waren \u00fcber die Ma\u00dfen aufmerksam, freundlich und hilfsbereit -ein tollles Team","robots":{"index":"index","follow":"follow","max-snippet":"max-snippet:-1","max-image-preview":"max-image-preview:large","max-video-preview":"max-video-preview:-1"},"canonical":"https:\/\/www.berghorizonte.de\/blog\/klosterfeste_wanderreise_bhutan\/","og_locale":"de_DE","og_type":"article","og_title":"Trekking und Reisen | berghorizonte.de","og_description":"Unsere Bhutan Wanderreise war gro\u00dfartig! Die Bhutan Guides (Vishal und Namgey) waren \u00fcber die Ma\u00dfen aufmerksam, freundlich und hilfsbereit -ein tollles Team","og_url":"https:\/\/www.berghorizonte.de\/blog\/klosterfeste_wanderreise_bhutan\/","og_site_name":"Reiseblog","article_published_time":"2015-04-11T14:20:56+00:00","article_modified_time":"2017-10-12T09:37:27+00:00","og_image":[{"width":640,"height":480,"url":"https:\/\/www.berghorizonte.de\/blog\/wp-content\/uploads\/2015\/04\/DSC02710.jpg","type":"image\/jpeg"}],"author":"G\u00e4stebuchbeitrag","twitter_misc":{"Verfasst von":"G\u00e4stebuchbeitrag","Gesch\u00e4tzte Lesezeit":"2\u00a0Minuten"},"schema":{"@context":"https:\/\/schema.org","@graph":[{"@type":"Article","@id":"https:\/\/www.berghorizonte.de\/blog\/klosterfeste_wanderreise_bhutan\/#article","isPartOf":{"@id":"https:\/\/www.berghorizonte.de\/blog\/klosterfeste_wanderreise_bhutan\/"},"author":{"name":"G\u00e4stebuchbeitrag","@id":"https:\/\/www.berghorizonte.de\/blog\/#\/schema\/person\/f2bccafdfb2ccdbd7b08e104f8f3f5f4"},"headline":"G\u00e4stebuch: Bhutan Wanderreise","datePublished":"2015-04-11T14:20:56+00:00","dateModified":"2017-10-12T09:37:27+00:00","mainEntityOfPage":{"@id":"https:\/\/www.berghorizonte.de\/blog\/klosterfeste_wanderreise_bhutan\/"},"wordCount":499,"commentCount":0,"publisher":{"@id":"https:\/\/www.berghorizonte.de\/blog\/#organization"},"image":{"@id":"https:\/\/www.berghorizonte.de\/blog\/klosterfeste_wanderreise_bhutan\/#primaryimage"},"thumbnailUrl":"https:\/\/www.berghorizonte.de\/blog\/wp-content\/uploads\/2015\/04\/DSC02710.jpg","keywords":["Bhutan","Bhutan Bewertung","Bhutan Erlebnisbericht","Bhutan G\u00e4stebuch","Bhutan Reise","Bhutan Trekking","Bhutan Wanderreise"],"articleSection":["G\u00e4stebuch","News","Reiseberichte &amp; News"],"inLanguage":"de","potentialAction":[{"@type":"CommentAction","name":"Comment","target":["https:\/\/www.berghorizonte.de\/blog\/klosterfeste_wanderreise_bhutan\/#respond"]}]},{"@type":"WebPage","@id":"https:\/\/www.berghorizonte.de\/blog\/klosterfeste_wanderreise_bhutan\/","url":"https:\/\/www.berghorizonte.de\/blog\/klosterfeste_wanderreise_bhutan\/","name":"Trekking und Reisen | berghorizonte.de","isPartOf":{"@id":"https:\/\/www.berghorizonte.de\/blog\/#website"},"primaryImageOfPage":{"@id":"https:\/\/www.berghorizonte.de\/blog\/klosterfeste_wanderreise_bhutan\/#primaryimage"},"image":{"@id":"https:\/\/www.berghorizonte.de\/blog\/klosterfeste_wanderreise_bhutan\/#primaryimage"},"thumbnailUrl":"https:\/\/www.berghorizonte.de\/blog\/wp-content\/uploads\/2015\/04\/DSC02710.jpg","datePublished":"2015-04-11T14:20:56+00:00","dateModified":"2017-10-12T09:37:27+00:00","description":"Unsere Bhutan Wanderreise war gro\u00dfartig! Die Bhutan Guides (Vishal und Namgey) waren \u00fcber die Ma\u00dfen aufmerksam, freundlich und hilfsbereit -ein tollles Team","breadcrumb":{"@id":"https:\/\/www.berghorizonte.de\/blog\/klosterfeste_wanderreise_bhutan\/#breadcrumb"},"inLanguage":"de","potentialAction":[{"@type":"ReadAction","target":["https:\/\/www.berghorizonte.de\/blog\/klosterfeste_wanderreise_bhutan\/"]}]},{"@type":"ImageObject","inLanguage":"de","@id":"https:\/\/www.berghorizonte.de\/blog\/klosterfeste_wanderreise_bhutan\/#primaryimage","url":"https:\/\/www.berghorizonte.de\/blog\/wp-content\/uploads\/2015\/04\/DSC02710.jpg","contentUrl":"https:\/\/www.berghorizonte.de\/blog\/wp-content\/uploads\/2015\/04\/DSC02710.jpg","width":640,"height":480,"caption":"Bhutan Wanderreise nach Bumthang"},{"@type":"BreadcrumbList","@id":"https:\/\/www.berghorizonte.de\/blog\/klosterfeste_wanderreise_bhutan\/#breadcrumb","itemListElement":[{"@type":"ListItem","position":1,"name":"Home","item":"https:\/\/www.berghorizonte.de\/blog\/"},{"@type":"ListItem","position":2,"name":"G\u00e4stebuch: Bhutan Wanderreise"}]},{"@type":"WebSite","@id":"https:\/\/www.berghorizonte.de\/blog\/#website","url":"https:\/\/www.berghorizonte.de\/blog\/","name":"Reiseblog","description":"Erfahrungen, G\u00e4stebuch und Feedbacks alles rund ums Reisen, Wandern, Trekking in Bhutan, Nepal, Peru, Myanmar...","publisher":{"@id":"https:\/\/www.berghorizonte.de\/blog\/#organization"},"potentialAction":[{"@type":"SearchAction","target":{"@type":"EntryPoint","urlTemplate":"https:\/\/www.berghorizonte.de\/blog\/?s={search_term_string}"},"query-input":{"@type":"PropertyValueSpecification","valueRequired":true,"valueName":"search_term_string"}}],"inLanguage":"de"},{"@type":"Organization","@id":"https:\/\/www.berghorizonte.de\/blog\/#organization","name":"berghorizonte","url":"https:\/\/www.berghorizonte.de\/blog\/","logo":{"@type":"ImageObject","inLanguage":"de","@id":"https:\/\/www.berghorizonte.de\/blog\/#\/schema\/logo\/image\/","url":"https:\/\/www.berghorizonte.de\/blog\/wp-content\/uploads\/2014\/11\/berghorizonte_logo_k.jpg","contentUrl":"https:\/\/www.berghorizonte.de\/blog\/wp-content\/uploads\/2014\/11\/berghorizonte_logo_k.jpg","width":425,"height":236,"caption":"berghorizonte"},"image":{"@id":"https:\/\/www.berghorizonte.de\/blog\/#\/schema\/logo\/image\/"}},{"@type":"Person","@id":"https:\/\/www.berghorizonte.de\/blog\/#\/schema\/person\/f2bccafdfb2ccdbd7b08e104f8f3f5f4","name":"G\u00e4stebuchbeitrag","image":{"@type":"ImageObject","inLanguage":"de","@id":"https:\/\/secure.gravatar.com\/avatar\/2f7ccc3d22d720ff556bf57349708a254825802eaef24c77c3f8936cd3048f39?s=96&d=mm&r=g","url":"https:\/\/secure.gravatar.com\/avatar\/2f7ccc3d22d720ff556bf57349708a254825802eaef24c77c3f8936cd3048f39?s=96&d=mm&r=g","contentUrl":"https:\/\/secure.gravatar.com\/avatar\/2f7ccc3d22d720ff556bf57349708a254825802eaef24c77c3f8936cd3048f39?s=96&d=mm&r=g","caption":"G\u00e4stebuchbeitrag"},"url":"https:\/\/www.berghorizonte.de\/blog\/author\/gast\/"}]}},"_links":{"self":[{"href":"https:\/\/www.berghorizonte.de\/blog\/wp-json\/wp\/v2\/posts\/1418","targetHints":{"allow":["GET"]}}],"collection":[{"href":"https:\/\/www.berghorizonte.de\/blog\/wp-json\/wp\/v2\/posts"}],"about":[{"href":"https:\/\/www.berghorizonte.de\/blog\/wp-json\/wp\/v2\/types\/post"}],"author":[{"embeddable":true,"href":"https:\/\/www.berghorizonte.de\/blog\/wp-json\/wp\/v2\/users\/5"}],"replies":[{"embeddable":true,"href":"https:\/\/www.berghorizonte.de\/blog\/wp-json\/wp\/v2\/comments?post=1418"}],"version-history":[{"count":5,"href":"https:\/\/www.berghorizonte.de\/blog\/wp-json\/wp\/v2\/posts\/1418\/revisions"}],"predecessor-version":[{"id":3955,"href":"https:\/\/www.berghorizonte.de\/blog\/wp-json\/wp\/v2\/posts\/1418\/revisions\/3955"}],"wp:featuredmedia":[{"embeddable":true,"href":"https:\/\/www.berghorizonte.de\/blog\/wp-json\/wp\/v2\/media\/1419"}],"wp:attachment":[{"href":"https:\/\/www.berghorizonte.de\/blog\/wp-json\/wp\/v2\/media?parent=1418"}],"wp:term":[{"taxonomy":"category","embeddable":true,"href":"https:\/\/www.berghorizonte.de\/blog\/wp-json\/wp\/v2\/categories?post=1418"},{"taxonomy":"post_tag","embeddable":true,"href":"https:\/\/www.berghorizonte.de\/blog\/wp-json\/wp\/v2\/tags?post=1418"}],"curies":[{"name":"wp","href":"https:\/\/api.w.org\/{rel}","templated":true}]}}