{"id":1641,"date":"2015-08-07T11:56:13","date_gmt":"2015-08-07T09:56:13","guid":{"rendered":"https:\/\/www.berghorizonte.de\/blog\/?p=1641"},"modified":"2017-10-12T11:23:54","modified_gmt":"2017-10-12T09:23:54","slug":"bhutantrekking_bhutan_reise_feedback","status":"publish","type":"post","link":"https:\/\/www.berghorizonte.de\/blog\/bhutantrekking_bhutan_reise_feedback\/","title":{"rendered":"Bhutantrekking Reisefeedback"},"content":{"rendered":"<p>Hallo liebes berghorizonte Team,<\/p>\n<p>gerne schreibe ich ein paar pers\u00f6nliche Worte zu unserem wirklich besonderem Bhutantrekking. Es hat alles geklappt. Unser Guide Harka war ganz toll und stets bem\u00fcht unsere W\u00fcnsche zu erf\u00fcllen. Von der Crew sind der Fahrer Sangay und der Headcook, Gambo \u00a0besonders zu erw\u00e4hnen.<\/p>\n<p>Der eine hat uns sicher durch die Gegend gefahren, der Koch hat an den Treks immer f\u00fcr tolles Essen gesorgt. Besseres Essen als in den Hotels und Restaurants, in denen wir waren; obwohl wir nirgends unzufrieden waren. Die Zelte waren hervorragend; f\u00fcr 2 Personen aber doch etwas eng!! Die Hotelunterk\u00fcnfte waren durchwegs in Ordnung. Nicht ganz gl\u00fccklich, aber ok war der Hotelwechsel in Paro nach dem Samtengang Trek. Wir sind am sp\u00e4ten Nachmittag im Naksel eingezogen und waren n\u00e4chsten Morgen mit Sack und Pack wegen des Klosterfestes\u00a0 schon wieder weg. War halt nicht anders m\u00f6glich. Wir haben das schon hingebracht. Diskutiert haben wir den \u00a0jeweils letzten Tag beider Treks. \u00a0Beim Samtengangtrek h\u00e4tten man sich die letzte Zelt\u00fcbernachtung\u00a0 ebendort sparen und schon nach Paro fahren k\u00f6nnen. Besonders wegen des anstehenden Hotelwechsels. \u00c4hnlich war es auch beim Druk Path Trek,; da waren wir auch schon zu Mittag des 3. Tages am Zeltplatz und haben 24 Stunden eigentlich nicht viel gemacht. Letztlich hat mir das Programm, wie es war aber zugesagt. Sie sollten nur wissen, was so besprochen wurde.<\/p>\n<p>Alles in allem war das Bhutantrekking gro\u00dfartig!<\/p>\n<p>Beste Gr\u00fc\u00dfe aus dem sonnigen Linz!<\/p>\n<p>Gert K.<\/p>\n<h2><a href=\"https:\/\/www.berghorizonte.de\/bhutan\/gruppenreisen-in-bhutan.html#content_part\" target=\"_blank\" rel=\"noopener\">Zu unserem Bhutantrekking<\/a><\/h2>\n<p><em>Klein aber fein &#8211; unsere Kleingruppenreisen nach Bhutan sind sehr individuell und \u00fcbersichtlich gestaltet, somit k\u00f6nnen wir z.B. auch einheimische Familien in Farm Lodges besuchen und es bleibt viel Spielraum f\u00fcr spontane Erlebnisse, die man vorher nicht planen oder vorsehen kann! Unsere einheimischen Guides kennen die Region bestens und werden von uns sprachlich in deutsch und englisch ausgebildet! <\/em><br \/>\n<em>&#8230;Sie suchen Mitreisende f\u00fcr eine Trekkingtour, Rund- oder Kulturreise? Sie wollen Bhutan individuell in einer kleinen Gruppe aktiv entdecken? Dann sind Sie hier richtig&#8230;Unser Ziel ist es: Alleinreisende zusammen zu bringen und Ihnen ein individuelles Reiseerlebnis in einer kleinen Gruppe zu erm\u00f6glichen.<\/em><\/p>\n","protected":false},"excerpt":{"rendered":"<p>Hallo liebes berghorizonte Team, gerne schreibe ich ein paar pers\u00f6nliche Worte zu unserem wirklich besonderem Bhutantrekking. Es hat alles geklappt. Unser Guide Harka war ganz  [&#8230;]<\/p>\n","protected":false},"author":5,"featured_media":1835,"comment_status":"open","ping_status":"open","sticky":false,"template":"","format":"standard","meta":{"footnotes":""},"categories":[5,16,6],"tags":[19,62,180,75,85,31,33],"class_list":["post-1641","post","type-post","status-publish","format-standard","has-post-thumbnail","hentry","category-gastebuch-2","category-news","category-nepal","tag-bhutan","tag-bhutan-bewertung","tag-bhutan-erlebnisbericht","tag-bhutan-feedback","tag-bhutan-gastebuch","tag-bhutan-reisen","tag-bhutan-trekking"],"yoast_head":"<!-- This site is optimized with the Yoast SEO plugin v27.5 - https:\/\/yoast.com\/product\/yoast-seo-wordpress\/ -->\n<title>Trekking und Reisen | berghorizonte.de<\/title>\n<meta name=\"description\" content=\"gerne schreibe ich ein paar pers\u00f6nliche Worte zu unserem wirklich besonderen Bhutantrekking. Es hat alles super gepasst - die Bewertung der Reise ist super!\" \/>\n<meta name=\"robots\" content=\"index, follow, max-snippet:-1, max-image-preview:large, max-video-preview:-1\" \/>\n<link rel=\"canonical\" href=\"https:\/\/www.berghorizonte.de\/blog\/bhutantrekking_bhutan_reise_feedback\/\" \/>\n<meta property=\"og:locale\" content=\"de_DE\" \/>\n<meta property=\"og:type\" content=\"article\" \/>\n<meta property=\"og:title\" content=\"Trekking und Reisen | berghorizonte.de\" \/>\n<meta property=\"og:description\" content=\"gerne schreibe ich ein paar pers\u00f6nliche Worte zu unserem wirklich besonderen Bhutantrekking. Es hat alles super gepasst - die Bewertung der Reise ist super!\" \/>\n<meta property=\"og:url\" content=\"https:\/\/www.berghorizonte.de\/blog\/bhutantrekking_bhutan_reise_feedback\/\" \/>\n<meta property=\"og:site_name\" content=\"Reiseblog\" \/>\n<meta property=\"article:published_time\" content=\"2015-08-07T09:56:13+00:00\" \/>\n<meta property=\"article:modified_time\" content=\"2017-10-12T09:23:54+00:00\" \/>\n<meta property=\"og:image\" content=\"https:\/\/www.berghorizonte.de\/blog\/wp-content\/uploads\/2015\/08\/Bhutan_Reisen-Trekking-by-berghorizonte-431-800x530.jpg\" \/>\n\t<meta property=\"og:image:width\" content=\"800\" \/>\n\t<meta property=\"og:image:height\" content=\"530\" \/>\n\t<meta property=\"og:image:type\" content=\"image\/jpeg\" \/>\n<meta name=\"author\" content=\"G\u00e4stebuchbeitrag\" \/>\n<meta name=\"twitter:label1\" content=\"Verfasst von\" \/>\n\t<meta name=\"twitter:data1\" content=\"G\u00e4stebuchbeitrag\" \/>\n\t<meta name=\"twitter:label2\" content=\"Gesch\u00e4tzte Lesezeit\" \/>\n\t<meta name=\"twitter:data2\" content=\"2\u00a0Minuten\" \/>\n<script type=\"application\/ld+json\" class=\"yoast-schema-graph\">{\"@context\":\"https:\\\/\\\/schema.org\",\"@graph\":[{\"@type\":\"Article\",\"@id\":\"https:\\\/\\\/www.berghorizonte.de\\\/blog\\\/bhutantrekking_bhutan_reise_feedback\\\/#article\",\"isPartOf\":{\"@id\":\"https:\\\/\\\/www.berghorizonte.de\\\/blog\\\/bhutantrekking_bhutan_reise_feedback\\\/\"},\"author\":{\"name\":\"G\u00e4stebuchbeitrag\",\"@id\":\"https:\\\/\\\/www.berghorizonte.de\\\/blog\\\/#\\\/schema\\\/person\\\/f2bccafdfb2ccdbd7b08e104f8f3f5f4\"},\"headline\":\"Bhutantrekking Reisefeedback\",\"datePublished\":\"2015-08-07T09:56:13+00:00\",\"dateModified\":\"2017-10-12T09:23:54+00:00\",\"mainEntityOfPage\":{\"@id\":\"https:\\\/\\\/www.berghorizonte.de\\\/blog\\\/bhutantrekking_bhutan_reise_feedback\\\/\"},\"wordCount\":363,\"commentCount\":0,\"publisher\":{\"@id\":\"https:\\\/\\\/www.berghorizonte.de\\\/blog\\\/#organization\"},\"image\":{\"@id\":\"https:\\\/\\\/www.berghorizonte.de\\\/blog\\\/bhutantrekking_bhutan_reise_feedback\\\/#primaryimage\"},\"thumbnailUrl\":\"https:\\\/\\\/www.berghorizonte.de\\\/blog\\\/wp-content\\\/uploads\\\/2015\\\/08\\\/Bhutan_Reisen-Trekking-by-berghorizonte-431-800x530.jpg\",\"keywords\":[\"Bhutan\",\"Bhutan Bewertung\",\"Bhutan Erlebnisbericht\",\"Bhutan Feedback\",\"Bhutan G\u00e4stebuch\",\"Bhutan Reisen\",\"Bhutan Trekking\"],\"articleSection\":[\"G\u00e4stebuch\",\"News\",\"Reiseberichte &amp; News\"],\"inLanguage\":\"de\",\"potentialAction\":[{\"@type\":\"CommentAction\",\"name\":\"Comment\",\"target\":[\"https:\\\/\\\/www.berghorizonte.de\\\/blog\\\/bhutantrekking_bhutan_reise_feedback\\\/#respond\"]}]},{\"@type\":\"WebPage\",\"@id\":\"https:\\\/\\\/www.berghorizonte.de\\\/blog\\\/bhutantrekking_bhutan_reise_feedback\\\/\",\"url\":\"https:\\\/\\\/www.berghorizonte.de\\\/blog\\\/bhutantrekking_bhutan_reise_feedback\\\/\",\"name\":\"Trekking und Reisen | berghorizonte.de\",\"isPartOf\":{\"@id\":\"https:\\\/\\\/www.berghorizonte.de\\\/blog\\\/#website\"},\"primaryImageOfPage\":{\"@id\":\"https:\\\/\\\/www.berghorizonte.de\\\/blog\\\/bhutantrekking_bhutan_reise_feedback\\\/#primaryimage\"},\"image\":{\"@id\":\"https:\\\/\\\/www.berghorizonte.de\\\/blog\\\/bhutantrekking_bhutan_reise_feedback\\\/#primaryimage\"},\"thumbnailUrl\":\"https:\\\/\\\/www.berghorizonte.de\\\/blog\\\/wp-content\\\/uploads\\\/2015\\\/08\\\/Bhutan_Reisen-Trekking-by-berghorizonte-431-800x530.jpg\",\"datePublished\":\"2015-08-07T09:56:13+00:00\",\"dateModified\":\"2017-10-12T09:23:54+00:00\",\"description\":\"gerne schreibe ich ein paar pers\u00f6nliche Worte zu unserem wirklich besonderen Bhutantrekking. Es hat alles super gepasst - die Bewertung der Reise ist super!\",\"breadcrumb\":{\"@id\":\"https:\\\/\\\/www.berghorizonte.de\\\/blog\\\/bhutantrekking_bhutan_reise_feedback\\\/#breadcrumb\"},\"inLanguage\":\"de\",\"potentialAction\":[{\"@type\":\"ReadAction\",\"target\":[\"https:\\\/\\\/www.berghorizonte.de\\\/blog\\\/bhutantrekking_bhutan_reise_feedback\\\/\"]}]},{\"@type\":\"ImageObject\",\"inLanguage\":\"de\",\"@id\":\"https:\\\/\\\/www.berghorizonte.de\\\/blog\\\/bhutantrekking_bhutan_reise_feedback\\\/#primaryimage\",\"url\":\"https:\\\/\\\/www.berghorizonte.de\\\/blog\\\/wp-content\\\/uploads\\\/2015\\\/08\\\/Bhutan_Reisen-Trekking-by-berghorizonte-431-800x530.jpg\",\"contentUrl\":\"https:\\\/\\\/www.berghorizonte.de\\\/blog\\\/wp-content\\\/uploads\\\/2015\\\/08\\\/Bhutan_Reisen-Trekking-by-berghorizonte-431-800x530.jpg\",\"width\":800,\"height\":530,\"caption\":\"Bhutantrekking & Reisen mit dem Experten berghorizonte\"},{\"@type\":\"BreadcrumbList\",\"@id\":\"https:\\\/\\\/www.berghorizonte.de\\\/blog\\\/bhutantrekking_bhutan_reise_feedback\\\/#breadcrumb\",\"itemListElement\":[{\"@type\":\"ListItem\",\"position\":1,\"name\":\"Home\",\"item\":\"https:\\\/\\\/www.berghorizonte.de\\\/blog\\\/\"},{\"@type\":\"ListItem\",\"position\":2,\"name\":\"Bhutantrekking Reisefeedback\"}]},{\"@type\":\"WebSite\",\"@id\":\"https:\\\/\\\/www.berghorizonte.de\\\/blog\\\/#website\",\"url\":\"https:\\\/\\\/www.berghorizonte.de\\\/blog\\\/\",\"name\":\"Reiseblog\",\"description\":\"Erfahrungen, G\u00e4stebuch und Feedbacks alles rund ums Reisen, Wandern, Trekking in Bhutan, Nepal, Peru, Myanmar...\",\"publisher\":{\"@id\":\"https:\\\/\\\/www.berghorizonte.de\\\/blog\\\/#organization\"},\"potentialAction\":[{\"@type\":\"SearchAction\",\"target\":{\"@type\":\"EntryPoint\",\"urlTemplate\":\"https:\\\/\\\/www.berghorizonte.de\\\/blog\\\/?s={search_term_string}\"},\"query-input\":{\"@type\":\"PropertyValueSpecification\",\"valueRequired\":true,\"valueName\":\"search_term_string\"}}],\"inLanguage\":\"de\"},{\"@type\":\"Organization\",\"@id\":\"https:\\\/\\\/www.berghorizonte.de\\\/blog\\\/#organization\",\"name\":\"berghorizonte\",\"url\":\"https:\\\/\\\/www.berghorizonte.de\\\/blog\\\/\",\"logo\":{\"@type\":\"ImageObject\",\"inLanguage\":\"de\",\"@id\":\"https:\\\/\\\/www.berghorizonte.de\\\/blog\\\/#\\\/schema\\\/logo\\\/image\\\/\",\"url\":\"https:\\\/\\\/www.berghorizonte.de\\\/blog\\\/wp-content\\\/uploads\\\/2014\\\/11\\\/berghorizonte_logo_k.jpg\",\"contentUrl\":\"https:\\\/\\\/www.berghorizonte.de\\\/blog\\\/wp-content\\\/uploads\\\/2014\\\/11\\\/berghorizonte_logo_k.jpg\",\"width\":425,\"height\":236,\"caption\":\"berghorizonte\"},\"image\":{\"@id\":\"https:\\\/\\\/www.berghorizonte.de\\\/blog\\\/#\\\/schema\\\/logo\\\/image\\\/\"}},{\"@type\":\"Person\",\"@id\":\"https:\\\/\\\/www.berghorizonte.de\\\/blog\\\/#\\\/schema\\\/person\\\/f2bccafdfb2ccdbd7b08e104f8f3f5f4\",\"name\":\"G\u00e4stebuchbeitrag\",\"image\":{\"@type\":\"ImageObject\",\"inLanguage\":\"de\",\"@id\":\"https:\\\/\\\/secure.gravatar.com\\\/avatar\\\/2f7ccc3d22d720ff556bf57349708a254825802eaef24c77c3f8936cd3048f39?s=96&d=mm&r=g\",\"url\":\"https:\\\/\\\/secure.gravatar.com\\\/avatar\\\/2f7ccc3d22d720ff556bf57349708a254825802eaef24c77c3f8936cd3048f39?s=96&d=mm&r=g\",\"contentUrl\":\"https:\\\/\\\/secure.gravatar.com\\\/avatar\\\/2f7ccc3d22d720ff556bf57349708a254825802eaef24c77c3f8936cd3048f39?s=96&d=mm&r=g\",\"caption\":\"G\u00e4stebuchbeitrag\"},\"url\":\"https:\\\/\\\/www.berghorizonte.de\\\/blog\\\/author\\\/gast\\\/\"}]}<\/script>\n<!-- \/ Yoast SEO plugin. -->","yoast_head_json":{"title":"Trekking und Reisen | berghorizonte.de","description":"gerne schreibe ich ein paar pers\u00f6nliche Worte zu unserem wirklich besonderen Bhutantrekking. Es hat alles super gepasst - die Bewertung der Reise ist super!","robots":{"index":"index","follow":"follow","max-snippet":"max-snippet:-1","max-image-preview":"max-image-preview:large","max-video-preview":"max-video-preview:-1"},"canonical":"https:\/\/www.berghorizonte.de\/blog\/bhutantrekking_bhutan_reise_feedback\/","og_locale":"de_DE","og_type":"article","og_title":"Trekking und Reisen | berghorizonte.de","og_description":"gerne schreibe ich ein paar pers\u00f6nliche Worte zu unserem wirklich besonderen Bhutantrekking. Es hat alles super gepasst - die Bewertung der Reise ist super!","og_url":"https:\/\/www.berghorizonte.de\/blog\/bhutantrekking_bhutan_reise_feedback\/","og_site_name":"Reiseblog","article_published_time":"2015-08-07T09:56:13+00:00","article_modified_time":"2017-10-12T09:23:54+00:00","og_image":[{"width":800,"height":530,"url":"https:\/\/www.berghorizonte.de\/blog\/wp-content\/uploads\/2015\/08\/Bhutan_Reisen-Trekking-by-berghorizonte-431-800x530.jpg","type":"image\/jpeg"}],"author":"G\u00e4stebuchbeitrag","twitter_misc":{"Verfasst von":"G\u00e4stebuchbeitrag","Gesch\u00e4tzte Lesezeit":"2\u00a0Minuten"},"schema":{"@context":"https:\/\/schema.org","@graph":[{"@type":"Article","@id":"https:\/\/www.berghorizonte.de\/blog\/bhutantrekking_bhutan_reise_feedback\/#article","isPartOf":{"@id":"https:\/\/www.berghorizonte.de\/blog\/bhutantrekking_bhutan_reise_feedback\/"},"author":{"name":"G\u00e4stebuchbeitrag","@id":"https:\/\/www.berghorizonte.de\/blog\/#\/schema\/person\/f2bccafdfb2ccdbd7b08e104f8f3f5f4"},"headline":"Bhutantrekking Reisefeedback","datePublished":"2015-08-07T09:56:13+00:00","dateModified":"2017-10-12T09:23:54+00:00","mainEntityOfPage":{"@id":"https:\/\/www.berghorizonte.de\/blog\/bhutantrekking_bhutan_reise_feedback\/"},"wordCount":363,"commentCount":0,"publisher":{"@id":"https:\/\/www.berghorizonte.de\/blog\/#organization"},"image":{"@id":"https:\/\/www.berghorizonte.de\/blog\/bhutantrekking_bhutan_reise_feedback\/#primaryimage"},"thumbnailUrl":"https:\/\/www.berghorizonte.de\/blog\/wp-content\/uploads\/2015\/08\/Bhutan_Reisen-Trekking-by-berghorizonte-431-800x530.jpg","keywords":["Bhutan","Bhutan Bewertung","Bhutan Erlebnisbericht","Bhutan Feedback","Bhutan G\u00e4stebuch","Bhutan Reisen","Bhutan Trekking"],"articleSection":["G\u00e4stebuch","News","Reiseberichte &amp; News"],"inLanguage":"de","potentialAction":[{"@type":"CommentAction","name":"Comment","target":["https:\/\/www.berghorizonte.de\/blog\/bhutantrekking_bhutan_reise_feedback\/#respond"]}]},{"@type":"WebPage","@id":"https:\/\/www.berghorizonte.de\/blog\/bhutantrekking_bhutan_reise_feedback\/","url":"https:\/\/www.berghorizonte.de\/blog\/bhutantrekking_bhutan_reise_feedback\/","name":"Trekking und Reisen | berghorizonte.de","isPartOf":{"@id":"https:\/\/www.berghorizonte.de\/blog\/#website"},"primaryImageOfPage":{"@id":"https:\/\/www.berghorizonte.de\/blog\/bhutantrekking_bhutan_reise_feedback\/#primaryimage"},"image":{"@id":"https:\/\/www.berghorizonte.de\/blog\/bhutantrekking_bhutan_reise_feedback\/#primaryimage"},"thumbnailUrl":"https:\/\/www.berghorizonte.de\/blog\/wp-content\/uploads\/2015\/08\/Bhutan_Reisen-Trekking-by-berghorizonte-431-800x530.jpg","datePublished":"2015-08-07T09:56:13+00:00","dateModified":"2017-10-12T09:23:54+00:00","description":"gerne schreibe ich ein paar pers\u00f6nliche Worte zu unserem wirklich besonderen Bhutantrekking. Es hat alles super gepasst - die Bewertung der Reise ist super!","breadcrumb":{"@id":"https:\/\/www.berghorizonte.de\/blog\/bhutantrekking_bhutan_reise_feedback\/#breadcrumb"},"inLanguage":"de","potentialAction":[{"@type":"ReadAction","target":["https:\/\/www.berghorizonte.de\/blog\/bhutantrekking_bhutan_reise_feedback\/"]}]},{"@type":"ImageObject","inLanguage":"de","@id":"https:\/\/www.berghorizonte.de\/blog\/bhutantrekking_bhutan_reise_feedback\/#primaryimage","url":"https:\/\/www.berghorizonte.de\/blog\/wp-content\/uploads\/2015\/08\/Bhutan_Reisen-Trekking-by-berghorizonte-431-800x530.jpg","contentUrl":"https:\/\/www.berghorizonte.de\/blog\/wp-content\/uploads\/2015\/08\/Bhutan_Reisen-Trekking-by-berghorizonte-431-800x530.jpg","width":800,"height":530,"caption":"Bhutantrekking & Reisen mit dem Experten berghorizonte"},{"@type":"BreadcrumbList","@id":"https:\/\/www.berghorizonte.de\/blog\/bhutantrekking_bhutan_reise_feedback\/#breadcrumb","itemListElement":[{"@type":"ListItem","position":1,"name":"Home","item":"https:\/\/www.berghorizonte.de\/blog\/"},{"@type":"ListItem","position":2,"name":"Bhutantrekking Reisefeedback"}]},{"@type":"WebSite","@id":"https:\/\/www.berghorizonte.de\/blog\/#website","url":"https:\/\/www.berghorizonte.de\/blog\/","name":"Reiseblog","description":"Erfahrungen, G\u00e4stebuch und Feedbacks alles rund ums Reisen, Wandern, Trekking in Bhutan, Nepal, Peru, Myanmar...","publisher":{"@id":"https:\/\/www.berghorizonte.de\/blog\/#organization"},"potentialAction":[{"@type":"SearchAction","target":{"@type":"EntryPoint","urlTemplate":"https:\/\/www.berghorizonte.de\/blog\/?s={search_term_string}"},"query-input":{"@type":"PropertyValueSpecification","valueRequired":true,"valueName":"search_term_string"}}],"inLanguage":"de"},{"@type":"Organization","@id":"https:\/\/www.berghorizonte.de\/blog\/#organization","name":"berghorizonte","url":"https:\/\/www.berghorizonte.de\/blog\/","logo":{"@type":"ImageObject","inLanguage":"de","@id":"https:\/\/www.berghorizonte.de\/blog\/#\/schema\/logo\/image\/","url":"https:\/\/www.berghorizonte.de\/blog\/wp-content\/uploads\/2014\/11\/berghorizonte_logo_k.jpg","contentUrl":"https:\/\/www.berghorizonte.de\/blog\/wp-content\/uploads\/2014\/11\/berghorizonte_logo_k.jpg","width":425,"height":236,"caption":"berghorizonte"},"image":{"@id":"https:\/\/www.berghorizonte.de\/blog\/#\/schema\/logo\/image\/"}},{"@type":"Person","@id":"https:\/\/www.berghorizonte.de\/blog\/#\/schema\/person\/f2bccafdfb2ccdbd7b08e104f8f3f5f4","name":"G\u00e4stebuchbeitrag","image":{"@type":"ImageObject","inLanguage":"de","@id":"https:\/\/secure.gravatar.com\/avatar\/2f7ccc3d22d720ff556bf57349708a254825802eaef24c77c3f8936cd3048f39?s=96&d=mm&r=g","url":"https:\/\/secure.gravatar.com\/avatar\/2f7ccc3d22d720ff556bf57349708a254825802eaef24c77c3f8936cd3048f39?s=96&d=mm&r=g","contentUrl":"https:\/\/secure.gravatar.com\/avatar\/2f7ccc3d22d720ff556bf57349708a254825802eaef24c77c3f8936cd3048f39?s=96&d=mm&r=g","caption":"G\u00e4stebuchbeitrag"},"url":"https:\/\/www.berghorizonte.de\/blog\/author\/gast\/"}]}},"_links":{"self":[{"href":"https:\/\/www.berghorizonte.de\/blog\/wp-json\/wp\/v2\/posts\/1641","targetHints":{"allow":["GET"]}}],"collection":[{"href":"https:\/\/www.berghorizonte.de\/blog\/wp-json\/wp\/v2\/posts"}],"about":[{"href":"https:\/\/www.berghorizonte.de\/blog\/wp-json\/wp\/v2\/types\/post"}],"author":[{"embeddable":true,"href":"https:\/\/www.berghorizonte.de\/blog\/wp-json\/wp\/v2\/users\/5"}],"replies":[{"embeddable":true,"href":"https:\/\/www.berghorizonte.de\/blog\/wp-json\/wp\/v2\/comments?post=1641"}],"version-history":[{"count":13,"href":"https:\/\/www.berghorizonte.de\/blog\/wp-json\/wp\/v2\/posts\/1641\/revisions"}],"predecessor-version":[{"id":3936,"href":"https:\/\/www.berghorizonte.de\/blog\/wp-json\/wp\/v2\/posts\/1641\/revisions\/3936"}],"wp:featuredmedia":[{"embeddable":true,"href":"https:\/\/www.berghorizonte.de\/blog\/wp-json\/wp\/v2\/media\/1835"}],"wp:attachment":[{"href":"https:\/\/www.berghorizonte.de\/blog\/wp-json\/wp\/v2\/media?parent=1641"}],"wp:term":[{"taxonomy":"category","embeddable":true,"href":"https:\/\/www.berghorizonte.de\/blog\/wp-json\/wp\/v2\/categories?post=1641"},{"taxonomy":"post_tag","embeddable":true,"href":"https:\/\/www.berghorizonte.de\/blog\/wp-json\/wp\/v2\/tags?post=1641"}],"curies":[{"name":"wp","href":"https:\/\/api.w.org\/{rel}","templated":true}]}}