{"id":178,"date":"2013-07-24T17:15:45","date_gmt":"2013-07-24T15:15:45","guid":{"rendered":"https:\/\/www.berghorizonte.de\/blog\/?p=178"},"modified":"2017-10-12T13:34:55","modified_gmt":"2017-10-12T11:34:55","slug":"fair-verreisen-und-horizonte-erweitern-by-berghorizonte-2","status":"publish","type":"post","link":"https:\/\/www.berghorizonte.de\/blog\/fair-verreisen-und-horizonte-erweitern-by-berghorizonte-2\/","title":{"rendered":"Fair verreisen und Horizonte erweitern &#8211; by berghorizonte"},"content":{"rendered":"<div>\n<p>Mit dem Spezialreiseveranstalter berghorizonte exklusive Urlaubserlebnisse erleben Sie reisen als Premiumkunde, sind au\u00dfergew\u00f6hnlichen Eindr\u00fccken ganz nah und folgen dem Leitgedanken der Nachhaltigkeit. Mit dem Reiseveranstalter berghorizonte (<a href=\"https:\/\/www.berghorizonte.de\/\">https:\/\/www.berghorizonte.de\/<\/a>) entdecken Sie neue Horizonte auf eine au\u00dfergew\u00f6hnlich individuelle Art.<\/p>\n<p>Das Team von berghorizonte konzentriert sich vollends auf das optimale Reiseerlebnis seiner Kunden. Mit pers\u00f6nlichen Geheimtipps sind die Reisenden ihren Urlaubszielen ganz nah. Auf den hochwertigen Kultur- und Trekkingreisen, beispielsweise nach Bhutan, Nepal, Tibet, Ladakh, Myanmar, Peru oder Patagonien erhalten Touristen unvergleichliche Einblicke in die Kultur und Lebensart des jeweiligen Landes.Seit 17 Jahren ist der Inhaber von berghorizontenunmehr im Dienste seiner Kunden unterwegs und lebt dabei die Philosophie des fairen Reisens.<\/p>\n<p>Der Leitgedanke des Unternehmens \u201eNeue Horizonte nachhaltig erleben\u201c umschreibt jede gepr\u00fcfte und exklusiv angebotene Reise wie kaum ein anderes Motto. Reiseexperte und Firmenchef Christian Schubert arbeitet deshalb auch ausschlie\u00dflich mit einheimischen und gut ausgebildeten Guides, Lodges- und Hotelbesitzern zusammen, die diesen \u00f6kologischen und humanit\u00e4ren Grundsatz erf\u00fcllen. Individuelle Betreuung anstatt MassentourismusWeit ab vom Massentourismus erleben Reisende, die sich dem Team von berghorizonteanvertrauen, unverf\u00e4lschte Kultur- und Berglandschaften, wie etwa am Himalaya oder in den Anden. Gerade auf den <a href=\"https:\/\/www.berghorizonte.de\/bhutan\/reisen-nach-bhutan.html\">Bhutan Reisen<\/a>\u2013 ein beinahe unentdecktes Reiseziel, das sich erst seit geraumer Zeit dem Tourismus \u00f6ffnet \u2013 wird Trecking mit einem einheimischen Reiseleiter zum unvergleichlichen Erlebnis inmitten urspr\u00fcnglicher Natur und Tierpopulationen.<\/p>\n<p>Es ist vor allem aber auch die individuelle und pers\u00f6nliche Betreuung, die das Reisen mit dem Team von berghorizonte einmalig erscheinen l\u00e4sst. So k\u00f6nnen die Reisenden beispielsweise ihre Aktivit\u00e4ten vor Ort oder die gew\u00fcnschten Unterk\u00fcnfte vom Home Stay bis zum Luxus Hotel oder der Lodge flexibel w\u00e4hlen und sind so v\u00f6llig frei in der Urlaubsgestaltung. Selbst die Fl\u00fcge zum Reiseziel k\u00f6nnen selbst gebucht werden. Damit ist der Spezialreiseveranstalter stets bem\u00fcht, das optimale Preis-Leistungsverh\u00e4ltnis zu bieten. Zudem steht stets die harmonische Einbindung der Reisenden in die Naturgegebenheiten und das Leben der Einheimischen im Vordergrund der Urlaubsplanung. Niemals sollten die Reisenden, die mit einem Team von berghorizonte unterwegs sind, als Eindringlinge empfunden werden. Vielmehr legt das Team gro\u00dfen Wert darauf, die G\u00e4ste als Entwicklungs-Reisende vorzustellen und mit ihnen auch einen Gewinn f\u00fcr das Land, in dem die Reise stattfindet, zu erzielen. Ihr Reiseleiter begleitet Sie quasi wie ein Freund! Die Bev\u00f6lkerung sollte demnach von der Tour profitieren und die Reisenden m\u00f6glichst pers\u00f6nlich kennen lernen.<\/p>\n<p>Schlussendlich kann man diesen hohen Anspr\u00fcchen nur mit einem Spezialreiseveranstalter gerecht werden und ben\u00f6tigt Menschen um sich, die bereits vor Ort waren und jedes Detail pers\u00f6nlich getestet haben. Darin k\u00f6nnen sich die Kunden von berghorizonte sicher sein. Das Team erf\u00fcllt einen hohen Qualit\u00e4tsanspruch mit einer Reisekompetenz erster G\u00fcte, weil vorrangig nicht etwa das Reisen an sich eine Rolle spielt, sondern das Erfahren und Erleben \u2013 von Seiten der G\u00e4ste wie der Einheimischen.<\/p>\n<p>Firmenportraitberghorizonte (<a href=\"https:\/\/www.berghorizonte.de\/\">https:\/\/www.berghorizonte.de\/<\/a>) ist ein Spezialreiseveranstalter f\u00fcr ma\u00dfgeschneiderte Trekking- und Kulturreisen f\u00fcr Alleinreisende, Privat- und Kleingruppen nach Nepal, Bhutan, Tibet, Ladakh, Myanmar, Peru, Patagonien uvm. Inhaber ist der Reiseexperte Christian Schubert, der jede Reise im Portfolio der berghorizonte pers\u00f6nlich durchgef\u00fchrt und sorgf\u00e4ltig gepr\u00fcft hat. Mit seinem Team kann er mehr als 18 Jahre Reise- und Bergerfahrung vorweisen, insbesondere in die Himalaya- und Anden-Regionen. In Nepal und Peru hat das Unternehmen \u00d6ko-Komfort-Lodges, in Bhutan und Nepal ausgebildete Guides und eine deutschsprachige Repr\u00e4sentanz.<\/p>\n<\/div>\n<div><\/div>\n<div><\/div>\n<div><\/div>\n<div><\/div>\n<div><\/div>\n<div><\/div>\n<div><\/div>\n<div><\/div>\n<div><\/div>\n<div><\/div>\n<div><span style=\"color: #000000; font-family: Arial;\">\u00a0<\/span><\/div>\n","protected":false},"excerpt":{"rendered":"<p>Mit dem Spezialreiseveranstalter berghorizonte exklusive Urlaubserlebnisse erleben Sie reisen als Premiumkunde, sind au\u00dfergew\u00f6hnlichen Eindr\u00fccken ganz nah und folgen dem Leitgedanken der Nachhaltigkeit. Mit dem Reiseveranstalter  [&#8230;]<\/p>\n","protected":false},"author":3,"featured_media":4065,"comment_status":"open","ping_status":"open","sticky":false,"template":"","format":"standard","meta":{"footnotes":""},"categories":[16],"tags":[],"class_list":["post-178","post","type-post","status-publish","format-standard","has-post-thumbnail","hentry","category-news"],"yoast_head":"<!-- This site is optimized with the Yoast SEO plugin v27.5 - https:\/\/yoast.com\/product\/yoast-seo-wordpress\/ -->\n<title>Trekking und Reisen | berghorizonte.de<\/title>\n<meta name=\"description\" content=\"Reisen und Trekking mit berghorizonte\" \/>\n<meta name=\"robots\" content=\"index, follow, max-snippet:-1, max-image-preview:large, max-video-preview:-1\" \/>\n<link rel=\"canonical\" href=\"https:\/\/www.berghorizonte.de\/blog\/fair-verreisen-und-horizonte-erweitern-by-berghorizonte-2\/\" \/>\n<meta property=\"og:locale\" content=\"de_DE\" \/>\n<meta property=\"og:type\" content=\"article\" \/>\n<meta property=\"og:title\" content=\"Trekking und Reisen | berghorizonte.de\" \/>\n<meta property=\"og:description\" content=\"Reisen und Trekking mit berghorizonte\" \/>\n<meta property=\"og:url\" content=\"https:\/\/www.berghorizonte.de\/blog\/fair-verreisen-und-horizonte-erweitern-by-berghorizonte-2\/\" \/>\n<meta property=\"og:site_name\" content=\"Reiseblog\" \/>\n<meta property=\"article:author\" content=\"https:\/\/www.facebook.com\/Berghorizonte\" \/>\n<meta property=\"article:published_time\" content=\"2013-07-24T15:15:45+00:00\" \/>\n<meta property=\"article:modified_time\" content=\"2017-10-12T11:34:55+00:00\" \/>\n<meta property=\"og:image\" content=\"https:\/\/www.berghorizonte.de\/blog\/wp-content\/uploads\/2013\/07\/Nepal_Manaslu_11-2012-2-512.jpg\" \/>\n\t<meta property=\"og:image:width\" content=\"1600\" \/>\n\t<meta property=\"og:image:height\" content=\"1059\" \/>\n\t<meta property=\"og:image:type\" content=\"image\/jpeg\" \/>\n<meta name=\"author\" content=\"Christian Schubert\" \/>\n<meta name=\"twitter:label1\" content=\"Verfasst von\" \/>\n\t<meta name=\"twitter:data1\" content=\"Christian Schubert\" \/>\n\t<meta name=\"twitter:label2\" content=\"Gesch\u00e4tzte Lesezeit\" \/>\n\t<meta name=\"twitter:data2\" content=\"3\u00a0Minuten\" \/>\n<script type=\"application\/ld+json\" class=\"yoast-schema-graph\">{\"@context\":\"https:\\\/\\\/schema.org\",\"@graph\":[{\"@type\":\"Article\",\"@id\":\"https:\\\/\\\/www.berghorizonte.de\\\/blog\\\/fair-verreisen-und-horizonte-erweitern-by-berghorizonte-2\\\/#article\",\"isPartOf\":{\"@id\":\"https:\\\/\\\/www.berghorizonte.de\\\/blog\\\/fair-verreisen-und-horizonte-erweitern-by-berghorizonte-2\\\/\"},\"author\":{\"name\":\"Christian Schubert\",\"@id\":\"https:\\\/\\\/www.berghorizonte.de\\\/blog\\\/#\\\/schema\\\/person\\\/2896e70db1c39ca21796913684db7138\"},\"headline\":\"Fair verreisen und Horizonte erweitern &#8211; by berghorizonte\",\"datePublished\":\"2013-07-24T15:15:45+00:00\",\"dateModified\":\"2017-10-12T11:34:55+00:00\",\"mainEntityOfPage\":{\"@id\":\"https:\\\/\\\/www.berghorizonte.de\\\/blog\\\/fair-verreisen-und-horizonte-erweitern-by-berghorizonte-2\\\/\"},\"wordCount\":584,\"commentCount\":0,\"publisher\":{\"@id\":\"https:\\\/\\\/www.berghorizonte.de\\\/blog\\\/#organization\"},\"image\":{\"@id\":\"https:\\\/\\\/www.berghorizonte.de\\\/blog\\\/fair-verreisen-und-horizonte-erweitern-by-berghorizonte-2\\\/#primaryimage\"},\"thumbnailUrl\":\"https:\\\/\\\/www.berghorizonte.de\\\/blog\\\/wp-content\\\/uploads\\\/2013\\\/07\\\/Nepal_Manaslu_11-2012-2-512.jpg\",\"articleSection\":[\"News\"],\"inLanguage\":\"de\",\"potentialAction\":[{\"@type\":\"CommentAction\",\"name\":\"Comment\",\"target\":[\"https:\\\/\\\/www.berghorizonte.de\\\/blog\\\/fair-verreisen-und-horizonte-erweitern-by-berghorizonte-2\\\/#respond\"]}]},{\"@type\":\"WebPage\",\"@id\":\"https:\\\/\\\/www.berghorizonte.de\\\/blog\\\/fair-verreisen-und-horizonte-erweitern-by-berghorizonte-2\\\/\",\"url\":\"https:\\\/\\\/www.berghorizonte.de\\\/blog\\\/fair-verreisen-und-horizonte-erweitern-by-berghorizonte-2\\\/\",\"name\":\"Trekking und Reisen | berghorizonte.de\",\"isPartOf\":{\"@id\":\"https:\\\/\\\/www.berghorizonte.de\\\/blog\\\/#website\"},\"primaryImageOfPage\":{\"@id\":\"https:\\\/\\\/www.berghorizonte.de\\\/blog\\\/fair-verreisen-und-horizonte-erweitern-by-berghorizonte-2\\\/#primaryimage\"},\"image\":{\"@id\":\"https:\\\/\\\/www.berghorizonte.de\\\/blog\\\/fair-verreisen-und-horizonte-erweitern-by-berghorizonte-2\\\/#primaryimage\"},\"thumbnailUrl\":\"https:\\\/\\\/www.berghorizonte.de\\\/blog\\\/wp-content\\\/uploads\\\/2013\\\/07\\\/Nepal_Manaslu_11-2012-2-512.jpg\",\"datePublished\":\"2013-07-24T15:15:45+00:00\",\"dateModified\":\"2017-10-12T11:34:55+00:00\",\"description\":\"Reisen und Trekking mit berghorizonte\",\"breadcrumb\":{\"@id\":\"https:\\\/\\\/www.berghorizonte.de\\\/blog\\\/fair-verreisen-und-horizonte-erweitern-by-berghorizonte-2\\\/#breadcrumb\"},\"inLanguage\":\"de\",\"potentialAction\":[{\"@type\":\"ReadAction\",\"target\":[\"https:\\\/\\\/www.berghorizonte.de\\\/blog\\\/fair-verreisen-und-horizonte-erweitern-by-berghorizonte-2\\\/\"]}]},{\"@type\":\"ImageObject\",\"inLanguage\":\"de\",\"@id\":\"https:\\\/\\\/www.berghorizonte.de\\\/blog\\\/fair-verreisen-und-horizonte-erweitern-by-berghorizonte-2\\\/#primaryimage\",\"url\":\"https:\\\/\\\/www.berghorizonte.de\\\/blog\\\/wp-content\\\/uploads\\\/2013\\\/07\\\/Nepal_Manaslu_11-2012-2-512.jpg\",\"contentUrl\":\"https:\\\/\\\/www.berghorizonte.de\\\/blog\\\/wp-content\\\/uploads\\\/2013\\\/07\\\/Nepal_Manaslu_11-2012-2-512.jpg\",\"width\":1600,\"height\":1059},{\"@type\":\"BreadcrumbList\",\"@id\":\"https:\\\/\\\/www.berghorizonte.de\\\/blog\\\/fair-verreisen-und-horizonte-erweitern-by-berghorizonte-2\\\/#breadcrumb\",\"itemListElement\":[{\"@type\":\"ListItem\",\"position\":1,\"name\":\"Home\",\"item\":\"https:\\\/\\\/www.berghorizonte.de\\\/blog\\\/\"},{\"@type\":\"ListItem\",\"position\":2,\"name\":\"Fair verreisen und Horizonte erweitern &#8211; by berghorizonte\"}]},{\"@type\":\"WebSite\",\"@id\":\"https:\\\/\\\/www.berghorizonte.de\\\/blog\\\/#website\",\"url\":\"https:\\\/\\\/www.berghorizonte.de\\\/blog\\\/\",\"name\":\"Reiseblog\",\"description\":\"Erfahrungen, G\u00e4stebuch und Feedbacks alles rund ums Reisen, Wandern, Trekking in Bhutan, Nepal, Peru, Myanmar...\",\"publisher\":{\"@id\":\"https:\\\/\\\/www.berghorizonte.de\\\/blog\\\/#organization\"},\"potentialAction\":[{\"@type\":\"SearchAction\",\"target\":{\"@type\":\"EntryPoint\",\"urlTemplate\":\"https:\\\/\\\/www.berghorizonte.de\\\/blog\\\/?s={search_term_string}\"},\"query-input\":{\"@type\":\"PropertyValueSpecification\",\"valueRequired\":true,\"valueName\":\"search_term_string\"}}],\"inLanguage\":\"de\"},{\"@type\":\"Organization\",\"@id\":\"https:\\\/\\\/www.berghorizonte.de\\\/blog\\\/#organization\",\"name\":\"berghorizonte\",\"url\":\"https:\\\/\\\/www.berghorizonte.de\\\/blog\\\/\",\"logo\":{\"@type\":\"ImageObject\",\"inLanguage\":\"de\",\"@id\":\"https:\\\/\\\/www.berghorizonte.de\\\/blog\\\/#\\\/schema\\\/logo\\\/image\\\/\",\"url\":\"https:\\\/\\\/www.berghorizonte.de\\\/blog\\\/wp-content\\\/uploads\\\/2014\\\/11\\\/berghorizonte_logo_k.jpg\",\"contentUrl\":\"https:\\\/\\\/www.berghorizonte.de\\\/blog\\\/wp-content\\\/uploads\\\/2014\\\/11\\\/berghorizonte_logo_k.jpg\",\"width\":425,\"height\":236,\"caption\":\"berghorizonte\"},\"image\":{\"@id\":\"https:\\\/\\\/www.berghorizonte.de\\\/blog\\\/#\\\/schema\\\/logo\\\/image\\\/\"}},{\"@type\":\"Person\",\"@id\":\"https:\\\/\\\/www.berghorizonte.de\\\/blog\\\/#\\\/schema\\\/person\\\/2896e70db1c39ca21796913684db7138\",\"name\":\"Christian Schubert\",\"image\":{\"@type\":\"ImageObject\",\"inLanguage\":\"de\",\"@id\":\"https:\\\/\\\/www.berghorizonte.de\\\/blog\\\/wp-content\\\/uploads\\\/2013\\\/06\\\/Christian-Schubert_avatar_1372607758-96x96.jpg\",\"url\":\"https:\\\/\\\/www.berghorizonte.de\\\/blog\\\/wp-content\\\/uploads\\\/2013\\\/06\\\/Christian-Schubert_avatar_1372607758-96x96.jpg\",\"contentUrl\":\"https:\\\/\\\/www.berghorizonte.de\\\/blog\\\/wp-content\\\/uploads\\\/2013\\\/06\\\/Christian-Schubert_avatar_1372607758-96x96.jpg\",\"caption\":\"Christian Schubert\"},\"description\":\"Christian Schubert ist Gr\u00fcnder und Inhaber des lizenzierten Reiseveranstalter berghorizonte und leidenschafticher Bergsteiger, Trekker und Reisender. Monatelange Reisen in Nepal, Bhutan, Tibet, Pakistan und anderen Regionen im Himalaya sowie S\u00fcdamerika und sogar an den ganz hohen Bergen pr\u00e4gen seinen hohen Erfahrungsschatz. Seine Spezialgebiete sind Trekkingtouren und Kulturreisen bis 6000m im Himalaya und den Anden. Als absoluter Bhutan- und Nepal Kenner besucht er die beiden Himalayastaaten jedes Jahr und forscht nach neuen Wegen, Treks und Rundreisen. Von seiner grossen \u00fcber 20 j\u00e4hrigen Erfahrung und den guten Kontakten vor Ort profitieren seine G\u00e4ste...\",\"sameAs\":[\"https:\\\/\\\/www.berghorizonte.de\",\"https:\\\/\\\/www.facebook.com\\\/Berghorizonte\",\"https:\\\/\\\/x.com\\\/berghorizonte\"],\"url\":\"https:\\\/\\\/www.berghorizonte.de\\\/blog\\\/author\\\/cschubert\\\/\"}]}<\/script>\n<!-- \/ Yoast SEO plugin. -->","yoast_head_json":{"title":"Trekking und Reisen | berghorizonte.de","description":"Reisen und Trekking mit berghorizonte","robots":{"index":"index","follow":"follow","max-snippet":"max-snippet:-1","max-image-preview":"max-image-preview:large","max-video-preview":"max-video-preview:-1"},"canonical":"https:\/\/www.berghorizonte.de\/blog\/fair-verreisen-und-horizonte-erweitern-by-berghorizonte-2\/","og_locale":"de_DE","og_type":"article","og_title":"Trekking und Reisen | berghorizonte.de","og_description":"Reisen und Trekking mit berghorizonte","og_url":"https:\/\/www.berghorizonte.de\/blog\/fair-verreisen-und-horizonte-erweitern-by-berghorizonte-2\/","og_site_name":"Reiseblog","article_author":"https:\/\/www.facebook.com\/Berghorizonte","article_published_time":"2013-07-24T15:15:45+00:00","article_modified_time":"2017-10-12T11:34:55+00:00","og_image":[{"width":1600,"height":1059,"url":"https:\/\/www.berghorizonte.de\/blog\/wp-content\/uploads\/2013\/07\/Nepal_Manaslu_11-2012-2-512.jpg","type":"image\/jpeg"}],"author":"Christian Schubert","twitter_misc":{"Verfasst von":"Christian Schubert","Gesch\u00e4tzte Lesezeit":"3\u00a0Minuten"},"schema":{"@context":"https:\/\/schema.org","@graph":[{"@type":"Article","@id":"https:\/\/www.berghorizonte.de\/blog\/fair-verreisen-und-horizonte-erweitern-by-berghorizonte-2\/#article","isPartOf":{"@id":"https:\/\/www.berghorizonte.de\/blog\/fair-verreisen-und-horizonte-erweitern-by-berghorizonte-2\/"},"author":{"name":"Christian Schubert","@id":"https:\/\/www.berghorizonte.de\/blog\/#\/schema\/person\/2896e70db1c39ca21796913684db7138"},"headline":"Fair verreisen und Horizonte erweitern &#8211; by berghorizonte","datePublished":"2013-07-24T15:15:45+00:00","dateModified":"2017-10-12T11:34:55+00:00","mainEntityOfPage":{"@id":"https:\/\/www.berghorizonte.de\/blog\/fair-verreisen-und-horizonte-erweitern-by-berghorizonte-2\/"},"wordCount":584,"commentCount":0,"publisher":{"@id":"https:\/\/www.berghorizonte.de\/blog\/#organization"},"image":{"@id":"https:\/\/www.berghorizonte.de\/blog\/fair-verreisen-und-horizonte-erweitern-by-berghorizonte-2\/#primaryimage"},"thumbnailUrl":"https:\/\/www.berghorizonte.de\/blog\/wp-content\/uploads\/2013\/07\/Nepal_Manaslu_11-2012-2-512.jpg","articleSection":["News"],"inLanguage":"de","potentialAction":[{"@type":"CommentAction","name":"Comment","target":["https:\/\/www.berghorizonte.de\/blog\/fair-verreisen-und-horizonte-erweitern-by-berghorizonte-2\/#respond"]}]},{"@type":"WebPage","@id":"https:\/\/www.berghorizonte.de\/blog\/fair-verreisen-und-horizonte-erweitern-by-berghorizonte-2\/","url":"https:\/\/www.berghorizonte.de\/blog\/fair-verreisen-und-horizonte-erweitern-by-berghorizonte-2\/","name":"Trekking und Reisen | berghorizonte.de","isPartOf":{"@id":"https:\/\/www.berghorizonte.de\/blog\/#website"},"primaryImageOfPage":{"@id":"https:\/\/www.berghorizonte.de\/blog\/fair-verreisen-und-horizonte-erweitern-by-berghorizonte-2\/#primaryimage"},"image":{"@id":"https:\/\/www.berghorizonte.de\/blog\/fair-verreisen-und-horizonte-erweitern-by-berghorizonte-2\/#primaryimage"},"thumbnailUrl":"https:\/\/www.berghorizonte.de\/blog\/wp-content\/uploads\/2013\/07\/Nepal_Manaslu_11-2012-2-512.jpg","datePublished":"2013-07-24T15:15:45+00:00","dateModified":"2017-10-12T11:34:55+00:00","description":"Reisen und Trekking mit berghorizonte","breadcrumb":{"@id":"https:\/\/www.berghorizonte.de\/blog\/fair-verreisen-und-horizonte-erweitern-by-berghorizonte-2\/#breadcrumb"},"inLanguage":"de","potentialAction":[{"@type":"ReadAction","target":["https:\/\/www.berghorizonte.de\/blog\/fair-verreisen-und-horizonte-erweitern-by-berghorizonte-2\/"]}]},{"@type":"ImageObject","inLanguage":"de","@id":"https:\/\/www.berghorizonte.de\/blog\/fair-verreisen-und-horizonte-erweitern-by-berghorizonte-2\/#primaryimage","url":"https:\/\/www.berghorizonte.de\/blog\/wp-content\/uploads\/2013\/07\/Nepal_Manaslu_11-2012-2-512.jpg","contentUrl":"https:\/\/www.berghorizonte.de\/blog\/wp-content\/uploads\/2013\/07\/Nepal_Manaslu_11-2012-2-512.jpg","width":1600,"height":1059},{"@type":"BreadcrumbList","@id":"https:\/\/www.berghorizonte.de\/blog\/fair-verreisen-und-horizonte-erweitern-by-berghorizonte-2\/#breadcrumb","itemListElement":[{"@type":"ListItem","position":1,"name":"Home","item":"https:\/\/www.berghorizonte.de\/blog\/"},{"@type":"ListItem","position":2,"name":"Fair verreisen und Horizonte erweitern &#8211; by berghorizonte"}]},{"@type":"WebSite","@id":"https:\/\/www.berghorizonte.de\/blog\/#website","url":"https:\/\/www.berghorizonte.de\/blog\/","name":"Reiseblog","description":"Erfahrungen, G\u00e4stebuch und Feedbacks alles rund ums Reisen, Wandern, Trekking in Bhutan, Nepal, Peru, Myanmar...","publisher":{"@id":"https:\/\/www.berghorizonte.de\/blog\/#organization"},"potentialAction":[{"@type":"SearchAction","target":{"@type":"EntryPoint","urlTemplate":"https:\/\/www.berghorizonte.de\/blog\/?s={search_term_string}"},"query-input":{"@type":"PropertyValueSpecification","valueRequired":true,"valueName":"search_term_string"}}],"inLanguage":"de"},{"@type":"Organization","@id":"https:\/\/www.berghorizonte.de\/blog\/#organization","name":"berghorizonte","url":"https:\/\/www.berghorizonte.de\/blog\/","logo":{"@type":"ImageObject","inLanguage":"de","@id":"https:\/\/www.berghorizonte.de\/blog\/#\/schema\/logo\/image\/","url":"https:\/\/www.berghorizonte.de\/blog\/wp-content\/uploads\/2014\/11\/berghorizonte_logo_k.jpg","contentUrl":"https:\/\/www.berghorizonte.de\/blog\/wp-content\/uploads\/2014\/11\/berghorizonte_logo_k.jpg","width":425,"height":236,"caption":"berghorizonte"},"image":{"@id":"https:\/\/www.berghorizonte.de\/blog\/#\/schema\/logo\/image\/"}},{"@type":"Person","@id":"https:\/\/www.berghorizonte.de\/blog\/#\/schema\/person\/2896e70db1c39ca21796913684db7138","name":"Christian Schubert","image":{"@type":"ImageObject","inLanguage":"de","@id":"https:\/\/www.berghorizonte.de\/blog\/wp-content\/uploads\/2013\/06\/Christian-Schubert_avatar_1372607758-96x96.jpg","url":"https:\/\/www.berghorizonte.de\/blog\/wp-content\/uploads\/2013\/06\/Christian-Schubert_avatar_1372607758-96x96.jpg","contentUrl":"https:\/\/www.berghorizonte.de\/blog\/wp-content\/uploads\/2013\/06\/Christian-Schubert_avatar_1372607758-96x96.jpg","caption":"Christian Schubert"},"description":"Christian Schubert ist Gr\u00fcnder und Inhaber des lizenzierten Reiseveranstalter berghorizonte und leidenschafticher Bergsteiger, Trekker und Reisender. Monatelange Reisen in Nepal, Bhutan, Tibet, Pakistan und anderen Regionen im Himalaya sowie S\u00fcdamerika und sogar an den ganz hohen Bergen pr\u00e4gen seinen hohen Erfahrungsschatz. Seine Spezialgebiete sind Trekkingtouren und Kulturreisen bis 6000m im Himalaya und den Anden. Als absoluter Bhutan- und Nepal Kenner besucht er die beiden Himalayastaaten jedes Jahr und forscht nach neuen Wegen, Treks und Rundreisen. Von seiner grossen \u00fcber 20 j\u00e4hrigen Erfahrung und den guten Kontakten vor Ort profitieren seine G\u00e4ste...","sameAs":["https:\/\/www.berghorizonte.de","https:\/\/www.facebook.com\/Berghorizonte","https:\/\/x.com\/berghorizonte"],"url":"https:\/\/www.berghorizonte.de\/blog\/author\/cschubert\/"}]}},"_links":{"self":[{"href":"https:\/\/www.berghorizonte.de\/blog\/wp-json\/wp\/v2\/posts\/178","targetHints":{"allow":["GET"]}}],"collection":[{"href":"https:\/\/www.berghorizonte.de\/blog\/wp-json\/wp\/v2\/posts"}],"about":[{"href":"https:\/\/www.berghorizonte.de\/blog\/wp-json\/wp\/v2\/types\/post"}],"author":[{"embeddable":true,"href":"https:\/\/www.berghorizonte.de\/blog\/wp-json\/wp\/v2\/users\/3"}],"replies":[{"embeddable":true,"href":"https:\/\/www.berghorizonte.de\/blog\/wp-json\/wp\/v2\/comments?post=178"}],"version-history":[{"count":5,"href":"https:\/\/www.berghorizonte.de\/blog\/wp-json\/wp\/v2\/posts\/178\/revisions"}],"predecessor-version":[{"id":4064,"href":"https:\/\/www.berghorizonte.de\/blog\/wp-json\/wp\/v2\/posts\/178\/revisions\/4064"}],"wp:featuredmedia":[{"embeddable":true,"href":"https:\/\/www.berghorizonte.de\/blog\/wp-json\/wp\/v2\/media\/4065"}],"wp:attachment":[{"href":"https:\/\/www.berghorizonte.de\/blog\/wp-json\/wp\/v2\/media?parent=178"}],"wp:term":[{"taxonomy":"category","embeddable":true,"href":"https:\/\/www.berghorizonte.de\/blog\/wp-json\/wp\/v2\/categories?post=178"},{"taxonomy":"post_tag","embeddable":true,"href":"https:\/\/www.berghorizonte.de\/blog\/wp-json\/wp\/v2\/tags?post=178"}],"curies":[{"name":"wp","href":"https:\/\/api.w.org\/{rel}","templated":true}]}}