{"id":2393,"date":"2016-03-22T12:25:05","date_gmt":"2016-03-22T10:25:05","guid":{"rendered":"https:\/\/www.berghorizonte.de\/blog\/?p=2393"},"modified":"2016-03-22T12:51:34","modified_gmt":"2016-03-22T10:51:34","slug":"nepal-trekking-alle-routen-treks-und-regionen-wieder-offen","status":"publish","type":"post","link":"https:\/\/www.berghorizonte.de\/blog\/nepal-trekking-alle-routen-treks-und-regionen-wieder-offen\/","title":{"rendered":"Nepal Trekking: Alle Routen, Treks und Regionen wieder offen!"},"content":{"rendered":"<p>Erfreuliche NEWS aus Nepal, alle Trekking Routen\/Treks, Touren, Regionen und m\u00f6gliche Berge f\u00fcr Besteigungen sind wieder zug\u00e4nglich und uneingeschr\u00e4nkt plan- und bereisbar.<\/p>\n<h2>&#8230;auch die Regionen &amp; Treks in der Manaslu, Langtang, Helambu und Gurkha Himal Region sind wieder freigegeben und logistisch bereisbar.<\/h2>\n<p>Wir freuen uns sehr f\u00fcr Nepal und deren Menschen, dass wir wieder alle Touren planen k\u00f6nnen. Die Botschaft unserer Partner lautet: NEPAL NOW!!! Wir bieten ab sofort einen exklusiven Individualreise Service ab 2 Person an, auch ab 1 Person sind Reisen nach Nepal m\u00f6glich. Am besten Sie kontaktieren uns direkt: <a href=\"https:\/\/www.berghorizonte.de\" target=\"_blank\">www.berghorizonte.de<\/a> oder info@berg-horizonte.de \/ Christian Schubert (Nepalkenner seit \u00fcber 20 Jahren)<\/p>\n<p><strong>3 Gr\u00fcnde warum Sie jetzt mit uns nach Nepal reisen sollten:<\/strong><\/p>\n<ol>\n<li>Alle Regionen und Treks sind wieder offen! Viele glauben Nepalreisen sind noch nicht durchf\u00fchbar &#8211; dies ist falsch, zu 97% gab es keine Sch\u00e4den, nur 3 % des Landes waren vom Erdbeben betroffen&#8230;dennoch sind ca. 50 % weniger Touristen f\u00fcr 2016 unterwegs, daher lohnt der Besuch nun f\u00fcr 2016 \/ 2017! Nepal ist momentan NICHT \u00fcberlaufen&#8230;NEPAL NOW<\/li>\n<li>Sie helfen mit Ihrem Besuch! Was gibt es sch\u00f6neres eine Reise zu unternehmen und noch den Menschen vor Ort etwas gutes zu tun&#8230;HELP NEPAL &#8211; VISIT NEPAL<\/li>\n<li>Wir haben seit \u00fcber 20 Jahren Trekking und Reiseerfahrung in Nepal. Ob als Kleingruppenreise oder Individualreise &#8211; wir kennen jede Region&#8230;unsere Mitarbeiter sind hoch motiviert, ausgebildet, sozialgerecht versorgt und gut ausger\u00fcstet&#8230;buchen Sie nur bei einem NEPAL EXPERTEN der sich auch wirklich selber im Land auskennt.<\/li>\n<\/ol>\n<p>Namaste &amp; Tashi Delek<\/p>\n<p>Wir freuen uns auf Sie!<\/p>\n<p>Ihr Nepal &#8211; Himalaya Team von berghorizonte<\/p>\n","protected":false},"excerpt":{"rendered":"<p>Erfreuliche NEWS aus Nepal, alle Trekking Routen\/Treks, Touren, Regionen und m\u00f6gliche Berge f\u00fcr Besteigungen sind wieder zug\u00e4nglich und uneingeschr\u00e4nkt plan- und bereisbar. &#8230;auch die Regionen  [&#8230;]<\/p>\n","protected":false},"author":3,"featured_media":1985,"comment_status":"open","ping_status":"open","sticky":false,"template":"","format":"standard","meta":{"footnotes":""},"categories":[5,16,6],"tags":[25,29,36,24,214,44,189,202,28,23,30],"class_list":["post-2393","post","type-post","status-publish","format-standard","has-post-thumbnail","hentry","category-gastebuch-2","category-news","category-nepal","tag-everest","tag-everest-trekking","tag-komforttrekking","tag-nepal-2","tag-nepal-annapurna","tag-nepal-manaslu","tag-nepal-mustang","tag-nepal-nach-dem-erdbeben","tag-nepal-trekking","tag-nepal-reisen","tag-yeti-mountain-home-komfortlodge-everest-trekking-by-berghorizonte"],"yoast_head":"<!-- This site is optimized with the Yoast SEO plugin v27.5 - https:\/\/yoast.com\/product\/yoast-seo-wordpress\/ -->\n<title>Trekking und Reisen | berghorizonte.de<\/title>\n<meta name=\"description\" content=\"Nepal Treks, Trekking, Reisen, Regionen wieder offen f\u00fcr den Tourismus\" \/>\n<meta name=\"robots\" content=\"index, follow, max-snippet:-1, max-image-preview:large, max-video-preview:-1\" \/>\n<link rel=\"canonical\" href=\"https:\/\/www.berghorizonte.de\/blog\/nepal-trekking-alle-routen-treks-und-regionen-wieder-offen\/\" \/>\n<meta property=\"og:locale\" content=\"de_DE\" \/>\n<meta property=\"og:type\" content=\"article\" \/>\n<meta property=\"og:title\" content=\"Trekking und Reisen | berghorizonte.de\" \/>\n<meta property=\"og:description\" content=\"Nepal Treks, Trekking, Reisen, Regionen wieder offen f\u00fcr den Tourismus\" \/>\n<meta property=\"og:url\" content=\"https:\/\/www.berghorizonte.de\/blog\/nepal-trekking-alle-routen-treks-und-regionen-wieder-offen\/\" \/>\n<meta property=\"og:site_name\" content=\"Reiseblog\" \/>\n<meta property=\"article:author\" content=\"https:\/\/www.facebook.com\/Berghorizonte\" \/>\n<meta property=\"article:published_time\" content=\"2016-03-22T10:25:05+00:00\" \/>\n<meta property=\"article:modified_time\" content=\"2016-03-22T10:51:34+00:00\" \/>\n<meta property=\"og:image\" content=\"https:\/\/www.berghorizonte.de\/blog\/wp-content\/uploads\/2015\/11\/berghorizonte_Nepal-Trekking_Mulde-Peak_Annapurna-137-800x530.jpg\" \/>\n\t<meta property=\"og:image:width\" content=\"800\" \/>\n\t<meta property=\"og:image:height\" content=\"530\" \/>\n\t<meta property=\"og:image:type\" content=\"image\/jpeg\" \/>\n<meta name=\"author\" content=\"Christian Schubert\" \/>\n<meta name=\"twitter:label1\" content=\"Verfasst von\" \/>\n\t<meta name=\"twitter:data1\" content=\"Christian Schubert\" \/>\n\t<meta name=\"twitter:label2\" content=\"Gesch\u00e4tzte Lesezeit\" \/>\n\t<meta name=\"twitter:data2\" content=\"1\u00a0Minute\" \/>\n<script type=\"application\/ld+json\" class=\"yoast-schema-graph\">{\"@context\":\"https:\\\/\\\/schema.org\",\"@graph\":[{\"@type\":\"Article\",\"@id\":\"https:\\\/\\\/www.berghorizonte.de\\\/blog\\\/nepal-trekking-alle-routen-treks-und-regionen-wieder-offen\\\/#article\",\"isPartOf\":{\"@id\":\"https:\\\/\\\/www.berghorizonte.de\\\/blog\\\/nepal-trekking-alle-routen-treks-und-regionen-wieder-offen\\\/\"},\"author\":{\"name\":\"Christian Schubert\",\"@id\":\"https:\\\/\\\/www.berghorizonte.de\\\/blog\\\/#\\\/schema\\\/person\\\/2896e70db1c39ca21796913684db7138\"},\"headline\":\"Nepal Trekking: Alle Routen, Treks und Regionen wieder offen!\",\"datePublished\":\"2016-03-22T10:25:05+00:00\",\"dateModified\":\"2016-03-22T10:51:34+00:00\",\"mainEntityOfPage\":{\"@id\":\"https:\\\/\\\/www.berghorizonte.de\\\/blog\\\/nepal-trekking-alle-routen-treks-und-regionen-wieder-offen\\\/\"},\"wordCount\":277,\"commentCount\":0,\"publisher\":{\"@id\":\"https:\\\/\\\/www.berghorizonte.de\\\/blog\\\/#organization\"},\"image\":{\"@id\":\"https:\\\/\\\/www.berghorizonte.de\\\/blog\\\/nepal-trekking-alle-routen-treks-und-regionen-wieder-offen\\\/#primaryimage\"},\"thumbnailUrl\":\"https:\\\/\\\/www.berghorizonte.de\\\/blog\\\/wp-content\\\/uploads\\\/2015\\\/11\\\/berghorizonte_Nepal-Trekking_Mulde-Peak_Annapurna-137-800x530.jpg\",\"keywords\":[\"Everest\",\"Everest Trekking\",\"Komforttrekking\",\"Nepal\",\"Nepal Annapurna\",\"Nepal Manaslu\",\"Nepal Mustang\",\"Nepal nach dem Erdbeben\",\"Nepal Trekking\",\"Nepal-Reisen\",\"Yeti Mountain Home Komfortlodge Everest Trekking by berghorizonte\"],\"articleSection\":[\"G\u00e4stebuch\",\"News\",\"Reiseberichte &amp; News\"],\"inLanguage\":\"de\",\"potentialAction\":[{\"@type\":\"CommentAction\",\"name\":\"Comment\",\"target\":[\"https:\\\/\\\/www.berghorizonte.de\\\/blog\\\/nepal-trekking-alle-routen-treks-und-regionen-wieder-offen\\\/#respond\"]}]},{\"@type\":\"WebPage\",\"@id\":\"https:\\\/\\\/www.berghorizonte.de\\\/blog\\\/nepal-trekking-alle-routen-treks-und-regionen-wieder-offen\\\/\",\"url\":\"https:\\\/\\\/www.berghorizonte.de\\\/blog\\\/nepal-trekking-alle-routen-treks-und-regionen-wieder-offen\\\/\",\"name\":\"Trekking und Reisen | berghorizonte.de\",\"isPartOf\":{\"@id\":\"https:\\\/\\\/www.berghorizonte.de\\\/blog\\\/#website\"},\"primaryImageOfPage\":{\"@id\":\"https:\\\/\\\/www.berghorizonte.de\\\/blog\\\/nepal-trekking-alle-routen-treks-und-regionen-wieder-offen\\\/#primaryimage\"},\"image\":{\"@id\":\"https:\\\/\\\/www.berghorizonte.de\\\/blog\\\/nepal-trekking-alle-routen-treks-und-regionen-wieder-offen\\\/#primaryimage\"},\"thumbnailUrl\":\"https:\\\/\\\/www.berghorizonte.de\\\/blog\\\/wp-content\\\/uploads\\\/2015\\\/11\\\/berghorizonte_Nepal-Trekking_Mulde-Peak_Annapurna-137-800x530.jpg\",\"datePublished\":\"2016-03-22T10:25:05+00:00\",\"dateModified\":\"2016-03-22T10:51:34+00:00\",\"description\":\"Nepal Treks, Trekking, Reisen, Regionen wieder offen f\u00fcr den Tourismus\",\"breadcrumb\":{\"@id\":\"https:\\\/\\\/www.berghorizonte.de\\\/blog\\\/nepal-trekking-alle-routen-treks-und-regionen-wieder-offen\\\/#breadcrumb\"},\"inLanguage\":\"de\",\"potentialAction\":[{\"@type\":\"ReadAction\",\"target\":[\"https:\\\/\\\/www.berghorizonte.de\\\/blog\\\/nepal-trekking-alle-routen-treks-und-regionen-wieder-offen\\\/\"]}]},{\"@type\":\"ImageObject\",\"inLanguage\":\"de\",\"@id\":\"https:\\\/\\\/www.berghorizonte.de\\\/blog\\\/nepal-trekking-alle-routen-treks-und-regionen-wieder-offen\\\/#primaryimage\",\"url\":\"https:\\\/\\\/www.berghorizonte.de\\\/blog\\\/wp-content\\\/uploads\\\/2015\\\/11\\\/berghorizonte_Nepal-Trekking_Mulde-Peak_Annapurna-137-800x530.jpg\",\"contentUrl\":\"https:\\\/\\\/www.berghorizonte.de\\\/blog\\\/wp-content\\\/uploads\\\/2015\\\/11\\\/berghorizonte_Nepal-Trekking_Mulde-Peak_Annapurna-137-800x530.jpg\",\"width\":800,\"height\":530,\"caption\":\"NEPAL NOW\"},{\"@type\":\"BreadcrumbList\",\"@id\":\"https:\\\/\\\/www.berghorizonte.de\\\/blog\\\/nepal-trekking-alle-routen-treks-und-regionen-wieder-offen\\\/#breadcrumb\",\"itemListElement\":[{\"@type\":\"ListItem\",\"position\":1,\"name\":\"Home\",\"item\":\"https:\\\/\\\/www.berghorizonte.de\\\/blog\\\/\"},{\"@type\":\"ListItem\",\"position\":2,\"name\":\"Nepal Trekking: Alle Routen, Treks und Regionen wieder offen!\"}]},{\"@type\":\"WebSite\",\"@id\":\"https:\\\/\\\/www.berghorizonte.de\\\/blog\\\/#website\",\"url\":\"https:\\\/\\\/www.berghorizonte.de\\\/blog\\\/\",\"name\":\"Reiseblog\",\"description\":\"Erfahrungen, G\u00e4stebuch und Feedbacks alles rund ums Reisen, Wandern, Trekking in Bhutan, Nepal, Peru, Myanmar...\",\"publisher\":{\"@id\":\"https:\\\/\\\/www.berghorizonte.de\\\/blog\\\/#organization\"},\"potentialAction\":[{\"@type\":\"SearchAction\",\"target\":{\"@type\":\"EntryPoint\",\"urlTemplate\":\"https:\\\/\\\/www.berghorizonte.de\\\/blog\\\/?s={search_term_string}\"},\"query-input\":{\"@type\":\"PropertyValueSpecification\",\"valueRequired\":true,\"valueName\":\"search_term_string\"}}],\"inLanguage\":\"de\"},{\"@type\":\"Organization\",\"@id\":\"https:\\\/\\\/www.berghorizonte.de\\\/blog\\\/#organization\",\"name\":\"berghorizonte\",\"url\":\"https:\\\/\\\/www.berghorizonte.de\\\/blog\\\/\",\"logo\":{\"@type\":\"ImageObject\",\"inLanguage\":\"de\",\"@id\":\"https:\\\/\\\/www.berghorizonte.de\\\/blog\\\/#\\\/schema\\\/logo\\\/image\\\/\",\"url\":\"https:\\\/\\\/www.berghorizonte.de\\\/blog\\\/wp-content\\\/uploads\\\/2014\\\/11\\\/berghorizonte_logo_k.jpg\",\"contentUrl\":\"https:\\\/\\\/www.berghorizonte.de\\\/blog\\\/wp-content\\\/uploads\\\/2014\\\/11\\\/berghorizonte_logo_k.jpg\",\"width\":425,\"height\":236,\"caption\":\"berghorizonte\"},\"image\":{\"@id\":\"https:\\\/\\\/www.berghorizonte.de\\\/blog\\\/#\\\/schema\\\/logo\\\/image\\\/\"}},{\"@type\":\"Person\",\"@id\":\"https:\\\/\\\/www.berghorizonte.de\\\/blog\\\/#\\\/schema\\\/person\\\/2896e70db1c39ca21796913684db7138\",\"name\":\"Christian Schubert\",\"image\":{\"@type\":\"ImageObject\",\"inLanguage\":\"de\",\"@id\":\"https:\\\/\\\/www.berghorizonte.de\\\/blog\\\/wp-content\\\/uploads\\\/2013\\\/06\\\/Christian-Schubert_avatar_1372607758-96x96.jpg\",\"url\":\"https:\\\/\\\/www.berghorizonte.de\\\/blog\\\/wp-content\\\/uploads\\\/2013\\\/06\\\/Christian-Schubert_avatar_1372607758-96x96.jpg\",\"contentUrl\":\"https:\\\/\\\/www.berghorizonte.de\\\/blog\\\/wp-content\\\/uploads\\\/2013\\\/06\\\/Christian-Schubert_avatar_1372607758-96x96.jpg\",\"caption\":\"Christian Schubert\"},\"description\":\"Christian Schubert ist Gr\u00fcnder und Inhaber des lizenzierten Reiseveranstalter berghorizonte und leidenschafticher Bergsteiger, Trekker und Reisender. Monatelange Reisen in Nepal, Bhutan, Tibet, Pakistan und anderen Regionen im Himalaya sowie S\u00fcdamerika und sogar an den ganz hohen Bergen pr\u00e4gen seinen hohen Erfahrungsschatz. Seine Spezialgebiete sind Trekkingtouren und Kulturreisen bis 6000m im Himalaya und den Anden. Als absoluter Bhutan- und Nepal Kenner besucht er die beiden Himalayastaaten jedes Jahr und forscht nach neuen Wegen, Treks und Rundreisen. Von seiner grossen \u00fcber 20 j\u00e4hrigen Erfahrung und den guten Kontakten vor Ort profitieren seine G\u00e4ste...\",\"sameAs\":[\"https:\\\/\\\/www.berghorizonte.de\",\"https:\\\/\\\/www.facebook.com\\\/Berghorizonte\",\"https:\\\/\\\/x.com\\\/berghorizonte\"],\"url\":\"https:\\\/\\\/www.berghorizonte.de\\\/blog\\\/author\\\/cschubert\\\/\"}]}<\/script>\n<!-- \/ Yoast SEO plugin. -->","yoast_head_json":{"title":"Trekking und Reisen | berghorizonte.de","description":"Nepal Treks, Trekking, Reisen, Regionen wieder offen f\u00fcr den Tourismus","robots":{"index":"index","follow":"follow","max-snippet":"max-snippet:-1","max-image-preview":"max-image-preview:large","max-video-preview":"max-video-preview:-1"},"canonical":"https:\/\/www.berghorizonte.de\/blog\/nepal-trekking-alle-routen-treks-und-regionen-wieder-offen\/","og_locale":"de_DE","og_type":"article","og_title":"Trekking und Reisen | berghorizonte.de","og_description":"Nepal Treks, Trekking, Reisen, Regionen wieder offen f\u00fcr den Tourismus","og_url":"https:\/\/www.berghorizonte.de\/blog\/nepal-trekking-alle-routen-treks-und-regionen-wieder-offen\/","og_site_name":"Reiseblog","article_author":"https:\/\/www.facebook.com\/Berghorizonte","article_published_time":"2016-03-22T10:25:05+00:00","article_modified_time":"2016-03-22T10:51:34+00:00","og_image":[{"width":800,"height":530,"url":"https:\/\/www.berghorizonte.de\/blog\/wp-content\/uploads\/2015\/11\/berghorizonte_Nepal-Trekking_Mulde-Peak_Annapurna-137-800x530.jpg","type":"image\/jpeg"}],"author":"Christian Schubert","twitter_misc":{"Verfasst von":"Christian Schubert","Gesch\u00e4tzte Lesezeit":"1\u00a0Minute"},"schema":{"@context":"https:\/\/schema.org","@graph":[{"@type":"Article","@id":"https:\/\/www.berghorizonte.de\/blog\/nepal-trekking-alle-routen-treks-und-regionen-wieder-offen\/#article","isPartOf":{"@id":"https:\/\/www.berghorizonte.de\/blog\/nepal-trekking-alle-routen-treks-und-regionen-wieder-offen\/"},"author":{"name":"Christian Schubert","@id":"https:\/\/www.berghorizonte.de\/blog\/#\/schema\/person\/2896e70db1c39ca21796913684db7138"},"headline":"Nepal Trekking: Alle Routen, Treks und Regionen wieder offen!","datePublished":"2016-03-22T10:25:05+00:00","dateModified":"2016-03-22T10:51:34+00:00","mainEntityOfPage":{"@id":"https:\/\/www.berghorizonte.de\/blog\/nepal-trekking-alle-routen-treks-und-regionen-wieder-offen\/"},"wordCount":277,"commentCount":0,"publisher":{"@id":"https:\/\/www.berghorizonte.de\/blog\/#organization"},"image":{"@id":"https:\/\/www.berghorizonte.de\/blog\/nepal-trekking-alle-routen-treks-und-regionen-wieder-offen\/#primaryimage"},"thumbnailUrl":"https:\/\/www.berghorizonte.de\/blog\/wp-content\/uploads\/2015\/11\/berghorizonte_Nepal-Trekking_Mulde-Peak_Annapurna-137-800x530.jpg","keywords":["Everest","Everest Trekking","Komforttrekking","Nepal","Nepal Annapurna","Nepal Manaslu","Nepal Mustang","Nepal nach dem Erdbeben","Nepal Trekking","Nepal-Reisen","Yeti Mountain Home Komfortlodge Everest Trekking by berghorizonte"],"articleSection":["G\u00e4stebuch","News","Reiseberichte &amp; News"],"inLanguage":"de","potentialAction":[{"@type":"CommentAction","name":"Comment","target":["https:\/\/www.berghorizonte.de\/blog\/nepal-trekking-alle-routen-treks-und-regionen-wieder-offen\/#respond"]}]},{"@type":"WebPage","@id":"https:\/\/www.berghorizonte.de\/blog\/nepal-trekking-alle-routen-treks-und-regionen-wieder-offen\/","url":"https:\/\/www.berghorizonte.de\/blog\/nepal-trekking-alle-routen-treks-und-regionen-wieder-offen\/","name":"Trekking und Reisen | berghorizonte.de","isPartOf":{"@id":"https:\/\/www.berghorizonte.de\/blog\/#website"},"primaryImageOfPage":{"@id":"https:\/\/www.berghorizonte.de\/blog\/nepal-trekking-alle-routen-treks-und-regionen-wieder-offen\/#primaryimage"},"image":{"@id":"https:\/\/www.berghorizonte.de\/blog\/nepal-trekking-alle-routen-treks-und-regionen-wieder-offen\/#primaryimage"},"thumbnailUrl":"https:\/\/www.berghorizonte.de\/blog\/wp-content\/uploads\/2015\/11\/berghorizonte_Nepal-Trekking_Mulde-Peak_Annapurna-137-800x530.jpg","datePublished":"2016-03-22T10:25:05+00:00","dateModified":"2016-03-22T10:51:34+00:00","description":"Nepal Treks, Trekking, Reisen, Regionen wieder offen f\u00fcr den Tourismus","breadcrumb":{"@id":"https:\/\/www.berghorizonte.de\/blog\/nepal-trekking-alle-routen-treks-und-regionen-wieder-offen\/#breadcrumb"},"inLanguage":"de","potentialAction":[{"@type":"ReadAction","target":["https:\/\/www.berghorizonte.de\/blog\/nepal-trekking-alle-routen-treks-und-regionen-wieder-offen\/"]}]},{"@type":"ImageObject","inLanguage":"de","@id":"https:\/\/www.berghorizonte.de\/blog\/nepal-trekking-alle-routen-treks-und-regionen-wieder-offen\/#primaryimage","url":"https:\/\/www.berghorizonte.de\/blog\/wp-content\/uploads\/2015\/11\/berghorizonte_Nepal-Trekking_Mulde-Peak_Annapurna-137-800x530.jpg","contentUrl":"https:\/\/www.berghorizonte.de\/blog\/wp-content\/uploads\/2015\/11\/berghorizonte_Nepal-Trekking_Mulde-Peak_Annapurna-137-800x530.jpg","width":800,"height":530,"caption":"NEPAL NOW"},{"@type":"BreadcrumbList","@id":"https:\/\/www.berghorizonte.de\/blog\/nepal-trekking-alle-routen-treks-und-regionen-wieder-offen\/#breadcrumb","itemListElement":[{"@type":"ListItem","position":1,"name":"Home","item":"https:\/\/www.berghorizonte.de\/blog\/"},{"@type":"ListItem","position":2,"name":"Nepal Trekking: Alle Routen, Treks und Regionen wieder offen!"}]},{"@type":"WebSite","@id":"https:\/\/www.berghorizonte.de\/blog\/#website","url":"https:\/\/www.berghorizonte.de\/blog\/","name":"Reiseblog","description":"Erfahrungen, G\u00e4stebuch und Feedbacks alles rund ums Reisen, Wandern, Trekking in Bhutan, Nepal, Peru, Myanmar...","publisher":{"@id":"https:\/\/www.berghorizonte.de\/blog\/#organization"},"potentialAction":[{"@type":"SearchAction","target":{"@type":"EntryPoint","urlTemplate":"https:\/\/www.berghorizonte.de\/blog\/?s={search_term_string}"},"query-input":{"@type":"PropertyValueSpecification","valueRequired":true,"valueName":"search_term_string"}}],"inLanguage":"de"},{"@type":"Organization","@id":"https:\/\/www.berghorizonte.de\/blog\/#organization","name":"berghorizonte","url":"https:\/\/www.berghorizonte.de\/blog\/","logo":{"@type":"ImageObject","inLanguage":"de","@id":"https:\/\/www.berghorizonte.de\/blog\/#\/schema\/logo\/image\/","url":"https:\/\/www.berghorizonte.de\/blog\/wp-content\/uploads\/2014\/11\/berghorizonte_logo_k.jpg","contentUrl":"https:\/\/www.berghorizonte.de\/blog\/wp-content\/uploads\/2014\/11\/berghorizonte_logo_k.jpg","width":425,"height":236,"caption":"berghorizonte"},"image":{"@id":"https:\/\/www.berghorizonte.de\/blog\/#\/schema\/logo\/image\/"}},{"@type":"Person","@id":"https:\/\/www.berghorizonte.de\/blog\/#\/schema\/person\/2896e70db1c39ca21796913684db7138","name":"Christian Schubert","image":{"@type":"ImageObject","inLanguage":"de","@id":"https:\/\/www.berghorizonte.de\/blog\/wp-content\/uploads\/2013\/06\/Christian-Schubert_avatar_1372607758-96x96.jpg","url":"https:\/\/www.berghorizonte.de\/blog\/wp-content\/uploads\/2013\/06\/Christian-Schubert_avatar_1372607758-96x96.jpg","contentUrl":"https:\/\/www.berghorizonte.de\/blog\/wp-content\/uploads\/2013\/06\/Christian-Schubert_avatar_1372607758-96x96.jpg","caption":"Christian Schubert"},"description":"Christian Schubert ist Gr\u00fcnder und Inhaber des lizenzierten Reiseveranstalter berghorizonte und leidenschafticher Bergsteiger, Trekker und Reisender. Monatelange Reisen in Nepal, Bhutan, Tibet, Pakistan und anderen Regionen im Himalaya sowie S\u00fcdamerika und sogar an den ganz hohen Bergen pr\u00e4gen seinen hohen Erfahrungsschatz. Seine Spezialgebiete sind Trekkingtouren und Kulturreisen bis 6000m im Himalaya und den Anden. Als absoluter Bhutan- und Nepal Kenner besucht er die beiden Himalayastaaten jedes Jahr und forscht nach neuen Wegen, Treks und Rundreisen. Von seiner grossen \u00fcber 20 j\u00e4hrigen Erfahrung und den guten Kontakten vor Ort profitieren seine G\u00e4ste...","sameAs":["https:\/\/www.berghorizonte.de","https:\/\/www.facebook.com\/Berghorizonte","https:\/\/x.com\/berghorizonte"],"url":"https:\/\/www.berghorizonte.de\/blog\/author\/cschubert\/"}]}},"_links":{"self":[{"href":"https:\/\/www.berghorizonte.de\/blog\/wp-json\/wp\/v2\/posts\/2393","targetHints":{"allow":["GET"]}}],"collection":[{"href":"https:\/\/www.berghorizonte.de\/blog\/wp-json\/wp\/v2\/posts"}],"about":[{"href":"https:\/\/www.berghorizonte.de\/blog\/wp-json\/wp\/v2\/types\/post"}],"author":[{"embeddable":true,"href":"https:\/\/www.berghorizonte.de\/blog\/wp-json\/wp\/v2\/users\/3"}],"replies":[{"embeddable":true,"href":"https:\/\/www.berghorizonte.de\/blog\/wp-json\/wp\/v2\/comments?post=2393"}],"version-history":[{"count":4,"href":"https:\/\/www.berghorizonte.de\/blog\/wp-json\/wp\/v2\/posts\/2393\/revisions"}],"predecessor-version":[{"id":2401,"href":"https:\/\/www.berghorizonte.de\/blog\/wp-json\/wp\/v2\/posts\/2393\/revisions\/2401"}],"wp:featuredmedia":[{"embeddable":true,"href":"https:\/\/www.berghorizonte.de\/blog\/wp-json\/wp\/v2\/media\/1985"}],"wp:attachment":[{"href":"https:\/\/www.berghorizonte.de\/blog\/wp-json\/wp\/v2\/media?parent=2393"}],"wp:term":[{"taxonomy":"category","embeddable":true,"href":"https:\/\/www.berghorizonte.de\/blog\/wp-json\/wp\/v2\/categories?post=2393"},{"taxonomy":"post_tag","embeddable":true,"href":"https:\/\/www.berghorizonte.de\/blog\/wp-json\/wp\/v2\/tags?post=2393"}],"curies":[{"name":"wp","href":"https:\/\/api.w.org\/{rel}","templated":true}]}}