{"id":2441,"date":"2016-04-24T12:02:36","date_gmt":"2016-04-24T10:02:36","guid":{"rendered":"https:\/\/www.berghorizonte.de\/blog\/?p=2441"},"modified":"2017-10-11T16:32:29","modified_gmt":"2017-10-11T14:32:29","slug":"myanmarreisen_reisebericht","status":"publish","type":"post","link":"https:\/\/www.berghorizonte.de\/blog\/myanmarreisen_reisebericht\/","title":{"rendered":"Myanmarreisen &#8211; Reisebericht"},"content":{"rendered":"<p><em>Myanmarreisen\/Burma vom\u00a0 24.01.-12.02.16<\/em><\/p>\n<p>Mingalaba Christian und Patricia,<\/p>\n<p>nun bin ich am sortieren unz\u00e4hligen Urlaubsbilder und m\u00f6chte endlich die Gelegenheit nutzen ein paar Zeilen und einen gro\u00dfen Dank an Euch f\u00fcr die passende Empfehlung von euch f\u00fcr meine neue Myanmarreise und f\u00fcr die gute Organisation und den Gespr\u00e4chen vorweg zu sagen. Ich bin sehr dankbar, dass ich jetzt noch Myanmar bereist habe und dabei wieder so tolle Wegbegleiter hatte. Unsere Kleingruppe bestand aus vier Leuten und unserer Reisef\u00fchrerin Noel. Noel ist eine liebenswerte Gastgeberin f\u00fcr ihr Land und sie hatte immer eine gute Balance zwischen Kultur und Entspannung hinbekommen. Myanmar hat viel f\u00fcr einen Asienfan zu bieten, daher war die Reise sehr gef\u00fcllt mit vielen Erlebnissen und Eindr\u00fccken. Das Land tr\u00e4gt zu Recht den Namen \u201eDas Land des L\u00e4chelns\u201c. Die kulinarischen Gen\u00fcsse waren ein Gaumenschmaus. Diese waren aber in den einheimischen Restaurants besser als in den Hotels. Die Hotels waren f\u00fcr mich wieder \u201eLuxusausstattung\u201c. Das h\u00e4tte f\u00fcr mich nicht sein m\u00fcssen, aber der Mittelklassetourismus ist erst am Aufbau in Myanmar.<\/p>\n<h2>Wenn man die anderen gro\u00dfen Touritruppen dort gesehen hat, kann ich jedem nur Empfehlen mit einer kleinen Gruppe dieses Land zu bereisen und am entspannsten nat\u00fcrlich mit dem Myanmarreisen Spezialist Berghorizonte.<\/h2>\n<p>Ich denke es wird sich in Zukunft viel ver\u00e4ndern in dem Land und ich kann nur hoffen, dass die Menschen ihre Kultur und auch ihre Mentalit\u00e4t noch lange bewahren k\u00f6nnen. Myanmar w\u00fcrde ich gerne wieder bereisen, aber dann mit viel mehr Zeit.<\/p>\n<p>Bettina Haase<\/p>\n<p><a href=\"https:\/\/www.berghorizonte.de\/myanmar\/reisen-nach-myanmar.html\" target=\"_blank\" rel=\"noopener\">Zu unseren Myanmarreisen &#8211; entdecke mehr&#8230;<\/a><\/p>\n","protected":false},"excerpt":{"rendered":"<p>Myanmarreisen\/Burma vom\u00a0 24.01.-12.02.16 Mingalaba Christian und Patricia, nun bin ich am sortieren unz\u00e4hligen Urlaubsbilder und m\u00f6chte endlich die Gelegenheit nutzen ein paar Zeilen und einen  [&#8230;]<\/p>\n","protected":false},"author":5,"featured_media":2442,"comment_status":"open","ping_status":"open","sticky":false,"template":"","format":"standard","meta":{"footnotes":""},"categories":[5,16,6],"tags":[116,117,250],"class_list":["post-2441","post","type-post","status-publish","format-standard","has-post-thumbnail","hentry","category-gastebuch-2","category-news","category-nepal","tag-myanmar","tag-myanmar-reisen","tag-myanmarreisen"],"yoast_head":"<!-- This site is optimized with the Yoast SEO plugin v27.5 - https:\/\/yoast.com\/product\/yoast-seo-wordpress\/ -->\n<title>Trekking und Reisen | berghorizonte.de<\/title>\n<meta name=\"description\" content=\"Myanmarreisen als Kleingruppe oder Individualreise mit dem Myanmar Reise Experten berghorizonte.de - beste Reisefeedbacks, Erfahrungen und Bewertungen\" \/>\n<meta name=\"robots\" content=\"index, follow, max-snippet:-1, max-image-preview:large, max-video-preview:-1\" \/>\n<link rel=\"canonical\" href=\"https:\/\/www.berghorizonte.de\/blog\/myanmarreisen_reisebericht\/\" \/>\n<meta property=\"og:locale\" content=\"de_DE\" \/>\n<meta property=\"og:type\" content=\"article\" \/>\n<meta property=\"og:title\" content=\"Trekking und Reisen | berghorizonte.de\" \/>\n<meta property=\"og:description\" content=\"Myanmarreisen als Kleingruppe oder Individualreise mit dem Myanmar Reise Experten berghorizonte.de - beste Reisefeedbacks, Erfahrungen und Bewertungen\" \/>\n<meta property=\"og:url\" content=\"https:\/\/www.berghorizonte.de\/blog\/myanmarreisen_reisebericht\/\" \/>\n<meta property=\"og:site_name\" content=\"Reiseblog\" \/>\n<meta property=\"article:published_time\" content=\"2016-04-24T10:02:36+00:00\" \/>\n<meta property=\"article:modified_time\" content=\"2017-10-11T14:32:29+00:00\" \/>\n<meta property=\"og:image\" content=\"https:\/\/www.berghorizonte.de\/blog\/wp-content\/uploads\/2016\/04\/Myanmarreise-e1461491457710.jpg\" \/>\n\t<meta property=\"og:image:width\" content=\"1080\" \/>\n\t<meta property=\"og:image:height\" content=\"1919\" \/>\n\t<meta property=\"og:image:type\" content=\"image\/jpeg\" \/>\n<meta name=\"author\" content=\"G\u00e4stebuchbeitrag\" \/>\n<meta name=\"twitter:label1\" content=\"Verfasst von\" \/>\n\t<meta name=\"twitter:data1\" content=\"G\u00e4stebuchbeitrag\" \/>\n\t<meta name=\"twitter:label2\" content=\"Gesch\u00e4tzte Lesezeit\" \/>\n\t<meta name=\"twitter:data2\" content=\"1\u00a0Minute\" \/>\n<script type=\"application\/ld+json\" class=\"yoast-schema-graph\">{\"@context\":\"https:\\\/\\\/schema.org\",\"@graph\":[{\"@type\":\"Article\",\"@id\":\"https:\\\/\\\/www.berghorizonte.de\\\/blog\\\/myanmarreisen_reisebericht\\\/#article\",\"isPartOf\":{\"@id\":\"https:\\\/\\\/www.berghorizonte.de\\\/blog\\\/myanmarreisen_reisebericht\\\/\"},\"author\":{\"name\":\"G\u00e4stebuchbeitrag\",\"@id\":\"https:\\\/\\\/www.berghorizonte.de\\\/blog\\\/#\\\/schema\\\/person\\\/f2bccafdfb2ccdbd7b08e104f8f3f5f4\"},\"headline\":\"Myanmarreisen &#8211; Reisebericht\",\"datePublished\":\"2016-04-24T10:02:36+00:00\",\"dateModified\":\"2017-10-11T14:32:29+00:00\",\"mainEntityOfPage\":{\"@id\":\"https:\\\/\\\/www.berghorizonte.de\\\/blog\\\/myanmarreisen_reisebericht\\\/\"},\"wordCount\":279,\"commentCount\":0,\"publisher\":{\"@id\":\"https:\\\/\\\/www.berghorizonte.de\\\/blog\\\/#organization\"},\"image\":{\"@id\":\"https:\\\/\\\/www.berghorizonte.de\\\/blog\\\/myanmarreisen_reisebericht\\\/#primaryimage\"},\"thumbnailUrl\":\"https:\\\/\\\/www.berghorizonte.de\\\/blog\\\/wp-content\\\/uploads\\\/2016\\\/04\\\/Myanmarreise-e1461491457710.jpg\",\"keywords\":[\"Myanmar\",\"Myanmar Reisen\",\"Myanmarreisen\"],\"articleSection\":[\"G\u00e4stebuch\",\"News\",\"Reiseberichte &amp; News\"],\"inLanguage\":\"de\",\"potentialAction\":[{\"@type\":\"CommentAction\",\"name\":\"Comment\",\"target\":[\"https:\\\/\\\/www.berghorizonte.de\\\/blog\\\/myanmarreisen_reisebericht\\\/#respond\"]}]},{\"@type\":\"WebPage\",\"@id\":\"https:\\\/\\\/www.berghorizonte.de\\\/blog\\\/myanmarreisen_reisebericht\\\/\",\"url\":\"https:\\\/\\\/www.berghorizonte.de\\\/blog\\\/myanmarreisen_reisebericht\\\/\",\"name\":\"Trekking und Reisen | berghorizonte.de\",\"isPartOf\":{\"@id\":\"https:\\\/\\\/www.berghorizonte.de\\\/blog\\\/#website\"},\"primaryImageOfPage\":{\"@id\":\"https:\\\/\\\/www.berghorizonte.de\\\/blog\\\/myanmarreisen_reisebericht\\\/#primaryimage\"},\"image\":{\"@id\":\"https:\\\/\\\/www.berghorizonte.de\\\/blog\\\/myanmarreisen_reisebericht\\\/#primaryimage\"},\"thumbnailUrl\":\"https:\\\/\\\/www.berghorizonte.de\\\/blog\\\/wp-content\\\/uploads\\\/2016\\\/04\\\/Myanmarreise-e1461491457710.jpg\",\"datePublished\":\"2016-04-24T10:02:36+00:00\",\"dateModified\":\"2017-10-11T14:32:29+00:00\",\"description\":\"Myanmarreisen als Kleingruppe oder Individualreise mit dem Myanmar Reise Experten berghorizonte.de - beste Reisefeedbacks, Erfahrungen und Bewertungen\",\"breadcrumb\":{\"@id\":\"https:\\\/\\\/www.berghorizonte.de\\\/blog\\\/myanmarreisen_reisebericht\\\/#breadcrumb\"},\"inLanguage\":\"de\",\"potentialAction\":[{\"@type\":\"ReadAction\",\"target\":[\"https:\\\/\\\/www.berghorizonte.de\\\/blog\\\/myanmarreisen_reisebericht\\\/\"]}]},{\"@type\":\"ImageObject\",\"inLanguage\":\"de\",\"@id\":\"https:\\\/\\\/www.berghorizonte.de\\\/blog\\\/myanmarreisen_reisebericht\\\/#primaryimage\",\"url\":\"https:\\\/\\\/www.berghorizonte.de\\\/blog\\\/wp-content\\\/uploads\\\/2016\\\/04\\\/Myanmarreise-e1461491457710.jpg\",\"contentUrl\":\"https:\\\/\\\/www.berghorizonte.de\\\/blog\\\/wp-content\\\/uploads\\\/2016\\\/04\\\/Myanmarreise-e1461491457710.jpg\",\"width\":1080,\"height\":1919},{\"@type\":\"BreadcrumbList\",\"@id\":\"https:\\\/\\\/www.berghorizonte.de\\\/blog\\\/myanmarreisen_reisebericht\\\/#breadcrumb\",\"itemListElement\":[{\"@type\":\"ListItem\",\"position\":1,\"name\":\"Home\",\"item\":\"https:\\\/\\\/www.berghorizonte.de\\\/blog\\\/\"},{\"@type\":\"ListItem\",\"position\":2,\"name\":\"Myanmarreisen &#8211; Reisebericht\"}]},{\"@type\":\"WebSite\",\"@id\":\"https:\\\/\\\/www.berghorizonte.de\\\/blog\\\/#website\",\"url\":\"https:\\\/\\\/www.berghorizonte.de\\\/blog\\\/\",\"name\":\"Reiseblog\",\"description\":\"Erfahrungen, G\u00e4stebuch und Feedbacks alles rund ums Reisen, Wandern, Trekking in Bhutan, Nepal, Peru, Myanmar...\",\"publisher\":{\"@id\":\"https:\\\/\\\/www.berghorizonte.de\\\/blog\\\/#organization\"},\"potentialAction\":[{\"@type\":\"SearchAction\",\"target\":{\"@type\":\"EntryPoint\",\"urlTemplate\":\"https:\\\/\\\/www.berghorizonte.de\\\/blog\\\/?s={search_term_string}\"},\"query-input\":{\"@type\":\"PropertyValueSpecification\",\"valueRequired\":true,\"valueName\":\"search_term_string\"}}],\"inLanguage\":\"de\"},{\"@type\":\"Organization\",\"@id\":\"https:\\\/\\\/www.berghorizonte.de\\\/blog\\\/#organization\",\"name\":\"berghorizonte\",\"url\":\"https:\\\/\\\/www.berghorizonte.de\\\/blog\\\/\",\"logo\":{\"@type\":\"ImageObject\",\"inLanguage\":\"de\",\"@id\":\"https:\\\/\\\/www.berghorizonte.de\\\/blog\\\/#\\\/schema\\\/logo\\\/image\\\/\",\"url\":\"https:\\\/\\\/www.berghorizonte.de\\\/blog\\\/wp-content\\\/uploads\\\/2014\\\/11\\\/berghorizonte_logo_k.jpg\",\"contentUrl\":\"https:\\\/\\\/www.berghorizonte.de\\\/blog\\\/wp-content\\\/uploads\\\/2014\\\/11\\\/berghorizonte_logo_k.jpg\",\"width\":425,\"height\":236,\"caption\":\"berghorizonte\"},\"image\":{\"@id\":\"https:\\\/\\\/www.berghorizonte.de\\\/blog\\\/#\\\/schema\\\/logo\\\/image\\\/\"}},{\"@type\":\"Person\",\"@id\":\"https:\\\/\\\/www.berghorizonte.de\\\/blog\\\/#\\\/schema\\\/person\\\/f2bccafdfb2ccdbd7b08e104f8f3f5f4\",\"name\":\"G\u00e4stebuchbeitrag\",\"image\":{\"@type\":\"ImageObject\",\"inLanguage\":\"de\",\"@id\":\"https:\\\/\\\/secure.gravatar.com\\\/avatar\\\/2f7ccc3d22d720ff556bf57349708a254825802eaef24c77c3f8936cd3048f39?s=96&d=mm&r=g\",\"url\":\"https:\\\/\\\/secure.gravatar.com\\\/avatar\\\/2f7ccc3d22d720ff556bf57349708a254825802eaef24c77c3f8936cd3048f39?s=96&d=mm&r=g\",\"contentUrl\":\"https:\\\/\\\/secure.gravatar.com\\\/avatar\\\/2f7ccc3d22d720ff556bf57349708a254825802eaef24c77c3f8936cd3048f39?s=96&d=mm&r=g\",\"caption\":\"G\u00e4stebuchbeitrag\"},\"url\":\"https:\\\/\\\/www.berghorizonte.de\\\/blog\\\/author\\\/gast\\\/\"}]}<\/script>\n<!-- \/ Yoast SEO plugin. -->","yoast_head_json":{"title":"Trekking und Reisen | berghorizonte.de","description":"Myanmarreisen als Kleingruppe oder Individualreise mit dem Myanmar Reise Experten berghorizonte.de - beste Reisefeedbacks, Erfahrungen und Bewertungen","robots":{"index":"index","follow":"follow","max-snippet":"max-snippet:-1","max-image-preview":"max-image-preview:large","max-video-preview":"max-video-preview:-1"},"canonical":"https:\/\/www.berghorizonte.de\/blog\/myanmarreisen_reisebericht\/","og_locale":"de_DE","og_type":"article","og_title":"Trekking und Reisen | berghorizonte.de","og_description":"Myanmarreisen als Kleingruppe oder Individualreise mit dem Myanmar Reise Experten berghorizonte.de - beste Reisefeedbacks, Erfahrungen und Bewertungen","og_url":"https:\/\/www.berghorizonte.de\/blog\/myanmarreisen_reisebericht\/","og_site_name":"Reiseblog","article_published_time":"2016-04-24T10:02:36+00:00","article_modified_time":"2017-10-11T14:32:29+00:00","og_image":[{"width":1080,"height":1919,"url":"https:\/\/www.berghorizonte.de\/blog\/wp-content\/uploads\/2016\/04\/Myanmarreise-e1461491457710.jpg","type":"image\/jpeg"}],"author":"G\u00e4stebuchbeitrag","twitter_misc":{"Verfasst von":"G\u00e4stebuchbeitrag","Gesch\u00e4tzte Lesezeit":"1\u00a0Minute"},"schema":{"@context":"https:\/\/schema.org","@graph":[{"@type":"Article","@id":"https:\/\/www.berghorizonte.de\/blog\/myanmarreisen_reisebericht\/#article","isPartOf":{"@id":"https:\/\/www.berghorizonte.de\/blog\/myanmarreisen_reisebericht\/"},"author":{"name":"G\u00e4stebuchbeitrag","@id":"https:\/\/www.berghorizonte.de\/blog\/#\/schema\/person\/f2bccafdfb2ccdbd7b08e104f8f3f5f4"},"headline":"Myanmarreisen &#8211; Reisebericht","datePublished":"2016-04-24T10:02:36+00:00","dateModified":"2017-10-11T14:32:29+00:00","mainEntityOfPage":{"@id":"https:\/\/www.berghorizonte.de\/blog\/myanmarreisen_reisebericht\/"},"wordCount":279,"commentCount":0,"publisher":{"@id":"https:\/\/www.berghorizonte.de\/blog\/#organization"},"image":{"@id":"https:\/\/www.berghorizonte.de\/blog\/myanmarreisen_reisebericht\/#primaryimage"},"thumbnailUrl":"https:\/\/www.berghorizonte.de\/blog\/wp-content\/uploads\/2016\/04\/Myanmarreise-e1461491457710.jpg","keywords":["Myanmar","Myanmar Reisen","Myanmarreisen"],"articleSection":["G\u00e4stebuch","News","Reiseberichte &amp; News"],"inLanguage":"de","potentialAction":[{"@type":"CommentAction","name":"Comment","target":["https:\/\/www.berghorizonte.de\/blog\/myanmarreisen_reisebericht\/#respond"]}]},{"@type":"WebPage","@id":"https:\/\/www.berghorizonte.de\/blog\/myanmarreisen_reisebericht\/","url":"https:\/\/www.berghorizonte.de\/blog\/myanmarreisen_reisebericht\/","name":"Trekking und Reisen | berghorizonte.de","isPartOf":{"@id":"https:\/\/www.berghorizonte.de\/blog\/#website"},"primaryImageOfPage":{"@id":"https:\/\/www.berghorizonte.de\/blog\/myanmarreisen_reisebericht\/#primaryimage"},"image":{"@id":"https:\/\/www.berghorizonte.de\/blog\/myanmarreisen_reisebericht\/#primaryimage"},"thumbnailUrl":"https:\/\/www.berghorizonte.de\/blog\/wp-content\/uploads\/2016\/04\/Myanmarreise-e1461491457710.jpg","datePublished":"2016-04-24T10:02:36+00:00","dateModified":"2017-10-11T14:32:29+00:00","description":"Myanmarreisen als Kleingruppe oder Individualreise mit dem Myanmar Reise Experten berghorizonte.de - beste Reisefeedbacks, Erfahrungen und Bewertungen","breadcrumb":{"@id":"https:\/\/www.berghorizonte.de\/blog\/myanmarreisen_reisebericht\/#breadcrumb"},"inLanguage":"de","potentialAction":[{"@type":"ReadAction","target":["https:\/\/www.berghorizonte.de\/blog\/myanmarreisen_reisebericht\/"]}]},{"@type":"ImageObject","inLanguage":"de","@id":"https:\/\/www.berghorizonte.de\/blog\/myanmarreisen_reisebericht\/#primaryimage","url":"https:\/\/www.berghorizonte.de\/blog\/wp-content\/uploads\/2016\/04\/Myanmarreise-e1461491457710.jpg","contentUrl":"https:\/\/www.berghorizonte.de\/blog\/wp-content\/uploads\/2016\/04\/Myanmarreise-e1461491457710.jpg","width":1080,"height":1919},{"@type":"BreadcrumbList","@id":"https:\/\/www.berghorizonte.de\/blog\/myanmarreisen_reisebericht\/#breadcrumb","itemListElement":[{"@type":"ListItem","position":1,"name":"Home","item":"https:\/\/www.berghorizonte.de\/blog\/"},{"@type":"ListItem","position":2,"name":"Myanmarreisen &#8211; Reisebericht"}]},{"@type":"WebSite","@id":"https:\/\/www.berghorizonte.de\/blog\/#website","url":"https:\/\/www.berghorizonte.de\/blog\/","name":"Reiseblog","description":"Erfahrungen, G\u00e4stebuch und Feedbacks alles rund ums Reisen, Wandern, Trekking in Bhutan, Nepal, Peru, Myanmar...","publisher":{"@id":"https:\/\/www.berghorizonte.de\/blog\/#organization"},"potentialAction":[{"@type":"SearchAction","target":{"@type":"EntryPoint","urlTemplate":"https:\/\/www.berghorizonte.de\/blog\/?s={search_term_string}"},"query-input":{"@type":"PropertyValueSpecification","valueRequired":true,"valueName":"search_term_string"}}],"inLanguage":"de"},{"@type":"Organization","@id":"https:\/\/www.berghorizonte.de\/blog\/#organization","name":"berghorizonte","url":"https:\/\/www.berghorizonte.de\/blog\/","logo":{"@type":"ImageObject","inLanguage":"de","@id":"https:\/\/www.berghorizonte.de\/blog\/#\/schema\/logo\/image\/","url":"https:\/\/www.berghorizonte.de\/blog\/wp-content\/uploads\/2014\/11\/berghorizonte_logo_k.jpg","contentUrl":"https:\/\/www.berghorizonte.de\/blog\/wp-content\/uploads\/2014\/11\/berghorizonte_logo_k.jpg","width":425,"height":236,"caption":"berghorizonte"},"image":{"@id":"https:\/\/www.berghorizonte.de\/blog\/#\/schema\/logo\/image\/"}},{"@type":"Person","@id":"https:\/\/www.berghorizonte.de\/blog\/#\/schema\/person\/f2bccafdfb2ccdbd7b08e104f8f3f5f4","name":"G\u00e4stebuchbeitrag","image":{"@type":"ImageObject","inLanguage":"de","@id":"https:\/\/secure.gravatar.com\/avatar\/2f7ccc3d22d720ff556bf57349708a254825802eaef24c77c3f8936cd3048f39?s=96&d=mm&r=g","url":"https:\/\/secure.gravatar.com\/avatar\/2f7ccc3d22d720ff556bf57349708a254825802eaef24c77c3f8936cd3048f39?s=96&d=mm&r=g","contentUrl":"https:\/\/secure.gravatar.com\/avatar\/2f7ccc3d22d720ff556bf57349708a254825802eaef24c77c3f8936cd3048f39?s=96&d=mm&r=g","caption":"G\u00e4stebuchbeitrag"},"url":"https:\/\/www.berghorizonte.de\/blog\/author\/gast\/"}]}},"_links":{"self":[{"href":"https:\/\/www.berghorizonte.de\/blog\/wp-json\/wp\/v2\/posts\/2441","targetHints":{"allow":["GET"]}}],"collection":[{"href":"https:\/\/www.berghorizonte.de\/blog\/wp-json\/wp\/v2\/posts"}],"about":[{"href":"https:\/\/www.berghorizonte.de\/blog\/wp-json\/wp\/v2\/types\/post"}],"author":[{"embeddable":true,"href":"https:\/\/www.berghorizonte.de\/blog\/wp-json\/wp\/v2\/users\/5"}],"replies":[{"embeddable":true,"href":"https:\/\/www.berghorizonte.de\/blog\/wp-json\/wp\/v2\/comments?post=2441"}],"version-history":[{"count":9,"href":"https:\/\/www.berghorizonte.de\/blog\/wp-json\/wp\/v2\/posts\/2441\/revisions"}],"predecessor-version":[{"id":3875,"href":"https:\/\/www.berghorizonte.de\/blog\/wp-json\/wp\/v2\/posts\/2441\/revisions\/3875"}],"wp:featuredmedia":[{"embeddable":true,"href":"https:\/\/www.berghorizonte.de\/blog\/wp-json\/wp\/v2\/media\/2442"}],"wp:attachment":[{"href":"https:\/\/www.berghorizonte.de\/blog\/wp-json\/wp\/v2\/media?parent=2441"}],"wp:term":[{"taxonomy":"category","embeddable":true,"href":"https:\/\/www.berghorizonte.de\/blog\/wp-json\/wp\/v2\/categories?post=2441"},{"taxonomy":"post_tag","embeddable":true,"href":"https:\/\/www.berghorizonte.de\/blog\/wp-json\/wp\/v2\/tags?post=2441"}],"curies":[{"name":"wp","href":"https:\/\/api.w.org\/{rel}","templated":true}]}}