{"id":2807,"date":"2016-07-25T12:24:12","date_gmt":"2016-07-25T10:24:12","guid":{"rendered":"https:\/\/www.berghorizonte.de\/blog\/?p=2807"},"modified":"2017-10-11T16:19:55","modified_gmt":"2017-10-11T14:19:55","slug":"unser-neues-buero-in-kathmandu-ist-fertig","status":"publish","type":"post","link":"https:\/\/www.berghorizonte.de\/blog\/unser-neues-buero-in-kathmandu-ist-fertig\/","title":{"rendered":"Unser neues B\u00fcro in Kathmandu ist fertig!"},"content":{"rendered":"<p>Endlich ist es soweit &#8211; unser neues B\u00fcro in Kathmandu\/Nepal ist nun fertig &#8211; hier entstehen unsere Nepal Qualit\u00e4tsreisen, das berghorizonte Team in Nepal hat einen sehr guten Arbeitsplatz und wird gerecht bezahlt &#8211; daf\u00fcr stehen wir als Reiseveranstalter &amp; Nepal Experte &#8211; Erfahrung seit 22 Jahren: <a href=\"https:\/\/www.berghorizonte.de\" target=\"_blank\" rel=\"noopener\">www.berghorizonte.de<\/a><\/p>\n<div id=\"attachment_2811\" style=\"width: 310px\" class=\"wp-caption aligncenter\"><a href=\"https:\/\/www.berghorizonte.de\/blog\/wp-content\/uploads\/2016\/07\/Nepal_Kathmandu_neues-B\u00fcro-2016-4.jpg\"><img decoding=\"async\" aria-describedby=\"caption-attachment-2811\" class=\"wp-image-2811 size-medium\" title=\"Kumar Rai - unser Supportler\" src=\"https:\/\/www.berghorizonte.de\/blog\/wp-content\/uploads\/2016\/07\/Nepal_Kathmandu_neues-B\u00fcro-2016-4-300x225.jpg\" alt=\"Kumar - unser Supportler\" width=\"300\" height=\"225\" srcset=\"https:\/\/www.berghorizonte.de\/blog\/wp-content\/uploads\/2016\/07\/Nepal_Kathmandu_neues-B\u00fcro-2016-4-300x225.jpg 300w, https:\/\/www.berghorizonte.de\/blog\/wp-content\/uploads\/2016\/07\/Nepal_Kathmandu_neues-B\u00fcro-2016-4.jpg 640w\" sizes=\"(max-width: 300px) 100vw, 300px\" \/><\/a><p id=\"caption-attachment-2811\" class=\"wp-caption-text\">Kumar Rai &#8211; unser Supportler<\/p><\/div>\n<p><a href=\"https:\/\/www.berghorizonte.de\/blog\/wp-content\/uploads\/2016\/07\/Nepal_Kathmandu_neues-B\u00fcro-2016-2.jpg\"><img decoding=\"async\" class=\"aligncenter size-medium wp-image-2809\" src=\"https:\/\/www.berghorizonte.de\/blog\/wp-content\/uploads\/2016\/07\/Nepal_Kathmandu_neues-B\u00fcro-2016-2-300x225.jpg\" alt=\"Nepal_Kathmandu_neues B\u00fcro 2016 (2)\" width=\"300\" height=\"225\" srcset=\"https:\/\/www.berghorizonte.de\/blog\/wp-content\/uploads\/2016\/07\/Nepal_Kathmandu_neues-B\u00fcro-2016-2-300x225.jpg 300w, https:\/\/www.berghorizonte.de\/blog\/wp-content\/uploads\/2016\/07\/Nepal_Kathmandu_neues-B\u00fcro-2016-2.jpg 640w\" sizes=\"(max-width: 300px) 100vw, 300px\" \/><\/a> <a href=\"https:\/\/www.berghorizonte.de\/blog\/wp-content\/uploads\/2016\/07\/Nepal_Kathmandu_neues-B\u00fcro-2016-3.jpg\"><img decoding=\"async\" class=\"aligncenter size-medium wp-image-2810\" src=\"https:\/\/www.berghorizonte.de\/blog\/wp-content\/uploads\/2016\/07\/Nepal_Kathmandu_neues-B\u00fcro-2016-3-300x225.jpg\" alt=\"Nepal_Kathmandu_neues B\u00fcro 2016 (3)\" width=\"300\" height=\"225\" srcset=\"https:\/\/www.berghorizonte.de\/blog\/wp-content\/uploads\/2016\/07\/Nepal_Kathmandu_neues-B\u00fcro-2016-3-300x225.jpg 300w, https:\/\/www.berghorizonte.de\/blog\/wp-content\/uploads\/2016\/07\/Nepal_Kathmandu_neues-B\u00fcro-2016-3.jpg 640w\" sizes=\"(max-width: 300px) 100vw, 300px\" \/><\/a> <a href=\"https:\/\/www.berghorizonte.de\/blog\/wp-content\/uploads\/2016\/07\/Nepal_Kathmandu_neues-B\u00fcro-2016-5.jpg\"><img decoding=\"async\" class=\"aligncenter size-medium wp-image-2812\" src=\"https:\/\/www.berghorizonte.de\/blog\/wp-content\/uploads\/2016\/07\/Nepal_Kathmandu_neues-B\u00fcro-2016-5-300x300.jpg\" alt=\"Nepal_Kathmandu_neues B\u00fcro 2016 (5)\" width=\"300\" height=\"300\" srcset=\"https:\/\/www.berghorizonte.de\/blog\/wp-content\/uploads\/2016\/07\/Nepal_Kathmandu_neues-B\u00fcro-2016-5-150x150.jpg 150w, https:\/\/www.berghorizonte.de\/blog\/wp-content\/uploads\/2016\/07\/Nepal_Kathmandu_neues-B\u00fcro-2016-5-300x300.jpg 300w, https:\/\/www.berghorizonte.de\/blog\/wp-content\/uploads\/2016\/07\/Nepal_Kathmandu_neues-B\u00fcro-2016-5.jpg 640w\" sizes=\"(max-width: 300px) 100vw, 300px\" \/><\/a> <a href=\"https:\/\/www.berghorizonte.de\/blog\/wp-content\/uploads\/2016\/07\/Nepal_Kathmandu_neues-B\u00fcro-2016-6.jpg\"><img decoding=\"async\" class=\"aligncenter size-medium wp-image-2813\" src=\"https:\/\/www.berghorizonte.de\/blog\/wp-content\/uploads\/2016\/07\/Nepal_Kathmandu_neues-B\u00fcro-2016-6-300x300.jpg\" alt=\"Nepal_Kathmandu_neues B\u00fcro 2016 (6)\" width=\"300\" height=\"300\" srcset=\"https:\/\/www.berghorizonte.de\/blog\/wp-content\/uploads\/2016\/07\/Nepal_Kathmandu_neues-B\u00fcro-2016-6-150x150.jpg 150w, https:\/\/www.berghorizonte.de\/blog\/wp-content\/uploads\/2016\/07\/Nepal_Kathmandu_neues-B\u00fcro-2016-6-300x300.jpg 300w, https:\/\/www.berghorizonte.de\/blog\/wp-content\/uploads\/2016\/07\/Nepal_Kathmandu_neues-B\u00fcro-2016-6.jpg 640w\" sizes=\"(max-width: 300px) 100vw, 300px\" \/><\/a> <a href=\"https:\/\/www.berghorizonte.de\/blog\/wp-content\/uploads\/2016\/07\/Nepal_Kathmandu_neues-B\u00fcro-2016-7.jpg\"><img decoding=\"async\" class=\"aligncenter size-medium wp-image-2814\" src=\"https:\/\/www.berghorizonte.de\/blog\/wp-content\/uploads\/2016\/07\/Nepal_Kathmandu_neues-B\u00fcro-2016-7-300x300.jpg\" alt=\"Nepal_Kathmandu_neues B\u00fcro 2016 (7)\" width=\"300\" height=\"300\" srcset=\"https:\/\/www.berghorizonte.de\/blog\/wp-content\/uploads\/2016\/07\/Nepal_Kathmandu_neues-B\u00fcro-2016-7-150x150.jpg 150w, https:\/\/www.berghorizonte.de\/blog\/wp-content\/uploads\/2016\/07\/Nepal_Kathmandu_neues-B\u00fcro-2016-7-300x300.jpg 300w, https:\/\/www.berghorizonte.de\/blog\/wp-content\/uploads\/2016\/07\/Nepal_Kathmandu_neues-B\u00fcro-2016-7.jpg 640w\" sizes=\"(max-width: 300px) 100vw, 300px\" \/><\/a> <a href=\"https:\/\/www.berghorizonte.de\/blog\/wp-content\/uploads\/2016\/07\/Nepal_Kathmandu_neues-B\u00fcro-2016-8.jpg\"><img decoding=\"async\" class=\"aligncenter size-medium wp-image-2815\" src=\"https:\/\/www.berghorizonte.de\/blog\/wp-content\/uploads\/2016\/07\/Nepal_Kathmandu_neues-B\u00fcro-2016-8-300x300.jpg\" alt=\"Nepal_Kathmandu_neues B\u00fcro 2016 (8)\" width=\"300\" height=\"300\" srcset=\"https:\/\/www.berghorizonte.de\/blog\/wp-content\/uploads\/2016\/07\/Nepal_Kathmandu_neues-B\u00fcro-2016-8-150x150.jpg 150w, https:\/\/www.berghorizonte.de\/blog\/wp-content\/uploads\/2016\/07\/Nepal_Kathmandu_neues-B\u00fcro-2016-8-300x300.jpg 300w, https:\/\/www.berghorizonte.de\/blog\/wp-content\/uploads\/2016\/07\/Nepal_Kathmandu_neues-B\u00fcro-2016-8.jpg 640w\" sizes=\"(max-width: 300px) 100vw, 300px\" \/><\/a><\/p>\n","protected":false},"excerpt":{"rendered":"<p>Endlich ist es soweit &#8211; unser neues B\u00fcro in Kathmandu\/Nepal ist nun fertig &#8211; hier entstehen unsere Nepal Qualit\u00e4tsreisen, das berghorizonte Team in Nepal hat  [&#8230;]<\/p>\n","protected":false},"author":3,"featured_media":2808,"comment_status":"open","ping_status":"open","sticky":false,"template":"","format":"standard","meta":{"footnotes":""},"categories":[16,6],"tags":[270,271,28,23],"class_list":["post-2807","post","type-post","status-publish","format-standard","has-post-thumbnail","hentry","category-news","category-nepal","tag-nepal-buero","tag-nepal-kathmandu","tag-nepal-trekking","tag-nepal-reisen"],"yoast_head":"<!-- This site is optimized with the Yoast SEO plugin v27.5 - https:\/\/yoast.com\/product\/yoast-seo-wordpress\/ -->\n<title>Trekking und Reisen | berghorizonte.de<\/title>\n<meta name=\"robots\" content=\"index, follow, max-snippet:-1, max-image-preview:large, max-video-preview:-1\" \/>\n<link rel=\"canonical\" href=\"https:\/\/www.berghorizonte.de\/blog\/unser-neues-buero-in-kathmandu-ist-fertig\/\" \/>\n<meta property=\"og:locale\" content=\"de_DE\" \/>\n<meta property=\"og:type\" content=\"article\" \/>\n<meta property=\"og:title\" content=\"Trekking und Reisen | berghorizonte.de\" \/>\n<meta property=\"og:description\" content=\"Endlich ist es soweit &#8211; unser neues B\u00fcro in Kathmandu\/Nepal ist nun fertig &#8211; hier entstehen unsere Nepal Qualit\u00e4tsreisen, das berghorizonte Team in Nepal hat [...]\" \/>\n<meta property=\"og:url\" content=\"https:\/\/www.berghorizonte.de\/blog\/unser-neues-buero-in-kathmandu-ist-fertig\/\" \/>\n<meta property=\"og:site_name\" content=\"Reiseblog\" \/>\n<meta property=\"article:author\" content=\"https:\/\/www.facebook.com\/Berghorizonte\" \/>\n<meta property=\"article:published_time\" content=\"2016-07-25T10:24:12+00:00\" \/>\n<meta property=\"article:modified_time\" content=\"2017-10-11T14:19:55+00:00\" \/>\n<meta property=\"og:image\" content=\"https:\/\/www.berghorizonte.de\/blog\/wp-content\/uploads\/2016\/07\/Nepal_Kathmandu_neues-B\u00fcro-2016-1.jpg\" \/>\n\t<meta property=\"og:image:width\" content=\"640\" \/>\n\t<meta property=\"og:image:height\" content=\"480\" \/>\n\t<meta property=\"og:image:type\" content=\"image\/jpeg\" \/>\n<meta name=\"author\" content=\"Christian Schubert\" \/>\n<meta name=\"twitter:label1\" content=\"Verfasst von\" \/>\n\t<meta name=\"twitter:data1\" content=\"Christian Schubert\" \/>\n<script type=\"application\/ld+json\" class=\"yoast-schema-graph\">{\"@context\":\"https:\\\/\\\/schema.org\",\"@graph\":[{\"@type\":\"Article\",\"@id\":\"https:\\\/\\\/www.berghorizonte.de\\\/blog\\\/unser-neues-buero-in-kathmandu-ist-fertig\\\/#article\",\"isPartOf\":{\"@id\":\"https:\\\/\\\/www.berghorizonte.de\\\/blog\\\/unser-neues-buero-in-kathmandu-ist-fertig\\\/\"},\"author\":{\"name\":\"Christian Schubert\",\"@id\":\"https:\\\/\\\/www.berghorizonte.de\\\/blog\\\/#\\\/schema\\\/person\\\/2896e70db1c39ca21796913684db7138\"},\"headline\":\"Unser neues B\u00fcro in Kathmandu ist fertig!\",\"datePublished\":\"2016-07-25T10:24:12+00:00\",\"dateModified\":\"2017-10-11T14:19:55+00:00\",\"mainEntityOfPage\":{\"@id\":\"https:\\\/\\\/www.berghorizonte.de\\\/blog\\\/unser-neues-buero-in-kathmandu-ist-fertig\\\/\"},\"wordCount\":73,\"commentCount\":0,\"publisher\":{\"@id\":\"https:\\\/\\\/www.berghorizonte.de\\\/blog\\\/#organization\"},\"image\":{\"@id\":\"https:\\\/\\\/www.berghorizonte.de\\\/blog\\\/unser-neues-buero-in-kathmandu-ist-fertig\\\/#primaryimage\"},\"thumbnailUrl\":\"https:\\\/\\\/www.berghorizonte.de\\\/blog\\\/wp-content\\\/uploads\\\/2016\\\/07\\\/Nepal_Kathmandu_neues-B\u00fcro-2016-1.jpg\",\"keywords\":[\"Nepal B\u00fcro\",\"Nepal Kathmandu\",\"Nepal Trekking\",\"Nepal-Reisen\"],\"articleSection\":[\"News\",\"Reiseberichte &amp; News\"],\"inLanguage\":\"de\",\"potentialAction\":[{\"@type\":\"CommentAction\",\"name\":\"Comment\",\"target\":[\"https:\\\/\\\/www.berghorizonte.de\\\/blog\\\/unser-neues-buero-in-kathmandu-ist-fertig\\\/#respond\"]}]},{\"@type\":\"WebPage\",\"@id\":\"https:\\\/\\\/www.berghorizonte.de\\\/blog\\\/unser-neues-buero-in-kathmandu-ist-fertig\\\/\",\"url\":\"https:\\\/\\\/www.berghorizonte.de\\\/blog\\\/unser-neues-buero-in-kathmandu-ist-fertig\\\/\",\"name\":\"Trekking und Reisen | berghorizonte.de\",\"isPartOf\":{\"@id\":\"https:\\\/\\\/www.berghorizonte.de\\\/blog\\\/#website\"},\"primaryImageOfPage\":{\"@id\":\"https:\\\/\\\/www.berghorizonte.de\\\/blog\\\/unser-neues-buero-in-kathmandu-ist-fertig\\\/#primaryimage\"},\"image\":{\"@id\":\"https:\\\/\\\/www.berghorizonte.de\\\/blog\\\/unser-neues-buero-in-kathmandu-ist-fertig\\\/#primaryimage\"},\"thumbnailUrl\":\"https:\\\/\\\/www.berghorizonte.de\\\/blog\\\/wp-content\\\/uploads\\\/2016\\\/07\\\/Nepal_Kathmandu_neues-B\u00fcro-2016-1.jpg\",\"datePublished\":\"2016-07-25T10:24:12+00:00\",\"dateModified\":\"2017-10-11T14:19:55+00:00\",\"breadcrumb\":{\"@id\":\"https:\\\/\\\/www.berghorizonte.de\\\/blog\\\/unser-neues-buero-in-kathmandu-ist-fertig\\\/#breadcrumb\"},\"inLanguage\":\"de\",\"potentialAction\":[{\"@type\":\"ReadAction\",\"target\":[\"https:\\\/\\\/www.berghorizonte.de\\\/blog\\\/unser-neues-buero-in-kathmandu-ist-fertig\\\/\"]}]},{\"@type\":\"ImageObject\",\"inLanguage\":\"de\",\"@id\":\"https:\\\/\\\/www.berghorizonte.de\\\/blog\\\/unser-neues-buero-in-kathmandu-ist-fertig\\\/#primaryimage\",\"url\":\"https:\\\/\\\/www.berghorizonte.de\\\/blog\\\/wp-content\\\/uploads\\\/2016\\\/07\\\/Nepal_Kathmandu_neues-B\u00fcro-2016-1.jpg\",\"contentUrl\":\"https:\\\/\\\/www.berghorizonte.de\\\/blog\\\/wp-content\\\/uploads\\\/2016\\\/07\\\/Nepal_Kathmandu_neues-B\u00fcro-2016-1.jpg\",\"width\":640,\"height\":480},{\"@type\":\"BreadcrumbList\",\"@id\":\"https:\\\/\\\/www.berghorizonte.de\\\/blog\\\/unser-neues-buero-in-kathmandu-ist-fertig\\\/#breadcrumb\",\"itemListElement\":[{\"@type\":\"ListItem\",\"position\":1,\"name\":\"Home\",\"item\":\"https:\\\/\\\/www.berghorizonte.de\\\/blog\\\/\"},{\"@type\":\"ListItem\",\"position\":2,\"name\":\"Unser neues B\u00fcro in Kathmandu ist fertig!\"}]},{\"@type\":\"WebSite\",\"@id\":\"https:\\\/\\\/www.berghorizonte.de\\\/blog\\\/#website\",\"url\":\"https:\\\/\\\/www.berghorizonte.de\\\/blog\\\/\",\"name\":\"Reiseblog\",\"description\":\"Erfahrungen, G\u00e4stebuch und Feedbacks alles rund ums Reisen, Wandern, Trekking in Bhutan, Nepal, Peru, Myanmar...\",\"publisher\":{\"@id\":\"https:\\\/\\\/www.berghorizonte.de\\\/blog\\\/#organization\"},\"potentialAction\":[{\"@type\":\"SearchAction\",\"target\":{\"@type\":\"EntryPoint\",\"urlTemplate\":\"https:\\\/\\\/www.berghorizonte.de\\\/blog\\\/?s={search_term_string}\"},\"query-input\":{\"@type\":\"PropertyValueSpecification\",\"valueRequired\":true,\"valueName\":\"search_term_string\"}}],\"inLanguage\":\"de\"},{\"@type\":\"Organization\",\"@id\":\"https:\\\/\\\/www.berghorizonte.de\\\/blog\\\/#organization\",\"name\":\"berghorizonte\",\"url\":\"https:\\\/\\\/www.berghorizonte.de\\\/blog\\\/\",\"logo\":{\"@type\":\"ImageObject\",\"inLanguage\":\"de\",\"@id\":\"https:\\\/\\\/www.berghorizonte.de\\\/blog\\\/#\\\/schema\\\/logo\\\/image\\\/\",\"url\":\"https:\\\/\\\/www.berghorizonte.de\\\/blog\\\/wp-content\\\/uploads\\\/2014\\\/11\\\/berghorizonte_logo_k.jpg\",\"contentUrl\":\"https:\\\/\\\/www.berghorizonte.de\\\/blog\\\/wp-content\\\/uploads\\\/2014\\\/11\\\/berghorizonte_logo_k.jpg\",\"width\":425,\"height\":236,\"caption\":\"berghorizonte\"},\"image\":{\"@id\":\"https:\\\/\\\/www.berghorizonte.de\\\/blog\\\/#\\\/schema\\\/logo\\\/image\\\/\"}},{\"@type\":\"Person\",\"@id\":\"https:\\\/\\\/www.berghorizonte.de\\\/blog\\\/#\\\/schema\\\/person\\\/2896e70db1c39ca21796913684db7138\",\"name\":\"Christian Schubert\",\"image\":{\"@type\":\"ImageObject\",\"inLanguage\":\"de\",\"@id\":\"https:\\\/\\\/www.berghorizonte.de\\\/blog\\\/wp-content\\\/uploads\\\/2013\\\/06\\\/Christian-Schubert_avatar_1372607758-96x96.jpg\",\"url\":\"https:\\\/\\\/www.berghorizonte.de\\\/blog\\\/wp-content\\\/uploads\\\/2013\\\/06\\\/Christian-Schubert_avatar_1372607758-96x96.jpg\",\"contentUrl\":\"https:\\\/\\\/www.berghorizonte.de\\\/blog\\\/wp-content\\\/uploads\\\/2013\\\/06\\\/Christian-Schubert_avatar_1372607758-96x96.jpg\",\"caption\":\"Christian Schubert\"},\"description\":\"Christian Schubert ist Gr\u00fcnder und Inhaber des lizenzierten Reiseveranstalter berghorizonte und leidenschafticher Bergsteiger, Trekker und Reisender. Monatelange Reisen in Nepal, Bhutan, Tibet, Pakistan und anderen Regionen im Himalaya sowie S\u00fcdamerika und sogar an den ganz hohen Bergen pr\u00e4gen seinen hohen Erfahrungsschatz. Seine Spezialgebiete sind Trekkingtouren und Kulturreisen bis 6000m im Himalaya und den Anden. Als absoluter Bhutan- und Nepal Kenner besucht er die beiden Himalayastaaten jedes Jahr und forscht nach neuen Wegen, Treks und Rundreisen. Von seiner grossen \u00fcber 20 j\u00e4hrigen Erfahrung und den guten Kontakten vor Ort profitieren seine G\u00e4ste...\",\"sameAs\":[\"https:\\\/\\\/www.berghorizonte.de\",\"https:\\\/\\\/www.facebook.com\\\/Berghorizonte\",\"https:\\\/\\\/x.com\\\/berghorizonte\"],\"url\":\"https:\\\/\\\/www.berghorizonte.de\\\/blog\\\/author\\\/cschubert\\\/\"}]}<\/script>\n<!-- \/ Yoast SEO plugin. -->","yoast_head_json":{"title":"Trekking und Reisen | berghorizonte.de","robots":{"index":"index","follow":"follow","max-snippet":"max-snippet:-1","max-image-preview":"max-image-preview:large","max-video-preview":"max-video-preview:-1"},"canonical":"https:\/\/www.berghorizonte.de\/blog\/unser-neues-buero-in-kathmandu-ist-fertig\/","og_locale":"de_DE","og_type":"article","og_title":"Trekking und Reisen | berghorizonte.de","og_description":"Endlich ist es soweit &#8211; unser neues B\u00fcro in Kathmandu\/Nepal ist nun fertig &#8211; hier entstehen unsere Nepal Qualit\u00e4tsreisen, das berghorizonte Team in Nepal hat [...]","og_url":"https:\/\/www.berghorizonte.de\/blog\/unser-neues-buero-in-kathmandu-ist-fertig\/","og_site_name":"Reiseblog","article_author":"https:\/\/www.facebook.com\/Berghorizonte","article_published_time":"2016-07-25T10:24:12+00:00","article_modified_time":"2017-10-11T14:19:55+00:00","og_image":[{"width":640,"height":480,"url":"https:\/\/www.berghorizonte.de\/blog\/wp-content\/uploads\/2016\/07\/Nepal_Kathmandu_neues-B\u00fcro-2016-1.jpg","type":"image\/jpeg"}],"author":"Christian Schubert","twitter_misc":{"Verfasst von":"Christian Schubert"},"schema":{"@context":"https:\/\/schema.org","@graph":[{"@type":"Article","@id":"https:\/\/www.berghorizonte.de\/blog\/unser-neues-buero-in-kathmandu-ist-fertig\/#article","isPartOf":{"@id":"https:\/\/www.berghorizonte.de\/blog\/unser-neues-buero-in-kathmandu-ist-fertig\/"},"author":{"name":"Christian Schubert","@id":"https:\/\/www.berghorizonte.de\/blog\/#\/schema\/person\/2896e70db1c39ca21796913684db7138"},"headline":"Unser neues B\u00fcro in Kathmandu ist fertig!","datePublished":"2016-07-25T10:24:12+00:00","dateModified":"2017-10-11T14:19:55+00:00","mainEntityOfPage":{"@id":"https:\/\/www.berghorizonte.de\/blog\/unser-neues-buero-in-kathmandu-ist-fertig\/"},"wordCount":73,"commentCount":0,"publisher":{"@id":"https:\/\/www.berghorizonte.de\/blog\/#organization"},"image":{"@id":"https:\/\/www.berghorizonte.de\/blog\/unser-neues-buero-in-kathmandu-ist-fertig\/#primaryimage"},"thumbnailUrl":"https:\/\/www.berghorizonte.de\/blog\/wp-content\/uploads\/2016\/07\/Nepal_Kathmandu_neues-B\u00fcro-2016-1.jpg","keywords":["Nepal B\u00fcro","Nepal Kathmandu","Nepal Trekking","Nepal-Reisen"],"articleSection":["News","Reiseberichte &amp; News"],"inLanguage":"de","potentialAction":[{"@type":"CommentAction","name":"Comment","target":["https:\/\/www.berghorizonte.de\/blog\/unser-neues-buero-in-kathmandu-ist-fertig\/#respond"]}]},{"@type":"WebPage","@id":"https:\/\/www.berghorizonte.de\/blog\/unser-neues-buero-in-kathmandu-ist-fertig\/","url":"https:\/\/www.berghorizonte.de\/blog\/unser-neues-buero-in-kathmandu-ist-fertig\/","name":"Trekking und Reisen | berghorizonte.de","isPartOf":{"@id":"https:\/\/www.berghorizonte.de\/blog\/#website"},"primaryImageOfPage":{"@id":"https:\/\/www.berghorizonte.de\/blog\/unser-neues-buero-in-kathmandu-ist-fertig\/#primaryimage"},"image":{"@id":"https:\/\/www.berghorizonte.de\/blog\/unser-neues-buero-in-kathmandu-ist-fertig\/#primaryimage"},"thumbnailUrl":"https:\/\/www.berghorizonte.de\/blog\/wp-content\/uploads\/2016\/07\/Nepal_Kathmandu_neues-B\u00fcro-2016-1.jpg","datePublished":"2016-07-25T10:24:12+00:00","dateModified":"2017-10-11T14:19:55+00:00","breadcrumb":{"@id":"https:\/\/www.berghorizonte.de\/blog\/unser-neues-buero-in-kathmandu-ist-fertig\/#breadcrumb"},"inLanguage":"de","potentialAction":[{"@type":"ReadAction","target":["https:\/\/www.berghorizonte.de\/blog\/unser-neues-buero-in-kathmandu-ist-fertig\/"]}]},{"@type":"ImageObject","inLanguage":"de","@id":"https:\/\/www.berghorizonte.de\/blog\/unser-neues-buero-in-kathmandu-ist-fertig\/#primaryimage","url":"https:\/\/www.berghorizonte.de\/blog\/wp-content\/uploads\/2016\/07\/Nepal_Kathmandu_neues-B\u00fcro-2016-1.jpg","contentUrl":"https:\/\/www.berghorizonte.de\/blog\/wp-content\/uploads\/2016\/07\/Nepal_Kathmandu_neues-B\u00fcro-2016-1.jpg","width":640,"height":480},{"@type":"BreadcrumbList","@id":"https:\/\/www.berghorizonte.de\/blog\/unser-neues-buero-in-kathmandu-ist-fertig\/#breadcrumb","itemListElement":[{"@type":"ListItem","position":1,"name":"Home","item":"https:\/\/www.berghorizonte.de\/blog\/"},{"@type":"ListItem","position":2,"name":"Unser neues B\u00fcro in Kathmandu ist fertig!"}]},{"@type":"WebSite","@id":"https:\/\/www.berghorizonte.de\/blog\/#website","url":"https:\/\/www.berghorizonte.de\/blog\/","name":"Reiseblog","description":"Erfahrungen, G\u00e4stebuch und Feedbacks alles rund ums Reisen, Wandern, Trekking in Bhutan, Nepal, Peru, Myanmar...","publisher":{"@id":"https:\/\/www.berghorizonte.de\/blog\/#organization"},"potentialAction":[{"@type":"SearchAction","target":{"@type":"EntryPoint","urlTemplate":"https:\/\/www.berghorizonte.de\/blog\/?s={search_term_string}"},"query-input":{"@type":"PropertyValueSpecification","valueRequired":true,"valueName":"search_term_string"}}],"inLanguage":"de"},{"@type":"Organization","@id":"https:\/\/www.berghorizonte.de\/blog\/#organization","name":"berghorizonte","url":"https:\/\/www.berghorizonte.de\/blog\/","logo":{"@type":"ImageObject","inLanguage":"de","@id":"https:\/\/www.berghorizonte.de\/blog\/#\/schema\/logo\/image\/","url":"https:\/\/www.berghorizonte.de\/blog\/wp-content\/uploads\/2014\/11\/berghorizonte_logo_k.jpg","contentUrl":"https:\/\/www.berghorizonte.de\/blog\/wp-content\/uploads\/2014\/11\/berghorizonte_logo_k.jpg","width":425,"height":236,"caption":"berghorizonte"},"image":{"@id":"https:\/\/www.berghorizonte.de\/blog\/#\/schema\/logo\/image\/"}},{"@type":"Person","@id":"https:\/\/www.berghorizonte.de\/blog\/#\/schema\/person\/2896e70db1c39ca21796913684db7138","name":"Christian Schubert","image":{"@type":"ImageObject","inLanguage":"de","@id":"https:\/\/www.berghorizonte.de\/blog\/wp-content\/uploads\/2013\/06\/Christian-Schubert_avatar_1372607758-96x96.jpg","url":"https:\/\/www.berghorizonte.de\/blog\/wp-content\/uploads\/2013\/06\/Christian-Schubert_avatar_1372607758-96x96.jpg","contentUrl":"https:\/\/www.berghorizonte.de\/blog\/wp-content\/uploads\/2013\/06\/Christian-Schubert_avatar_1372607758-96x96.jpg","caption":"Christian Schubert"},"description":"Christian Schubert ist Gr\u00fcnder und Inhaber des lizenzierten Reiseveranstalter berghorizonte und leidenschafticher Bergsteiger, Trekker und Reisender. Monatelange Reisen in Nepal, Bhutan, Tibet, Pakistan und anderen Regionen im Himalaya sowie S\u00fcdamerika und sogar an den ganz hohen Bergen pr\u00e4gen seinen hohen Erfahrungsschatz. Seine Spezialgebiete sind Trekkingtouren und Kulturreisen bis 6000m im Himalaya und den Anden. Als absoluter Bhutan- und Nepal Kenner besucht er die beiden Himalayastaaten jedes Jahr und forscht nach neuen Wegen, Treks und Rundreisen. Von seiner grossen \u00fcber 20 j\u00e4hrigen Erfahrung und den guten Kontakten vor Ort profitieren seine G\u00e4ste...","sameAs":["https:\/\/www.berghorizonte.de","https:\/\/www.facebook.com\/Berghorizonte","https:\/\/x.com\/berghorizonte"],"url":"https:\/\/www.berghorizonte.de\/blog\/author\/cschubert\/"}]}},"_links":{"self":[{"href":"https:\/\/www.berghorizonte.de\/blog\/wp-json\/wp\/v2\/posts\/2807","targetHints":{"allow":["GET"]}}],"collection":[{"href":"https:\/\/www.berghorizonte.de\/blog\/wp-json\/wp\/v2\/posts"}],"about":[{"href":"https:\/\/www.berghorizonte.de\/blog\/wp-json\/wp\/v2\/types\/post"}],"author":[{"embeddable":true,"href":"https:\/\/www.berghorizonte.de\/blog\/wp-json\/wp\/v2\/users\/3"}],"replies":[{"embeddable":true,"href":"https:\/\/www.berghorizonte.de\/blog\/wp-json\/wp\/v2\/comments?post=2807"}],"version-history":[{"count":6,"href":"https:\/\/www.berghorizonte.de\/blog\/wp-json\/wp\/v2\/posts\/2807\/revisions"}],"predecessor-version":[{"id":3861,"href":"https:\/\/www.berghorizonte.de\/blog\/wp-json\/wp\/v2\/posts\/2807\/revisions\/3861"}],"wp:featuredmedia":[{"embeddable":true,"href":"https:\/\/www.berghorizonte.de\/blog\/wp-json\/wp\/v2\/media\/2808"}],"wp:attachment":[{"href":"https:\/\/www.berghorizonte.de\/blog\/wp-json\/wp\/v2\/media?parent=2807"}],"wp:term":[{"taxonomy":"category","embeddable":true,"href":"https:\/\/www.berghorizonte.de\/blog\/wp-json\/wp\/v2\/categories?post=2807"},{"taxonomy":"post_tag","embeddable":true,"href":"https:\/\/www.berghorizonte.de\/blog\/wp-json\/wp\/v2\/tags?post=2807"}],"curies":[{"name":"wp","href":"https:\/\/api.w.org\/{rel}","templated":true}]}}