{"id":3027,"date":"2016-11-21T16:10:46","date_gmt":"2016-11-21T14:10:46","guid":{"rendered":"https:\/\/www.berghorizonte.de\/blog\/?p=3027"},"modified":"2017-10-11T15:49:34","modified_gmt":"2017-10-11T13:49:34","slug":"tibet_nepal_everest_heli","status":"publish","type":"post","link":"https:\/\/www.berghorizonte.de\/blog\/tibet_nepal_everest_heli\/","title":{"rendered":"EVEREST 360\u00b0 &#8211; Von Tibet nach Nepal und Chitwan Dschungel Safari"},"content":{"rendered":"<div id=\"attachment_3030\" style=\"width: 810px\" class=\"wp-caption aligncenter\"><a href=\"https:\/\/www.berghorizonte.de\/blog\/wp-content\/uploads\/2016\/11\/DSC06140-800x533.jpg\"><img decoding=\"async\" aria-describedby=\"caption-attachment-3030\" class=\"wp-image-3030 size-full\" title=\"Tibet - Potala Palast\" src=\"https:\/\/www.berghorizonte.de\/blog\/wp-content\/uploads\/2016\/11\/DSC06140-800x533.jpg\" alt=\"Tibet - Potala Palast\" width=\"800\" height=\"533\" srcset=\"https:\/\/www.berghorizonte.de\/blog\/wp-content\/uploads\/2016\/11\/DSC06140-800x533-300x200.jpg 300w, https:\/\/www.berghorizonte.de\/blog\/wp-content\/uploads\/2016\/11\/DSC06140-800x533-768x512.jpg 768w, https:\/\/www.berghorizonte.de\/blog\/wp-content\/uploads\/2016\/11\/DSC06140-800x533.jpg 800w\" sizes=\"(max-width: 800px) 100vw, 800px\" \/><\/a><p id=\"caption-attachment-3030\" class=\"wp-caption-text\">Tibet &#8211; Potala Palast<\/p><\/div>\n<div id=\"attachment_3095\" style=\"width: 310px\" class=\"wp-caption aligncenter\"><a href=\"https:\/\/www.berghorizonte.de\/blog\/wp-content\/uploads\/2016\/11\/DSC06449-800x533-1.jpg\"><img decoding=\"async\" aria-describedby=\"caption-attachment-3095\" class=\"wp-image-3095 size-medium\" title=\"Tibet - Namtso Lake\" src=\"https:\/\/www.berghorizonte.de\/blog\/wp-content\/uploads\/2016\/11\/DSC06449-800x533-1-300x200.jpg\" alt=\"Tibet - Namtso Lake\" width=\"300\" height=\"200\" srcset=\"https:\/\/www.berghorizonte.de\/blog\/wp-content\/uploads\/2016\/11\/DSC06449-800x533-1-300x200.jpg 300w, https:\/\/www.berghorizonte.de\/blog\/wp-content\/uploads\/2016\/11\/DSC06449-800x533-1-768x512.jpg 768w, https:\/\/www.berghorizonte.de\/blog\/wp-content\/uploads\/2016\/11\/DSC06449-800x533-1.jpg 800w\" sizes=\"(max-width: 300px) 100vw, 300px\" \/><\/a><p id=\"caption-attachment-3095\" class=\"wp-caption-text\">Tibet &#8211; Namtso Lake<\/p><\/div>\n<div id=\"attachment_3084\" style=\"width: 310px\" class=\"wp-caption aligncenter\"><a href=\"https:\/\/www.berghorizonte.de\/blog\/wp-content\/uploads\/2016\/11\/DSC06776-800x533.jpg\"><img decoding=\"async\" aria-describedby=\"caption-attachment-3084\" class=\"wp-image-3084 size-medium\" title=\"Einzigartige Blick zum Mt. Everest\" src=\"https:\/\/www.berghorizonte.de\/blog\/wp-content\/uploads\/2016\/11\/DSC06776-800x533-300x200.jpg\" alt=\"Einzigartige Blick zum Mt. Everest\" width=\"300\" height=\"200\" srcset=\"https:\/\/www.berghorizonte.de\/blog\/wp-content\/uploads\/2016\/11\/DSC06776-800x533-300x200.jpg 300w, https:\/\/www.berghorizonte.de\/blog\/wp-content\/uploads\/2016\/11\/DSC06776-800x533-768x512.jpg 768w, https:\/\/www.berghorizonte.de\/blog\/wp-content\/uploads\/2016\/11\/DSC06776-800x533.jpg 800w\" sizes=\"(max-width: 300px) 100vw, 300px\" \/><\/a><p id=\"caption-attachment-3084\" class=\"wp-caption-text\">Einzigartige Blick zum Mt. Everest<\/p><\/div>\n<div id=\"attachment_3085\" style=\"width: 310px\" class=\"wp-caption aligncenter\"><a href=\"https:\/\/www.berghorizonte.de\/blog\/wp-content\/uploads\/2016\/11\/DSC06781-800x533.jpg\"><img decoding=\"async\" aria-describedby=\"caption-attachment-3085\" class=\"wp-image-3085 size-medium\" title=\"Tibet - Mt. Everest 8848m \" src=\"https:\/\/www.berghorizonte.de\/blog\/wp-content\/uploads\/2016\/11\/DSC06781-800x533-300x200.jpg\" alt=\"Tibet - Mt. Everest 8848m \" width=\"300\" height=\"200\" srcset=\"https:\/\/www.berghorizonte.de\/blog\/wp-content\/uploads\/2016\/11\/DSC06781-800x533-300x200.jpg 300w, https:\/\/www.berghorizonte.de\/blog\/wp-content\/uploads\/2016\/11\/DSC06781-800x533-768x512.jpg 768w, https:\/\/www.berghorizonte.de\/blog\/wp-content\/uploads\/2016\/11\/DSC06781-800x533.jpg 800w\" sizes=\"(max-width: 300px) 100vw, 300px\" \/><\/a><p id=\"caption-attachment-3085\" class=\"wp-caption-text\">Tibet &#8211; Mt. Everest 8848m<\/p><\/div>\n<div id=\"attachment_3090\" style=\"width: 310px\" class=\"wp-caption aligncenter\"><a href=\"https:\/\/www.berghorizonte.de\/blog\/wp-content\/uploads\/2016\/11\/P1070442-800x600.jpg\"><img decoding=\"async\" aria-describedby=\"caption-attachment-3090\" class=\"wp-image-3090 size-medium\" title=\"Tibetischer Guide &amp; Fahrer mit berghorizonte G\u00e4sten\" src=\"https:\/\/www.berghorizonte.de\/blog\/wp-content\/uploads\/2016\/11\/P1070442-800x600-300x225.jpg\" alt=\"Tibetischer Guide und Fahrer mit berghorizonte Gast\" width=\"300\" height=\"225\" srcset=\"https:\/\/www.berghorizonte.de\/blog\/wp-content\/uploads\/2016\/11\/P1070442-800x600-300x225.jpg 300w, https:\/\/www.berghorizonte.de\/blog\/wp-content\/uploads\/2016\/11\/P1070442-800x600-768x576.jpg 768w, https:\/\/www.berghorizonte.de\/blog\/wp-content\/uploads\/2016\/11\/P1070442-800x600.jpg 800w\" sizes=\"(max-width: 300px) 100vw, 300px\" \/><\/a><p id=\"caption-attachment-3090\" class=\"wp-caption-text\">Tibetischer Guide und Fahrer mit berghorizonte Gast<\/p><\/div>\n<div id=\"attachment_3088\" style=\"width: 310px\" class=\"wp-caption aligncenter\"><a href=\"https:\/\/www.berghorizonte.de\/blog\/wp-content\/uploads\/2016\/11\/DSC07072-800x533.jpg\"><img decoding=\"async\" aria-describedby=\"caption-attachment-3088\" class=\"wp-image-3088 size-medium\" title=\"Beste Passstrassen in Tibet und tolles Panorama\" src=\"https:\/\/www.berghorizonte.de\/blog\/wp-content\/uploads\/2016\/11\/DSC07072-800x533-300x200.jpg\" alt=\"Beste Passstrassen in Tibet und tolles Panorama\" width=\"300\" height=\"200\" srcset=\"https:\/\/www.berghorizonte.de\/blog\/wp-content\/uploads\/2016\/11\/DSC07072-800x533-300x200.jpg 300w, https:\/\/www.berghorizonte.de\/blog\/wp-content\/uploads\/2016\/11\/DSC07072-800x533-768x512.jpg 768w, https:\/\/www.berghorizonte.de\/blog\/wp-content\/uploads\/2016\/11\/DSC07072-800x533.jpg 800w\" sizes=\"(max-width: 300px) 100vw, 300px\" \/><\/a><p id=\"caption-attachment-3088\" class=\"wp-caption-text\">Beste Passstrassen in Tibet und tolles Panorama<\/p><\/div>\n<div id=\"attachment_3087\" style=\"width: 310px\" class=\"wp-caption aligncenter\"><a href=\"https:\/\/www.berghorizonte.de\/blog\/wp-content\/uploads\/2016\/11\/DSC07015-800x533.jpg\"><img decoding=\"async\" aria-describedby=\"caption-attachment-3087\" class=\"wp-image-3087 size-medium\" title=\"Everest Base Camp Nordseite - Blick zum Mount Everest \" src=\"https:\/\/www.berghorizonte.de\/blog\/wp-content\/uploads\/2016\/11\/DSC07015-800x533-300x200.jpg\" alt=\"Everest Base Camp Nordseite - Blick zum Mount Everest \" width=\"300\" height=\"200\" srcset=\"https:\/\/www.berghorizonte.de\/blog\/wp-content\/uploads\/2016\/11\/DSC07015-800x533-300x200.jpg 300w, https:\/\/www.berghorizonte.de\/blog\/wp-content\/uploads\/2016\/11\/DSC07015-800x533-768x512.jpg 768w, https:\/\/www.berghorizonte.de\/blog\/wp-content\/uploads\/2016\/11\/DSC07015-800x533.jpg 800w\" sizes=\"(max-width: 300px) 100vw, 300px\" \/><\/a><p id=\"caption-attachment-3087\" class=\"wp-caption-text\">Everest Base Camp Nordseite &#8211; Blick zum Mount Everest<\/p><\/div>\n<p><a href=\"https:\/\/www.berghorizonte.de\/blog\/wp-content\/uploads\/2016\/11\/DSC06104-800x533.jpg\"><img decoding=\"async\" class=\"aligncenter size-medium wp-image-3076\" src=\"https:\/\/www.berghorizonte.de\/blog\/wp-content\/uploads\/2016\/11\/DSC06104-800x533-300x200.jpg\" alt=\"Tibet Reisen\" width=\"300\" height=\"200\" srcset=\"https:\/\/www.berghorizonte.de\/blog\/wp-content\/uploads\/2016\/11\/DSC06104-800x533-300x200.jpg 300w, https:\/\/www.berghorizonte.de\/blog\/wp-content\/uploads\/2016\/11\/DSC06104-800x533-768x512.jpg 768w, https:\/\/www.berghorizonte.de\/blog\/wp-content\/uploads\/2016\/11\/DSC06104-800x533.jpg 800w\" sizes=\"(max-width: 300px) 100vw, 300px\" \/><\/a> <a href=\"https:\/\/www.berghorizonte.de\/blog\/wp-content\/uploads\/2016\/11\/DSC06139-800x533.jpg\"><img decoding=\"async\" class=\"aligncenter size-medium wp-image-3077\" src=\"https:\/\/www.berghorizonte.de\/blog\/wp-content\/uploads\/2016\/11\/DSC06139-800x533-300x200.jpg\" alt=\"dsc06139-800x533\" width=\"300\" height=\"200\" srcset=\"https:\/\/www.berghorizonte.de\/blog\/wp-content\/uploads\/2016\/11\/DSC06139-800x533-300x200.jpg 300w, https:\/\/www.berghorizonte.de\/blog\/wp-content\/uploads\/2016\/11\/DSC06139-800x533-768x512.jpg 768w, https:\/\/www.berghorizonte.de\/blog\/wp-content\/uploads\/2016\/11\/DSC06139-800x533.jpg 800w\" sizes=\"(max-width: 300px) 100vw, 300px\" \/><\/a> <a href=\"https:\/\/www.berghorizonte.de\/blog\/wp-content\/uploads\/2016\/11\/DSC06223-800x533.jpg\"><img decoding=\"async\" class=\"aligncenter size-medium wp-image-3078\" src=\"https:\/\/www.berghorizonte.de\/blog\/wp-content\/uploads\/2016\/11\/DSC06223-800x533-300x200.jpg\" alt=\"dsc06223-800x533\" width=\"300\" height=\"200\" srcset=\"https:\/\/www.berghorizonte.de\/blog\/wp-content\/uploads\/2016\/11\/DSC06223-800x533-300x200.jpg 300w, https:\/\/www.berghorizonte.de\/blog\/wp-content\/uploads\/2016\/11\/DSC06223-800x533-768x512.jpg 768w, https:\/\/www.berghorizonte.de\/blog\/wp-content\/uploads\/2016\/11\/DSC06223-800x533.jpg 800w\" sizes=\"(max-width: 300px) 100vw, 300px\" \/><\/a> <a href=\"https:\/\/www.berghorizonte.de\/blog\/wp-content\/uploads\/2016\/11\/DSC06227-800x533.jpg\"><img decoding=\"async\" class=\"aligncenter size-medium wp-image-3079\" src=\"https:\/\/www.berghorizonte.de\/blog\/wp-content\/uploads\/2016\/11\/DSC06227-800x533-300x200.jpg\" alt=\"dsc06227-800x533\" width=\"300\" height=\"200\" srcset=\"https:\/\/www.berghorizonte.de\/blog\/wp-content\/uploads\/2016\/11\/DSC06227-800x533-300x200.jpg 300w, https:\/\/www.berghorizonte.de\/blog\/wp-content\/uploads\/2016\/11\/DSC06227-800x533-768x512.jpg 768w, https:\/\/www.berghorizonte.de\/blog\/wp-content\/uploads\/2016\/11\/DSC06227-800x533.jpg 800w\" sizes=\"(max-width: 300px) 100vw, 300px\" \/><\/a> <a href=\"https:\/\/www.berghorizonte.de\/blog\/wp-content\/uploads\/2016\/11\/DSC06234-800x533.jpg\"><img decoding=\"async\" class=\"aligncenter size-medium wp-image-3080\" src=\"https:\/\/www.berghorizonte.de\/blog\/wp-content\/uploads\/2016\/11\/DSC06234-800x533-300x200.jpg\" alt=\"dsc06234-800x533\" width=\"300\" height=\"200\" srcset=\"https:\/\/www.berghorizonte.de\/blog\/wp-content\/uploads\/2016\/11\/DSC06234-800x533-300x200.jpg 300w, https:\/\/www.berghorizonte.de\/blog\/wp-content\/uploads\/2016\/11\/DSC06234-800x533-768x512.jpg 768w, https:\/\/www.berghorizonte.de\/blog\/wp-content\/uploads\/2016\/11\/DSC06234-800x533.jpg 800w\" sizes=\"(max-width: 300px) 100vw, 300px\" \/><\/a> <a href=\"https:\/\/www.berghorizonte.de\/blog\/wp-content\/uploads\/2016\/11\/DSC06552-800x533.jpg\"><img decoding=\"async\" class=\"aligncenter size-medium wp-image-3081\" src=\"https:\/\/www.berghorizonte.de\/blog\/wp-content\/uploads\/2016\/11\/DSC06552-800x533-300x200.jpg\" alt=\"dsc06552-800x533\" width=\"300\" height=\"200\" srcset=\"https:\/\/www.berghorizonte.de\/blog\/wp-content\/uploads\/2016\/11\/DSC06552-800x533-300x200.jpg 300w, https:\/\/www.berghorizonte.de\/blog\/wp-content\/uploads\/2016\/11\/DSC06552-800x533-768x512.jpg 768w, https:\/\/www.berghorizonte.de\/blog\/wp-content\/uploads\/2016\/11\/DSC06552-800x533.jpg 800w\" sizes=\"(max-width: 300px) 100vw, 300px\" \/><\/a> <a href=\"https:\/\/www.berghorizonte.de\/blog\/wp-content\/uploads\/2016\/11\/DSC06587-800x533.jpg\"><img decoding=\"async\" class=\"aligncenter size-medium wp-image-3082\" src=\"https:\/\/www.berghorizonte.de\/blog\/wp-content\/uploads\/2016\/11\/DSC06587-800x533-300x200.jpg\" alt=\"dsc06587-800x533\" width=\"300\" height=\"200\" srcset=\"https:\/\/www.berghorizonte.de\/blog\/wp-content\/uploads\/2016\/11\/DSC06587-800x533-300x200.jpg 300w, https:\/\/www.berghorizonte.de\/blog\/wp-content\/uploads\/2016\/11\/DSC06587-800x533-768x512.jpg 768w, https:\/\/www.berghorizonte.de\/blog\/wp-content\/uploads\/2016\/11\/DSC06587-800x533.jpg 800w\" sizes=\"(max-width: 300px) 100vw, 300px\" \/><\/a> <a href=\"https:\/\/www.berghorizonte.de\/blog\/wp-content\/uploads\/2016\/11\/DSC06710-800x533.jpg\"><img decoding=\"async\" class=\"aligncenter size-medium wp-image-3083\" src=\"https:\/\/www.berghorizonte.de\/blog\/wp-content\/uploads\/2016\/11\/DSC06710-800x533-300x200.jpg\" alt=\"dsc06710-800x533\" width=\"300\" height=\"200\" srcset=\"https:\/\/www.berghorizonte.de\/blog\/wp-content\/uploads\/2016\/11\/DSC06710-800x533-300x200.jpg 300w, https:\/\/www.berghorizonte.de\/blog\/wp-content\/uploads\/2016\/11\/DSC06710-800x533-768x512.jpg 768w, https:\/\/www.berghorizonte.de\/blog\/wp-content\/uploads\/2016\/11\/DSC06710-800x533.jpg 800w\" sizes=\"(max-width: 300px) 100vw, 300px\" \/><\/a> <a href=\"https:\/\/www.berghorizonte.de\/blog\/wp-content\/uploads\/2016\/11\/DSC06967-800x533.jpg\"><img decoding=\"async\" class=\"aligncenter size-medium wp-image-3086\" src=\"https:\/\/www.berghorizonte.de\/blog\/wp-content\/uploads\/2016\/11\/DSC06967-800x533-300x200.jpg\" alt=\"dsc06967-800x533\" width=\"300\" height=\"200\" srcset=\"https:\/\/www.berghorizonte.de\/blog\/wp-content\/uploads\/2016\/11\/DSC06967-800x533-300x200.jpg 300w, https:\/\/www.berghorizonte.de\/blog\/wp-content\/uploads\/2016\/11\/DSC06967-800x533-768x512.jpg 768w, https:\/\/www.berghorizonte.de\/blog\/wp-content\/uploads\/2016\/11\/DSC06967-800x533.jpg 800w\" sizes=\"(max-width: 300px) 100vw, 300px\" \/><\/a> <a href=\"https:\/\/www.berghorizonte.de\/blog\/wp-content\/uploads\/2016\/11\/P1070414-800x600.jpg\"><img decoding=\"async\" class=\"aligncenter size-medium wp-image-3089\" src=\"https:\/\/www.berghorizonte.de\/blog\/wp-content\/uploads\/2016\/11\/P1070414-800x600-300x225.jpg\" alt=\"p1070414-800x600\" width=\"300\" height=\"225\" srcset=\"https:\/\/www.berghorizonte.de\/blog\/wp-content\/uploads\/2016\/11\/P1070414-800x600-300x225.jpg 300w, https:\/\/www.berghorizonte.de\/blog\/wp-content\/uploads\/2016\/11\/P1070414-800x600-768x576.jpg 768w, https:\/\/www.berghorizonte.de\/blog\/wp-content\/uploads\/2016\/11\/P1070414-800x600.jpg 800w\" sizes=\"(max-width: 300px) 100vw, 300px\" \/><\/a><\/p>\n<div id=\"attachment_3032\" style=\"width: 310px\" class=\"wp-caption aligncenter\"><a href=\"https:\/\/www.berghorizonte.de\/blog\/wp-content\/uploads\/2016\/11\/DSC06976-800x607.jpg\"><img decoding=\"async\" aria-describedby=\"caption-attachment-3032\" class=\"wp-image-3032 size-medium\" title=\"Tibet - Everest Nordseite mit Kloster Rongbuk (5.000m)\" src=\"https:\/\/www.berghorizonte.de\/blog\/wp-content\/uploads\/2016\/11\/DSC06976-800x607-300x228.jpg\" alt=\"dsc06976-800x607\" width=\"300\" height=\"228\" srcset=\"https:\/\/www.berghorizonte.de\/blog\/wp-content\/uploads\/2016\/11\/DSC06976-800x607-300x228.jpg 300w, https:\/\/www.berghorizonte.de\/blog\/wp-content\/uploads\/2016\/11\/DSC06976-800x607-768x583.jpg 768w, https:\/\/www.berghorizonte.de\/blog\/wp-content\/uploads\/2016\/11\/DSC06976-800x607.jpg 800w\" sizes=\"(max-width: 300px) 100vw, 300px\" \/><\/a><p id=\"caption-attachment-3032\" class=\"wp-caption-text\">Tibet &#8211; Everest Nordseite mit Kloster Rongbuk (5.000m)<\/p><\/div>\n<p><strong>Nepal S\u00fcdseite: Everest Heli Komfort Trekking zum Ama Dablam Base Camp<br \/>\n<\/strong><\/p>\n<div id=\"attachment_3033\" style=\"width: 310px\" class=\"wp-caption aligncenter\"><a href=\"https:\/\/www.berghorizonte.de\/blog\/wp-content\/uploads\/2016\/11\/DSC07658-800x533.jpg\"><img decoding=\"async\" aria-describedby=\"caption-attachment-3033\" class=\"wp-image-3033 size-medium\" title=\"Nepal Everest Trek - Weg nach Namche Bazzar \" src=\"https:\/\/www.berghorizonte.de\/blog\/wp-content\/uploads\/2016\/11\/DSC07658-800x533-300x200.jpg\" width=\"300\" height=\"200\" srcset=\"https:\/\/www.berghorizonte.de\/blog\/wp-content\/uploads\/2016\/11\/DSC07658-800x533-300x200.jpg 300w, https:\/\/www.berghorizonte.de\/blog\/wp-content\/uploads\/2016\/11\/DSC07658-800x533-768x512.jpg 768w, https:\/\/www.berghorizonte.de\/blog\/wp-content\/uploads\/2016\/11\/DSC07658-800x533.jpg 800w\" sizes=\"(max-width: 300px) 100vw, 300px\" \/><\/a><p id=\"caption-attachment-3033\" class=\"wp-caption-text\">Nepal Everest Trek &#8211; Weg nach Namche Bazzar<\/p><\/div>\n<div id=\"attachment_3034\" style=\"width: 310px\" class=\"wp-caption aligncenter\"><a href=\"https:\/\/www.berghorizonte.de\/blog\/wp-content\/uploads\/2016\/11\/DSC07830-800x533.jpg\"><img decoding=\"async\" aria-describedby=\"caption-attachment-3034\" class=\"wp-image-3034 size-medium\" title=\"Everest Trek - Ama Dablam\" src=\"https:\/\/www.berghorizonte.de\/blog\/wp-content\/uploads\/2016\/11\/DSC07830-800x533-300x190.jpg\" width=\"300\" height=\"190\" srcset=\"https:\/\/www.berghorizonte.de\/blog\/wp-content\/uploads\/2016\/11\/DSC07830-800x533-300x190.jpg 300w, https:\/\/www.berghorizonte.de\/blog\/wp-content\/uploads\/2016\/11\/DSC07830-800x533-768x487.jpg 768w, https:\/\/www.berghorizonte.de\/blog\/wp-content\/uploads\/2016\/11\/DSC07830-800x533.jpg 774w\" sizes=\"(max-width: 300px) 100vw, 300px\" \/><\/a><p id=\"caption-attachment-3034\" class=\"wp-caption-text\">Everest Trek &#8211; Ama Dablam<\/p><\/div>\n<div id=\"attachment_3035\" style=\"width: 310px\" class=\"wp-caption aligncenter\"><a href=\"https:\/\/www.berghorizonte.de\/blog\/wp-content\/uploads\/2016\/11\/DSC07958-800x533.jpg\"><img decoding=\"async\" aria-describedby=\"caption-attachment-3035\" class=\"wp-image-3035 size-medium\" title=\"Everest Trek - Regenbogen \u00fcber dem Lhotse\" src=\"https:\/\/www.berghorizonte.de\/blog\/wp-content\/uploads\/2016\/11\/DSC07958-800x533-300x190.jpg\" width=\"300\" height=\"190\" srcset=\"https:\/\/www.berghorizonte.de\/blog\/wp-content\/uploads\/2016\/11\/DSC07958-800x533-300x190.jpg 300w, https:\/\/www.berghorizonte.de\/blog\/wp-content\/uploads\/2016\/11\/DSC07958-800x533-768x486.jpg 768w, https:\/\/www.berghorizonte.de\/blog\/wp-content\/uploads\/2016\/11\/DSC07958-800x533.jpg 772w\" sizes=\"(max-width: 300px) 100vw, 300px\" \/><\/a><p id=\"caption-attachment-3035\" class=\"wp-caption-text\">Everest Trek &#8211; Regenbogen \u00fcber dem Lhotse<\/p><\/div>\n<div id=\"attachment_3037\" style=\"width: 310px\" class=\"wp-caption aligncenter\"><a href=\"https:\/\/www.berghorizonte.de\/blog\/wp-content\/uploads\/2016\/11\/DSC08161-800x533.jpg\"><img decoding=\"async\" aria-describedby=\"caption-attachment-3037\" class=\"wp-image-3037 size-medium\" title=\"Kloster Tengboche (3.800m)\" src=\"https:\/\/www.berghorizonte.de\/blog\/wp-content\/uploads\/2016\/11\/DSC08161-800x533-300x196.jpg\" width=\"300\" height=\"196\" srcset=\"https:\/\/www.berghorizonte.de\/blog\/wp-content\/uploads\/2016\/11\/DSC08161-800x533-300x196.jpg 300w, https:\/\/www.berghorizonte.de\/blog\/wp-content\/uploads\/2016\/11\/DSC08161-800x533-768x502.jpg 768w, https:\/\/www.berghorizonte.de\/blog\/wp-content\/uploads\/2016\/11\/DSC08161-800x533.jpg 788w\" sizes=\"(max-width: 300px) 100vw, 300px\" \/><\/a><p id=\"caption-attachment-3037\" class=\"wp-caption-text\">Kloster Tengboche (3.800m)<\/p><\/div>\n<div id=\"attachment_3039\" style=\"width: 310px\" class=\"wp-caption aligncenter\"><a href=\"https:\/\/www.berghorizonte.de\/blog\/wp-content\/uploads\/2016\/11\/DSC08373-800x533.jpg\"><img decoding=\"async\" aria-describedby=\"caption-attachment-3039\" class=\"wp-image-3039 size-medium\" title=\"Kloster Thame (3.900m)\" src=\"https:\/\/www.berghorizonte.de\/blog\/wp-content\/uploads\/2016\/11\/DSC08373-800x533-300x199.jpg\" width=\"300\" height=\"199\" srcset=\"https:\/\/www.berghorizonte.de\/blog\/wp-content\/uploads\/2016\/11\/DSC08373-800x533-300x199.jpg 300w, https:\/\/www.berghorizonte.de\/blog\/wp-content\/uploads\/2016\/11\/DSC08373-800x533-768x510.jpg 768w, https:\/\/www.berghorizonte.de\/blog\/wp-content\/uploads\/2016\/11\/DSC08373-800x533.jpg 800w\" sizes=\"(max-width: 300px) 100vw, 300px\" \/><\/a><p id=\"caption-attachment-3039\" class=\"wp-caption-text\">Kloster Thame (3.900m)<\/p><\/div>\n<div id=\"attachment_3040\" style=\"width: 310px\" class=\"wp-caption aligncenter\"><a href=\"https:\/\/www.berghorizonte.de\/blog\/wp-content\/uploads\/2016\/11\/DSC08418-800x533.jpg\"><img decoding=\"async\" aria-describedby=\"caption-attachment-3040\" class=\"wp-image-3040 size-medium\" title=\"Heli Privatflug von Thame nach Kongde\" src=\"https:\/\/www.berghorizonte.de\/blog\/wp-content\/uploads\/2016\/11\/DSC08418-800x533-300x200.jpg\" width=\"300\" height=\"200\" srcset=\"https:\/\/www.berghorizonte.de\/blog\/wp-content\/uploads\/2016\/11\/DSC08418-800x533-300x200.jpg 300w, https:\/\/www.berghorizonte.de\/blog\/wp-content\/uploads\/2016\/11\/DSC08418-800x533-768x512.jpg 768w, https:\/\/www.berghorizonte.de\/blog\/wp-content\/uploads\/2016\/11\/DSC08418-800x533.jpg 800w\" sizes=\"(max-width: 300px) 100vw, 300px\" \/><\/a><p id=\"caption-attachment-3040\" class=\"wp-caption-text\">Heli Privatflug von Thame nach Kongde<\/p><\/div>\n<div id=\"attachment_3041\" style=\"width: 310px\" class=\"wp-caption aligncenter\"><a href=\"https:\/\/www.berghorizonte.de\/blog\/wp-content\/uploads\/2016\/11\/DSC08478-800x533.jpg\"><img decoding=\"async\" aria-describedby=\"caption-attachment-3041\" class=\"wp-image-3041 size-medium\" title=\"Blick zum Mt. Everest - S\u00fcdseite\" src=\"https:\/\/www.berghorizonte.de\/blog\/wp-content\/uploads\/2016\/11\/DSC08478-800x533-300x200.jpg\" width=\"300\" height=\"200\" srcset=\"https:\/\/www.berghorizonte.de\/blog\/wp-content\/uploads\/2016\/11\/DSC08478-800x533-300x200.jpg 300w, https:\/\/www.berghorizonte.de\/blog\/wp-content\/uploads\/2016\/11\/DSC08478-800x533-768x511.jpg 768w, https:\/\/www.berghorizonte.de\/blog\/wp-content\/uploads\/2016\/11\/DSC08478-800x533.jpg 798w\" sizes=\"(max-width: 300px) 100vw, 300px\" \/><\/a><p id=\"caption-attachment-3041\" class=\"wp-caption-text\">Blick zum Mt. Everest &#8211; S\u00fcdseite<\/p><\/div>\n<div id=\"attachment_3046\" style=\"width: 310px\" class=\"wp-caption aligncenter\"><a href=\"https:\/\/www.berghorizonte.de\/blog\/wp-content\/uploads\/2016\/11\/P1070994-800x600.jpg\"><img decoding=\"async\" aria-describedby=\"caption-attachment-3046\" class=\"wp-image-3046 size-medium\" title=\"Breakfast nach dem Heliflug in Kongde (4.300m)\" src=\"https:\/\/www.berghorizonte.de\/blog\/wp-content\/uploads\/2016\/11\/P1070994-800x600-300x224.jpg\" width=\"300\" height=\"224\" srcset=\"https:\/\/www.berghorizonte.de\/blog\/wp-content\/uploads\/2016\/11\/P1070994-800x600-300x224.jpg 300w, https:\/\/www.berghorizonte.de\/blog\/wp-content\/uploads\/2016\/11\/P1070994-800x600-768x574.jpg 768w, https:\/\/www.berghorizonte.de\/blog\/wp-content\/uploads\/2016\/11\/P1070994-800x600.jpg 800w\" sizes=\"(max-width: 300px) 100vw, 300px\" \/><\/a><p id=\"caption-attachment-3046\" class=\"wp-caption-text\">Breakfast nach dem Heliflug in Kongde (4.300m)<\/p><\/div>\n<div id=\"attachment_3044\" style=\"width: 310px\" class=\"wp-caption aligncenter\"><a href=\"https:\/\/www.berghorizonte.de\/blog\/wp-content\/uploads\/2016\/11\/P1070989-800x600.jpg\"><img decoding=\"async\" aria-describedby=\"caption-attachment-3044\" class=\"wp-image-3044 size-medium\" title=\"Highlight Heli Flug nach Kongde\" src=\"https:\/\/www.berghorizonte.de\/blog\/wp-content\/uploads\/2016\/11\/P1070989-800x600-300x225.jpg\" width=\"300\" height=\"225\" srcset=\"https:\/\/www.berghorizonte.de\/blog\/wp-content\/uploads\/2016\/11\/P1070989-800x600-300x225.jpg 300w, https:\/\/www.berghorizonte.de\/blog\/wp-content\/uploads\/2016\/11\/P1070989-800x600-768x576.jpg 768w, https:\/\/www.berghorizonte.de\/blog\/wp-content\/uploads\/2016\/11\/P1070989-800x600.jpg 800w\" sizes=\"(max-width: 300px) 100vw, 300px\" \/><\/a><p id=\"caption-attachment-3044\" class=\"wp-caption-text\">Highlight Heli Flug nach Kongde<\/p><\/div>\n<div id=\"attachment_3047\" style=\"width: 310px\" class=\"wp-caption aligncenter\"><a href=\"https:\/\/www.berghorizonte.de\/blog\/wp-content\/uploads\/2016\/11\/P1070995-800x600.jpg\"><img decoding=\"async\" aria-describedby=\"caption-attachment-3047\" class=\"wp-image-3047 size-medium\" src=\"https:\/\/www.berghorizonte.de\/blog\/wp-content\/uploads\/2016\/11\/P1070995-800x600-300x225.jpg\" width=\"300\" height=\"225\" srcset=\"https:\/\/www.berghorizonte.de\/blog\/wp-content\/uploads\/2016\/11\/P1070995-800x600-300x225.jpg 300w, https:\/\/www.berghorizonte.de\/blog\/wp-content\/uploads\/2016\/11\/P1070995-800x600-768x576.jpg 768w, https:\/\/www.berghorizonte.de\/blog\/wp-content\/uploads\/2016\/11\/P1070995-800x600.jpg 798w\" sizes=\"(max-width: 300px) 100vw, 300px\" \/><\/a><p id=\"caption-attachment-3047\" class=\"wp-caption-text\">Mr. Sonam &#8211; Managing Director unserer Nepal Partner Agentur und Inhaber der Yeti Mountain Home Lodges im Gespr\u00e4ch mit unseren G\u00e4sten<\/p><\/div>\n<p><a href=\"https:\/\/www.berghorizonte.de\/blog\/wp-content\/uploads\/2016\/11\/P1070991-800x600.jpg\"><img decoding=\"async\" class=\"aligncenter size-medium wp-image-3045\" src=\"https:\/\/www.berghorizonte.de\/blog\/wp-content\/uploads\/2016\/11\/P1070991-800x600-300x225.jpg\" alt=\"p1070991-800x600\" width=\"300\" height=\"225\" srcset=\"https:\/\/www.berghorizonte.de\/blog\/wp-content\/uploads\/2016\/11\/P1070991-800x600-300x225.jpg 300w, https:\/\/www.berghorizonte.de\/blog\/wp-content\/uploads\/2016\/11\/P1070991-800x600-768x576.jpg 768w, https:\/\/www.berghorizonte.de\/blog\/wp-content\/uploads\/2016\/11\/P1070991-800x600.jpg 800w\" sizes=\"(max-width: 300px) 100vw, 300px\" \/><\/a> <a href=\"https:\/\/www.berghorizonte.de\/blog\/wp-content\/uploads\/2016\/11\/DSC08356-800x533.jpg\"><img decoding=\"async\" class=\"aligncenter size-medium wp-image-3038\" src=\"https:\/\/www.berghorizonte.de\/blog\/wp-content\/uploads\/2016\/11\/DSC08356-800x533-300x200.jpg\" alt=\"dsc08356-800x533\" width=\"300\" height=\"200\" srcset=\"https:\/\/www.berghorizonte.de\/blog\/wp-content\/uploads\/2016\/11\/DSC08356-800x533-300x200.jpg 300w, https:\/\/www.berghorizonte.de\/blog\/wp-content\/uploads\/2016\/11\/DSC08356-800x533-768x511.jpg 768w, https:\/\/www.berghorizonte.de\/blog\/wp-content\/uploads\/2016\/11\/DSC08356-800x533.jpg 798w\" sizes=\"(max-width: 300px) 100vw, 300px\" \/><\/a><\/p>\n<div id=\"attachment_3042\" style=\"width: 310px\" class=\"wp-caption aligncenter\"><a href=\"https:\/\/www.berghorizonte.de\/blog\/wp-content\/uploads\/2016\/11\/P1070730-800x600.jpg\"><img decoding=\"async\" aria-describedby=\"caption-attachment-3042\" class=\"wp-image-3042 size-medium\" title=\"Lande- und Startbahn in Lukla\" src=\"https:\/\/www.berghorizonte.de\/blog\/wp-content\/uploads\/2016\/11\/P1070730-800x600-300x225.jpg\" width=\"300\" height=\"225\" srcset=\"https:\/\/www.berghorizonte.de\/blog\/wp-content\/uploads\/2016\/11\/P1070730-800x600-300x225.jpg 300w, https:\/\/www.berghorizonte.de\/blog\/wp-content\/uploads\/2016\/11\/P1070730-800x600-768x576.jpg 768w, https:\/\/www.berghorizonte.de\/blog\/wp-content\/uploads\/2016\/11\/P1070730-800x600.jpg 800w\" sizes=\"(max-width: 300px) 100vw, 300px\" \/><\/a><p id=\"caption-attachment-3042\" class=\"wp-caption-text\">Lande- und Startbahn in Lukla<\/p><\/div>\n<p><strong>EVEREST 360\u00b0 &#8211; H\u00f6hepunkte in Tibet &amp; Nepal &#8211; die perfekte Himalaya Reise<br \/>\n<\/strong><\/p>\n<ul>\n<li><strong>Tibet &#8211; Everest Base Camp auf der tibetischen Nordseite<\/strong><\/li>\n<li><strong>Lhasa, Shigatse, Gyantse und Namtso Lake<\/strong><\/li>\n<li><strong>Nepal &#8211; Land der Sherpa Komfort-Trekking zum Ama Dablam Base Camp auf der Everest S\u00fcdseite<\/strong><\/li>\n<li><strong> Kloster Thame \u00fcber Namche<br \/>\n<\/strong><\/li>\n<li><strong>Helicopter Rundflug nach Kongde mit Fr\u00fchst\u00fcck im Yeti Mountain Home Lodge und Heliflug nach Kathmandu<br \/>\n<\/strong><\/li>\n<li><strong>Dschungel Safari im Chitwan Nationalpark<\/strong><\/li>\n<li><strong>Kathmandu &#8211; Tal der K\u00f6nige<\/strong><\/li>\n<\/ul>\n<p><strong>4 Wochen | Oktober 2016 | Privatreise | 2 Personen<\/strong><\/p>\n<p>Hallo Herr Schubert,<\/p>\n<p>hier ist unser Feedback von der Nepal &#8211; Tibetreise:<\/p>\n<p>\u201eherzlichen Dank f\u00fcr diese wirklich tolle individuelle Nepal &#8211; Tibetreise Reise. Sie sind bereits bei der Planung sehr auf unsere W\u00fcnsche eingegangen und jeder Tag der 4-w\u00f6chigen Tour war f\u00fcr meine Ehefrau und mich ein wirklich tolles Erlebnis.<\/p>\n<h2>Auf unserer sehr abwechslungsreichen Nepal &#8211; Tibet Reise mit schwierigen zu organisierenden Reiseteilen hat alles bestens funktioniert!<\/h2>\n<p>Von Kathmandu nach Lhasa, weiter \u00fcber Yamdruk-Lake, Karola Glacier zum Everest Basecamp \u2013 in Tibet tolle Landschaften, ber\u00fchmte Kl\u00f6ster, an der Spitze nat\u00fcrlich der mehr als sehenswerte Potalla \u2013 Palast in Lhasa, vom Everest BC via Lhasa nach Kathmandu, weiter nach Lukla, von dort ein sehr sch\u00f6ner wenn auch anstrengender Trek zum Ama Dablam BC und weiter nach Thame, spektakul\u00e4rer Heliflug nach Kathmandu mit Zwischenstop in Kongde zum Fr\u00fchst\u00fccken mit Blick auf Everest, Lhotse und Ama Dablam \u2013 weiter per Flugzeug in den Chitwan \u2013 Nationalpark und zum Schluss noch einmal Kathmandu.<\/p>\n<p>Die Himalaya Nepal &amp; Tibetreise war perfekt organisiert, \u00fcberwiegend sehr gute bis hervorragende Unterk\u00fcnfte (z.B. Shangri La Hotel in Lhasa, <a href=\"http:\/\/www.yetimountainhome.com\/\" target=\"_blank\" rel=\"noopener\">Yeti &#8211; Mountain &#8211; Home<\/a> Lodges auf dem Trek in Nepal), gute Fahrzeuge, kundige und hilfsbereite Guides, insbesondere Pemba in Nepal und ganz viel Gl\u00fcck mit dem Wetter haben diese Tour unvergesslich gemacht.<\/p>\n<p>Ein Sonnenuntergang am Mount-Everest auf unserer <a href=\"https:\/\/www.berghorizonte.de\/tibet\/reisen-nach-tibet.html\" target=\"_blank\" rel=\"noopener\">Tibetreise<\/a>, auf dem Trek in <a href=\"https:\/\/www.berghorizonte.de\/nepal\/reisen-nach-nepal.html\" target=\"_blank\" rel=\"noopener\">Nepal<\/a> vor blauem Himmel Ama Dablam, Lhotse, Nuptse und Mount Everest im Blick, das sind einmalige Eindr\u00fccke und zum Abschluss in Chitwan mehrere Tage hautnah mit Elefanten verbringen zu d\u00fcrfen und Rhinos zu suchen und zu finden \u2013 mehr geht nicht.<\/p>\n<p>Wir freuen uns schon jetzt auf eine neue Reise mit <a href=\"https:\/\/www.berghorizonte.de\/\" target=\"_blank\" rel=\"noopener\">berghorizonte<\/a>\u00a0 &#8211; nochmals vielen Dank\u201c.<\/p>\n<p>Viele Gr\u00fc\u00dfe<\/p>\n<p>Siegfried P. K. aus Deutschland<\/p>\n<p>Bilder von der Nepal Chitwan Safari &#8211; die beste Empfehlung f\u00fcr Relaxen und ein wunderbares Kontrastprogramm nach einer Bhutan, Tibet oder Trekkingreise&#8230;<\/p>\n<p><strong>Chitwan Dschungel Safari im Kasara Resort<\/strong><\/p>\n<div id=\"attachment_3055\" style=\"width: 310px\" class=\"wp-caption aligncenter\"><a href=\"https:\/\/www.berghorizonte.de\/blog\/wp-content\/uploads\/2016\/11\/DSC08515-800x533.jpg\"><img decoding=\"async\" aria-describedby=\"caption-attachment-3055\" class=\"wp-image-3055 size-medium\" title=\"Chitwan Dschungel Safari nach dem Everest Trek \" src=\"https:\/\/www.berghorizonte.de\/blog\/wp-content\/uploads\/2016\/11\/DSC08515-800x533-300x200.jpg\" width=\"300\" height=\"200\" srcset=\"https:\/\/www.berghorizonte.de\/blog\/wp-content\/uploads\/2016\/11\/DSC08515-800x533-300x200.jpg 300w, https:\/\/www.berghorizonte.de\/blog\/wp-content\/uploads\/2016\/11\/DSC08515-800x533-768x512.jpg 768w, https:\/\/www.berghorizonte.de\/blog\/wp-content\/uploads\/2016\/11\/DSC08515-800x533.jpg 800w\" sizes=\"(max-width: 300px) 100vw, 300px\" \/><\/a><p id=\"caption-attachment-3055\" class=\"wp-caption-text\">Chitwan Dschungel Safari nach dem Everest Trek<\/p><\/div>\n<p><a href=\"https:\/\/www.berghorizonte.de\/blog\/wp-content\/uploads\/2016\/11\/DSC08531-800x533.jpg\"><img decoding=\"async\" class=\"aligncenter size-medium wp-image-3056\" src=\"https:\/\/www.berghorizonte.de\/blog\/wp-content\/uploads\/2016\/11\/DSC08531-800x533-300x200.jpg\" alt=\"dsc08531-800x533\" width=\"300\" height=\"200\" srcset=\"https:\/\/www.berghorizonte.de\/blog\/wp-content\/uploads\/2016\/11\/DSC08531-800x533-300x200.jpg 300w, https:\/\/www.berghorizonte.de\/blog\/wp-content\/uploads\/2016\/11\/DSC08531-800x533-768x512.jpg 768w, https:\/\/www.berghorizonte.de\/blog\/wp-content\/uploads\/2016\/11\/DSC08531-800x533.jpg 800w\" sizes=\"(max-width: 300px) 100vw, 300px\" \/><\/a> <a href=\"https:\/\/www.berghorizonte.de\/blog\/wp-content\/uploads\/2016\/11\/DSC08605-800x533.jpg\"><img decoding=\"async\" class=\"aligncenter size-medium wp-image-3057\" src=\"https:\/\/www.berghorizonte.de\/blog\/wp-content\/uploads\/2016\/11\/DSC08605-800x533-300x200.jpg\" alt=\"dsc08605-800x533\" width=\"300\" height=\"200\" srcset=\"https:\/\/www.berghorizonte.de\/blog\/wp-content\/uploads\/2016\/11\/DSC08605-800x533-300x200.jpg 300w, https:\/\/www.berghorizonte.de\/blog\/wp-content\/uploads\/2016\/11\/DSC08605-800x533-768x512.jpg 768w, https:\/\/www.berghorizonte.de\/blog\/wp-content\/uploads\/2016\/11\/DSC08605-800x533.jpg 800w\" sizes=\"(max-width: 300px) 100vw, 300px\" \/><\/a> <a href=\"https:\/\/www.berghorizonte.de\/blog\/wp-content\/uploads\/2016\/11\/DSC08650-800x533.jpg\"><img decoding=\"async\" class=\"aligncenter size-medium wp-image-3058\" src=\"https:\/\/www.berghorizonte.de\/blog\/wp-content\/uploads\/2016\/11\/DSC08650-800x533-300x200.jpg\" alt=\"dsc08650-800x533\" width=\"300\" height=\"200\" srcset=\"https:\/\/www.berghorizonte.de\/blog\/wp-content\/uploads\/2016\/11\/DSC08650-800x533-300x200.jpg 300w, https:\/\/www.berghorizonte.de\/blog\/wp-content\/uploads\/2016\/11\/DSC08650-800x533-768x512.jpg 768w, https:\/\/www.berghorizonte.de\/blog\/wp-content\/uploads\/2016\/11\/DSC08650-800x533.jpg 800w\" sizes=\"(max-width: 300px) 100vw, 300px\" \/><\/a> <a href=\"https:\/\/www.berghorizonte.de\/blog\/wp-content\/uploads\/2016\/11\/DSC08718-800x533.jpg\"><img decoding=\"async\" class=\"aligncenter size-medium wp-image-3059\" src=\"https:\/\/www.berghorizonte.de\/blog\/wp-content\/uploads\/2016\/11\/DSC08718-800x533-300x200.jpg\" alt=\"dsc08718-800x533\" width=\"300\" height=\"200\" srcset=\"https:\/\/www.berghorizonte.de\/blog\/wp-content\/uploads\/2016\/11\/DSC08718-800x533-300x200.jpg 300w, https:\/\/www.berghorizonte.de\/blog\/wp-content\/uploads\/2016\/11\/DSC08718-800x533-768x512.jpg 768w, https:\/\/www.berghorizonte.de\/blog\/wp-content\/uploads\/2016\/11\/DSC08718-800x533.jpg 800w\" sizes=\"(max-width: 300px) 100vw, 300px\" \/><\/a> <a href=\"https:\/\/www.berghorizonte.de\/blog\/wp-content\/uploads\/2016\/11\/DSC08750-800x533.jpg\"><img decoding=\"async\" class=\"aligncenter size-medium wp-image-3060\" src=\"https:\/\/www.berghorizonte.de\/blog\/wp-content\/uploads\/2016\/11\/DSC08750-800x533-300x200.jpg\" alt=\"dsc08750-800x533\" width=\"300\" height=\"200\" srcset=\"https:\/\/www.berghorizonte.de\/blog\/wp-content\/uploads\/2016\/11\/DSC08750-800x533-300x200.jpg 300w, https:\/\/www.berghorizonte.de\/blog\/wp-content\/uploads\/2016\/11\/DSC08750-800x533-768x512.jpg 768w, https:\/\/www.berghorizonte.de\/blog\/wp-content\/uploads\/2016\/11\/DSC08750-800x533.jpg 800w\" sizes=\"(max-width: 300px) 100vw, 300px\" \/><\/a> <a href=\"https:\/\/www.berghorizonte.de\/blog\/wp-content\/uploads\/2016\/11\/DSC08822-800x533.jpg\"><img decoding=\"async\" class=\"aligncenter size-medium wp-image-3061\" src=\"https:\/\/www.berghorizonte.de\/blog\/wp-content\/uploads\/2016\/11\/DSC08822-800x533-300x200.jpg\" alt=\"dsc08822-800x533\" width=\"300\" height=\"200\" srcset=\"https:\/\/www.berghorizonte.de\/blog\/wp-content\/uploads\/2016\/11\/DSC08822-800x533-300x200.jpg 300w, https:\/\/www.berghorizonte.de\/blog\/wp-content\/uploads\/2016\/11\/DSC08822-800x533-768x512.jpg 768w, https:\/\/www.berghorizonte.de\/blog\/wp-content\/uploads\/2016\/11\/DSC08822-800x533.jpg 800w\" sizes=\"(max-width: 300px) 100vw, 300px\" \/><\/a> <a href=\"https:\/\/www.berghorizonte.de\/blog\/wp-content\/uploads\/2016\/11\/DSC08878-800x533.jpg\"><img decoding=\"async\" class=\"aligncenter size-medium wp-image-3062\" src=\"https:\/\/www.berghorizonte.de\/blog\/wp-content\/uploads\/2016\/11\/DSC08878-800x533-300x200.jpg\" alt=\"dsc08878-800x533\" width=\"300\" height=\"200\" srcset=\"https:\/\/www.berghorizonte.de\/blog\/wp-content\/uploads\/2016\/11\/DSC08878-800x533-300x200.jpg 300w, https:\/\/www.berghorizonte.de\/blog\/wp-content\/uploads\/2016\/11\/DSC08878-800x533-768x512.jpg 768w, https:\/\/www.berghorizonte.de\/blog\/wp-content\/uploads\/2016\/11\/DSC08878-800x533.jpg 800w\" sizes=\"(max-width: 300px) 100vw, 300px\" \/><\/a> <a href=\"https:\/\/www.berghorizonte.de\/blog\/wp-content\/uploads\/2016\/11\/DSC08912-800x533.jpg\"><img decoding=\"async\" class=\"aligncenter size-medium wp-image-3063\" src=\"https:\/\/www.berghorizonte.de\/blog\/wp-content\/uploads\/2016\/11\/DSC08912-800x533-300x200.jpg\" alt=\"dsc08912-800x533\" width=\"300\" height=\"200\" srcset=\"https:\/\/www.berghorizonte.de\/blog\/wp-content\/uploads\/2016\/11\/DSC08912-800x533-300x200.jpg 300w, https:\/\/www.berghorizonte.de\/blog\/wp-content\/uploads\/2016\/11\/DSC08912-800x533-768x512.jpg 768w, https:\/\/www.berghorizonte.de\/blog\/wp-content\/uploads\/2016\/11\/DSC08912-800x533.jpg 800w\" sizes=\"(max-width: 300px) 100vw, 300px\" \/><\/a> <a href=\"https:\/\/www.berghorizonte.de\/blog\/wp-content\/uploads\/2016\/11\/DSC08996-800x534.jpg\"><img decoding=\"async\" class=\"aligncenter size-medium wp-image-3064\" src=\"https:\/\/www.berghorizonte.de\/blog\/wp-content\/uploads\/2016\/11\/DSC08996-800x534-300x200.jpg\" alt=\"dsc08996-800x534\" width=\"300\" height=\"200\" srcset=\"https:\/\/www.berghorizonte.de\/blog\/wp-content\/uploads\/2016\/11\/DSC08996-800x534-300x200.jpg 300w, https:\/\/www.berghorizonte.de\/blog\/wp-content\/uploads\/2016\/11\/DSC08996-800x534-768x513.jpg 768w, https:\/\/www.berghorizonte.de\/blog\/wp-content\/uploads\/2016\/11\/DSC08996-800x534.jpg 800w\" sizes=\"(max-width: 300px) 100vw, 300px\" \/><\/a> <a href=\"https:\/\/www.berghorizonte.de\/blog\/wp-content\/uploads\/2016\/11\/DSC09033-800x533.jpg\"><img decoding=\"async\" class=\"aligncenter size-medium wp-image-3065\" src=\"https:\/\/www.berghorizonte.de\/blog\/wp-content\/uploads\/2016\/11\/DSC09033-800x533-300x200.jpg\" alt=\"dsc09033-800x533\" width=\"300\" height=\"200\" srcset=\"https:\/\/www.berghorizonte.de\/blog\/wp-content\/uploads\/2016\/11\/DSC09033-800x533-300x200.jpg 300w, https:\/\/www.berghorizonte.de\/blog\/wp-content\/uploads\/2016\/11\/DSC09033-800x533-768x512.jpg 768w, https:\/\/www.berghorizonte.de\/blog\/wp-content\/uploads\/2016\/11\/DSC09033-800x533.jpg 800w\" sizes=\"(max-width: 300px) 100vw, 300px\" \/><\/a> <a href=\"https:\/\/www.berghorizonte.de\/blog\/wp-content\/uploads\/2016\/11\/DSC09129-800x533.jpg\"><img decoding=\"async\" class=\"aligncenter size-medium wp-image-3066\" src=\"https:\/\/www.berghorizonte.de\/blog\/wp-content\/uploads\/2016\/11\/DSC09129-800x533-300x200.jpg\" alt=\"dsc09129-800x533\" width=\"300\" height=\"200\" srcset=\"https:\/\/www.berghorizonte.de\/blog\/wp-content\/uploads\/2016\/11\/DSC09129-800x533-300x200.jpg 300w, https:\/\/www.berghorizonte.de\/blog\/wp-content\/uploads\/2016\/11\/DSC09129-800x533-768x512.jpg 768w, https:\/\/www.berghorizonte.de\/blog\/wp-content\/uploads\/2016\/11\/DSC09129-800x533.jpg 800w\" sizes=\"(max-width: 300px) 100vw, 300px\" \/><\/a> <a href=\"https:\/\/www.berghorizonte.de\/blog\/wp-content\/uploads\/2016\/11\/DSC09154-800x533.jpg\"><img decoding=\"async\" class=\"aligncenter size-medium wp-image-3067\" src=\"https:\/\/www.berghorizonte.de\/blog\/wp-content\/uploads\/2016\/11\/DSC09154-800x533-300x200.jpg\" alt=\"dsc09154-800x533\" width=\"300\" height=\"200\" srcset=\"https:\/\/www.berghorizonte.de\/blog\/wp-content\/uploads\/2016\/11\/DSC09154-800x533-300x200.jpg 300w, https:\/\/www.berghorizonte.de\/blog\/wp-content\/uploads\/2016\/11\/DSC09154-800x533-768x512.jpg 768w, https:\/\/www.berghorizonte.de\/blog\/wp-content\/uploads\/2016\/11\/DSC09154-800x533.jpg 800w\" sizes=\"(max-width: 300px) 100vw, 300px\" \/><\/a> <a href=\"https:\/\/www.berghorizonte.de\/blog\/wp-content\/uploads\/2016\/11\/DSC09183-800x533.jpg\"><img decoding=\"async\" class=\"aligncenter size-medium wp-image-3068\" src=\"https:\/\/www.berghorizonte.de\/blog\/wp-content\/uploads\/2016\/11\/DSC09183-800x533-300x200.jpg\" alt=\"dsc09183-800x533\" width=\"300\" height=\"200\" srcset=\"https:\/\/www.berghorizonte.de\/blog\/wp-content\/uploads\/2016\/11\/DSC09183-800x533-300x200.jpg 300w, https:\/\/www.berghorizonte.de\/blog\/wp-content\/uploads\/2016\/11\/DSC09183-800x533-768x512.jpg 768w, https:\/\/www.berghorizonte.de\/blog\/wp-content\/uploads\/2016\/11\/DSC09183-800x533.jpg 800w\" sizes=\"(max-width: 300px) 100vw, 300px\" \/><\/a> <a href=\"https:\/\/www.berghorizonte.de\/blog\/wp-content\/uploads\/2016\/11\/P1080041-800x600.jpg\"><img decoding=\"async\" class=\"aligncenter size-medium wp-image-3069\" src=\"https:\/\/www.berghorizonte.de\/blog\/wp-content\/uploads\/2016\/11\/P1080041-800x600-300x225.jpg\" alt=\"p1080041-800x600\" width=\"300\" height=\"225\" srcset=\"https:\/\/www.berghorizonte.de\/blog\/wp-content\/uploads\/2016\/11\/P1080041-800x600-300x225.jpg 300w, https:\/\/www.berghorizonte.de\/blog\/wp-content\/uploads\/2016\/11\/P1080041-800x600-768x576.jpg 768w, https:\/\/www.berghorizonte.de\/blog\/wp-content\/uploads\/2016\/11\/P1080041-800x600.jpg 800w\" sizes=\"(max-width: 300px) 100vw, 300px\" \/><\/a> <a href=\"https:\/\/www.berghorizonte.de\/blog\/wp-content\/uploads\/2016\/11\/P1080095-800x600.jpg\"><img decoding=\"async\" class=\"aligncenter size-medium wp-image-3070\" src=\"https:\/\/www.berghorizonte.de\/blog\/wp-content\/uploads\/2016\/11\/P1080095-800x600-300x225.jpg\" alt=\"p1080095-800x600\" width=\"300\" height=\"225\" srcset=\"https:\/\/www.berghorizonte.de\/blog\/wp-content\/uploads\/2016\/11\/P1080095-800x600-300x225.jpg 300w, https:\/\/www.berghorizonte.de\/blog\/wp-content\/uploads\/2016\/11\/P1080095-800x600-768x576.jpg 768w, https:\/\/www.berghorizonte.de\/blog\/wp-content\/uploads\/2016\/11\/P1080095-800x600.jpg 800w\" sizes=\"(max-width: 300px) 100vw, 300px\" \/><\/a> <a href=\"https:\/\/www.berghorizonte.de\/blog\/wp-content\/uploads\/2016\/11\/P1080331-800x600.jpg\"><img decoding=\"async\" class=\"aligncenter size-medium wp-image-3071\" src=\"https:\/\/www.berghorizonte.de\/blog\/wp-content\/uploads\/2016\/11\/P1080331-800x600-300x225.jpg\" alt=\"p1080331-800x600\" width=\"300\" height=\"225\" srcset=\"https:\/\/www.berghorizonte.de\/blog\/wp-content\/uploads\/2016\/11\/P1080331-800x600-300x225.jpg 300w, https:\/\/www.berghorizonte.de\/blog\/wp-content\/uploads\/2016\/11\/P1080331-800x600-768x576.jpg 768w, https:\/\/www.berghorizonte.de\/blog\/wp-content\/uploads\/2016\/11\/P1080331-800x600.jpg 800w\" sizes=\"(max-width: 300px) 100vw, 300px\" \/><\/a>Unsere Top Empfehlung ist das <a href=\"http:\/\/kasararesort.com\/\" target=\"_blank\" rel=\"noopener\">Kasara Resort<\/a> im Chitwan Nationalpark<\/p>\n","protected":false},"excerpt":{"rendered":"<p>Nepal S\u00fcdseite: Everest Heli Komfort Trekking zum Ama Dablam Base Camp EVEREST 360\u00b0 &#8211; H\u00f6hepunkte in Tibet &amp; Nepal &#8211; die perfekte Himalaya Reise Tibet  [&#8230;]<\/p>\n","protected":false},"author":5,"featured_media":3043,"comment_status":"open","ping_status":"open","sticky":false,"template":"","format":"standard","meta":{"footnotes":""},"categories":[5,16,6],"tags":[280,71,25,282,101,73,246,69,72,283,24,23,281,107,164,30,27],"class_list":["post-3027","post","type-post","status-publish","format-standard","has-post-thumbnail","hentry","category-gastebuch-2","category-news","category-nepal","tag-chitwan","tag-chitwan-safari","tag-everest","tag-everest-base-camp","tag-everest-heli","tag-everest-helikopterflug","tag-heli","tag-heli-trekking","tag-kasara-resort","tag-kongde","tag-nepal-2","tag-nepal-reisen","tag-reisebericht","tag-tibet","tag-trekking","tag-yeti-mountain-home-komfortlodge-everest-trekking-by-berghorizonte","tag-yeti-mountain-home-lodge"],"yoast_head":"<!-- This site is optimized with the Yoast SEO plugin v27.5 - https:\/\/yoast.com\/product\/yoast-seo-wordpress\/ -->\n<title>Nepal - Everest Trek - Tibet - Chitwan Safari und Helicopter Panoramaflug<\/title>\n<meta name=\"description\" content=\"Nepal Everest Heli Komfort Trekking zum Ama Dablam Base Camp und Chitwan Dschungel Safari im Kasara Resort und Tibet Reise zum Everest Base Camp Nordseite\" \/>\n<meta name=\"robots\" content=\"index, follow, max-snippet:-1, max-image-preview:large, max-video-preview:-1\" \/>\n<link rel=\"canonical\" href=\"https:\/\/www.berghorizonte.de\/blog\/tibet_nepal_everest_heli\/\" \/>\n<meta property=\"og:locale\" content=\"de_DE\" \/>\n<meta property=\"og:type\" content=\"article\" \/>\n<meta property=\"og:title\" content=\"Nepal - Everest Trek - Tibet - Chitwan Safari und Helicopter Panoramaflug\" \/>\n<meta property=\"og:description\" content=\"Nepal Everest Heli Komfort Trekking zum Ama Dablam Base Camp und Chitwan Dschungel Safari im Kasara Resort und Tibet Reise zum Everest Base Camp Nordseite\" \/>\n<meta property=\"og:url\" content=\"https:\/\/www.berghorizonte.de\/blog\/tibet_nepal_everest_heli\/\" \/>\n<meta property=\"og:site_name\" content=\"Reiseblog\" \/>\n<meta property=\"article:published_time\" content=\"2016-11-21T14:10:46+00:00\" \/>\n<meta property=\"article:modified_time\" content=\"2017-10-11T13:49:34+00:00\" \/>\n<meta property=\"og:image\" content=\"https:\/\/www.berghorizonte.de\/blog\/wp-content\/uploads\/2016\/11\/P1070943-800x600.jpg\" \/>\n\t<meta property=\"og:image:width\" content=\"800\" \/>\n\t<meta property=\"og:image:height\" content=\"600\" \/>\n\t<meta property=\"og:image:type\" content=\"image\/jpeg\" \/>\n<meta name=\"author\" content=\"G\u00e4stebuchbeitrag\" \/>\n<meta name=\"twitter:label1\" content=\"Verfasst von\" \/>\n\t<meta name=\"twitter:data1\" content=\"G\u00e4stebuchbeitrag\" \/>\n\t<meta name=\"twitter:label2\" content=\"Gesch\u00e4tzte Lesezeit\" \/>\n\t<meta name=\"twitter:data2\" content=\"4\u00a0Minuten\" \/>\n<script type=\"application\/ld+json\" class=\"yoast-schema-graph\">{\"@context\":\"https:\\\/\\\/schema.org\",\"@graph\":[{\"@type\":\"Article\",\"@id\":\"https:\\\/\\\/www.berghorizonte.de\\\/blog\\\/tibet_nepal_everest_heli\\\/#article\",\"isPartOf\":{\"@id\":\"https:\\\/\\\/www.berghorizonte.de\\\/blog\\\/tibet_nepal_everest_heli\\\/\"},\"author\":{\"name\":\"G\u00e4stebuchbeitrag\",\"@id\":\"https:\\\/\\\/www.berghorizonte.de\\\/blog\\\/#\\\/schema\\\/person\\\/f2bccafdfb2ccdbd7b08e104f8f3f5f4\"},\"headline\":\"EVEREST 360\u00b0 &#8211; Von Tibet nach Nepal und Chitwan Dschungel Safari\",\"datePublished\":\"2016-11-21T14:10:46+00:00\",\"dateModified\":\"2017-10-11T13:49:34+00:00\",\"mainEntityOfPage\":{\"@id\":\"https:\\\/\\\/www.berghorizonte.de\\\/blog\\\/tibet_nepal_everest_heli\\\/\"},\"wordCount\":714,\"commentCount\":0,\"publisher\":{\"@id\":\"https:\\\/\\\/www.berghorizonte.de\\\/blog\\\/#organization\"},\"image\":{\"@id\":\"https:\\\/\\\/www.berghorizonte.de\\\/blog\\\/tibet_nepal_everest_heli\\\/#primaryimage\"},\"thumbnailUrl\":\"https:\\\/\\\/www.berghorizonte.de\\\/blog\\\/wp-content\\\/uploads\\\/2016\\\/11\\\/P1070943-800x600.jpg\",\"keywords\":[\"Chitwan\",\"Chitwan Safari\",\"Everest\",\"Everest Base Camp\",\"Everest Heli\",\"Everest Helikopterflug\",\"Heli\",\"Heli Trekking\",\"Kasara Resort\",\"Kongde\",\"Nepal\",\"Nepal-Reisen\",\"Reisebericht\",\"Tibet\",\"Trekking\",\"Yeti Mountain Home Komfortlodge Everest Trekking by berghorizonte\",\"Yeti Mountain Home Lodge\"],\"articleSection\":[\"G\u00e4stebuch\",\"News\",\"Reiseberichte &amp; News\"],\"inLanguage\":\"de\",\"potentialAction\":[{\"@type\":\"CommentAction\",\"name\":\"Comment\",\"target\":[\"https:\\\/\\\/www.berghorizonte.de\\\/blog\\\/tibet_nepal_everest_heli\\\/#respond\"]}]},{\"@type\":\"WebPage\",\"@id\":\"https:\\\/\\\/www.berghorizonte.de\\\/blog\\\/tibet_nepal_everest_heli\\\/\",\"url\":\"https:\\\/\\\/www.berghorizonte.de\\\/blog\\\/tibet_nepal_everest_heli\\\/\",\"name\":\"Nepal - Everest Trek - Tibet - Chitwan Safari und Helicopter Panoramaflug\",\"isPartOf\":{\"@id\":\"https:\\\/\\\/www.berghorizonte.de\\\/blog\\\/#website\"},\"primaryImageOfPage\":{\"@id\":\"https:\\\/\\\/www.berghorizonte.de\\\/blog\\\/tibet_nepal_everest_heli\\\/#primaryimage\"},\"image\":{\"@id\":\"https:\\\/\\\/www.berghorizonte.de\\\/blog\\\/tibet_nepal_everest_heli\\\/#primaryimage\"},\"thumbnailUrl\":\"https:\\\/\\\/www.berghorizonte.de\\\/blog\\\/wp-content\\\/uploads\\\/2016\\\/11\\\/P1070943-800x600.jpg\",\"datePublished\":\"2016-11-21T14:10:46+00:00\",\"dateModified\":\"2017-10-11T13:49:34+00:00\",\"description\":\"Nepal Everest Heli Komfort Trekking zum Ama Dablam Base Camp und Chitwan Dschungel Safari im Kasara Resort und Tibet Reise zum Everest Base Camp Nordseite\",\"breadcrumb\":{\"@id\":\"https:\\\/\\\/www.berghorizonte.de\\\/blog\\\/tibet_nepal_everest_heli\\\/#breadcrumb\"},\"inLanguage\":\"de\",\"potentialAction\":[{\"@type\":\"ReadAction\",\"target\":[\"https:\\\/\\\/www.berghorizonte.de\\\/blog\\\/tibet_nepal_everest_heli\\\/\"]}]},{\"@type\":\"ImageObject\",\"inLanguage\":\"de\",\"@id\":\"https:\\\/\\\/www.berghorizonte.de\\\/blog\\\/tibet_nepal_everest_heli\\\/#primaryimage\",\"url\":\"https:\\\/\\\/www.berghorizonte.de\\\/blog\\\/wp-content\\\/uploads\\\/2016\\\/11\\\/P1070943-800x600.jpg\",\"contentUrl\":\"https:\\\/\\\/www.berghorizonte.de\\\/blog\\\/wp-content\\\/uploads\\\/2016\\\/11\\\/P1070943-800x600.jpg\",\"width\":800,\"height\":600},{\"@type\":\"BreadcrumbList\",\"@id\":\"https:\\\/\\\/www.berghorizonte.de\\\/blog\\\/tibet_nepal_everest_heli\\\/#breadcrumb\",\"itemListElement\":[{\"@type\":\"ListItem\",\"position\":1,\"name\":\"Home\",\"item\":\"https:\\\/\\\/www.berghorizonte.de\\\/blog\\\/\"},{\"@type\":\"ListItem\",\"position\":2,\"name\":\"EVEREST 360\u00b0 &#8211; Von Tibet nach Nepal und Chitwan Dschungel Safari\"}]},{\"@type\":\"WebSite\",\"@id\":\"https:\\\/\\\/www.berghorizonte.de\\\/blog\\\/#website\",\"url\":\"https:\\\/\\\/www.berghorizonte.de\\\/blog\\\/\",\"name\":\"Reiseblog\",\"description\":\"Erfahrungen, G\u00e4stebuch und Feedbacks alles rund ums Reisen, Wandern, Trekking in Bhutan, Nepal, Peru, Myanmar...\",\"publisher\":{\"@id\":\"https:\\\/\\\/www.berghorizonte.de\\\/blog\\\/#organization\"},\"potentialAction\":[{\"@type\":\"SearchAction\",\"target\":{\"@type\":\"EntryPoint\",\"urlTemplate\":\"https:\\\/\\\/www.berghorizonte.de\\\/blog\\\/?s={search_term_string}\"},\"query-input\":{\"@type\":\"PropertyValueSpecification\",\"valueRequired\":true,\"valueName\":\"search_term_string\"}}],\"inLanguage\":\"de\"},{\"@type\":\"Organization\",\"@id\":\"https:\\\/\\\/www.berghorizonte.de\\\/blog\\\/#organization\",\"name\":\"berghorizonte\",\"url\":\"https:\\\/\\\/www.berghorizonte.de\\\/blog\\\/\",\"logo\":{\"@type\":\"ImageObject\",\"inLanguage\":\"de\",\"@id\":\"https:\\\/\\\/www.berghorizonte.de\\\/blog\\\/#\\\/schema\\\/logo\\\/image\\\/\",\"url\":\"https:\\\/\\\/www.berghorizonte.de\\\/blog\\\/wp-content\\\/uploads\\\/2014\\\/11\\\/berghorizonte_logo_k.jpg\",\"contentUrl\":\"https:\\\/\\\/www.berghorizonte.de\\\/blog\\\/wp-content\\\/uploads\\\/2014\\\/11\\\/berghorizonte_logo_k.jpg\",\"width\":425,\"height\":236,\"caption\":\"berghorizonte\"},\"image\":{\"@id\":\"https:\\\/\\\/www.berghorizonte.de\\\/blog\\\/#\\\/schema\\\/logo\\\/image\\\/\"}},{\"@type\":\"Person\",\"@id\":\"https:\\\/\\\/www.berghorizonte.de\\\/blog\\\/#\\\/schema\\\/person\\\/f2bccafdfb2ccdbd7b08e104f8f3f5f4\",\"name\":\"G\u00e4stebuchbeitrag\",\"image\":{\"@type\":\"ImageObject\",\"inLanguage\":\"de\",\"@id\":\"https:\\\/\\\/secure.gravatar.com\\\/avatar\\\/2f7ccc3d22d720ff556bf57349708a254825802eaef24c77c3f8936cd3048f39?s=96&d=mm&r=g\",\"url\":\"https:\\\/\\\/secure.gravatar.com\\\/avatar\\\/2f7ccc3d22d720ff556bf57349708a254825802eaef24c77c3f8936cd3048f39?s=96&d=mm&r=g\",\"contentUrl\":\"https:\\\/\\\/secure.gravatar.com\\\/avatar\\\/2f7ccc3d22d720ff556bf57349708a254825802eaef24c77c3f8936cd3048f39?s=96&d=mm&r=g\",\"caption\":\"G\u00e4stebuchbeitrag\"},\"url\":\"https:\\\/\\\/www.berghorizonte.de\\\/blog\\\/author\\\/gast\\\/\"}]}<\/script>\n<!-- \/ Yoast SEO plugin. -->","yoast_head_json":{"title":"Nepal - Everest Trek - Tibet - Chitwan Safari und Helicopter Panoramaflug","description":"Nepal Everest Heli Komfort Trekking zum Ama Dablam Base Camp und Chitwan Dschungel Safari im Kasara Resort und Tibet Reise zum Everest Base Camp Nordseite","robots":{"index":"index","follow":"follow","max-snippet":"max-snippet:-1","max-image-preview":"max-image-preview:large","max-video-preview":"max-video-preview:-1"},"canonical":"https:\/\/www.berghorizonte.de\/blog\/tibet_nepal_everest_heli\/","og_locale":"de_DE","og_type":"article","og_title":"Nepal - Everest Trek - Tibet - Chitwan Safari und Helicopter Panoramaflug","og_description":"Nepal Everest Heli Komfort Trekking zum Ama Dablam Base Camp und Chitwan Dschungel Safari im Kasara Resort und Tibet Reise zum Everest Base Camp Nordseite","og_url":"https:\/\/www.berghorizonte.de\/blog\/tibet_nepal_everest_heli\/","og_site_name":"Reiseblog","article_published_time":"2016-11-21T14:10:46+00:00","article_modified_time":"2017-10-11T13:49:34+00:00","og_image":[{"width":800,"height":600,"url":"https:\/\/www.berghorizonte.de\/blog\/wp-content\/uploads\/2016\/11\/P1070943-800x600.jpg","type":"image\/jpeg"}],"author":"G\u00e4stebuchbeitrag","twitter_misc":{"Verfasst von":"G\u00e4stebuchbeitrag","Gesch\u00e4tzte Lesezeit":"4\u00a0Minuten"},"schema":{"@context":"https:\/\/schema.org","@graph":[{"@type":"Article","@id":"https:\/\/www.berghorizonte.de\/blog\/tibet_nepal_everest_heli\/#article","isPartOf":{"@id":"https:\/\/www.berghorizonte.de\/blog\/tibet_nepal_everest_heli\/"},"author":{"name":"G\u00e4stebuchbeitrag","@id":"https:\/\/www.berghorizonte.de\/blog\/#\/schema\/person\/f2bccafdfb2ccdbd7b08e104f8f3f5f4"},"headline":"EVEREST 360\u00b0 &#8211; Von Tibet nach Nepal und Chitwan Dschungel Safari","datePublished":"2016-11-21T14:10:46+00:00","dateModified":"2017-10-11T13:49:34+00:00","mainEntityOfPage":{"@id":"https:\/\/www.berghorizonte.de\/blog\/tibet_nepal_everest_heli\/"},"wordCount":714,"commentCount":0,"publisher":{"@id":"https:\/\/www.berghorizonte.de\/blog\/#organization"},"image":{"@id":"https:\/\/www.berghorizonte.de\/blog\/tibet_nepal_everest_heli\/#primaryimage"},"thumbnailUrl":"https:\/\/www.berghorizonte.de\/blog\/wp-content\/uploads\/2016\/11\/P1070943-800x600.jpg","keywords":["Chitwan","Chitwan Safari","Everest","Everest Base Camp","Everest Heli","Everest Helikopterflug","Heli","Heli Trekking","Kasara Resort","Kongde","Nepal","Nepal-Reisen","Reisebericht","Tibet","Trekking","Yeti Mountain Home Komfortlodge Everest Trekking by berghorizonte","Yeti Mountain Home Lodge"],"articleSection":["G\u00e4stebuch","News","Reiseberichte &amp; News"],"inLanguage":"de","potentialAction":[{"@type":"CommentAction","name":"Comment","target":["https:\/\/www.berghorizonte.de\/blog\/tibet_nepal_everest_heli\/#respond"]}]},{"@type":"WebPage","@id":"https:\/\/www.berghorizonte.de\/blog\/tibet_nepal_everest_heli\/","url":"https:\/\/www.berghorizonte.de\/blog\/tibet_nepal_everest_heli\/","name":"Nepal - Everest Trek - Tibet - Chitwan Safari und Helicopter Panoramaflug","isPartOf":{"@id":"https:\/\/www.berghorizonte.de\/blog\/#website"},"primaryImageOfPage":{"@id":"https:\/\/www.berghorizonte.de\/blog\/tibet_nepal_everest_heli\/#primaryimage"},"image":{"@id":"https:\/\/www.berghorizonte.de\/blog\/tibet_nepal_everest_heli\/#primaryimage"},"thumbnailUrl":"https:\/\/www.berghorizonte.de\/blog\/wp-content\/uploads\/2016\/11\/P1070943-800x600.jpg","datePublished":"2016-11-21T14:10:46+00:00","dateModified":"2017-10-11T13:49:34+00:00","description":"Nepal Everest Heli Komfort Trekking zum Ama Dablam Base Camp und Chitwan Dschungel Safari im Kasara Resort und Tibet Reise zum Everest Base Camp Nordseite","breadcrumb":{"@id":"https:\/\/www.berghorizonte.de\/blog\/tibet_nepal_everest_heli\/#breadcrumb"},"inLanguage":"de","potentialAction":[{"@type":"ReadAction","target":["https:\/\/www.berghorizonte.de\/blog\/tibet_nepal_everest_heli\/"]}]},{"@type":"ImageObject","inLanguage":"de","@id":"https:\/\/www.berghorizonte.de\/blog\/tibet_nepal_everest_heli\/#primaryimage","url":"https:\/\/www.berghorizonte.de\/blog\/wp-content\/uploads\/2016\/11\/P1070943-800x600.jpg","contentUrl":"https:\/\/www.berghorizonte.de\/blog\/wp-content\/uploads\/2016\/11\/P1070943-800x600.jpg","width":800,"height":600},{"@type":"BreadcrumbList","@id":"https:\/\/www.berghorizonte.de\/blog\/tibet_nepal_everest_heli\/#breadcrumb","itemListElement":[{"@type":"ListItem","position":1,"name":"Home","item":"https:\/\/www.berghorizonte.de\/blog\/"},{"@type":"ListItem","position":2,"name":"EVEREST 360\u00b0 &#8211; Von Tibet nach Nepal und Chitwan Dschungel Safari"}]},{"@type":"WebSite","@id":"https:\/\/www.berghorizonte.de\/blog\/#website","url":"https:\/\/www.berghorizonte.de\/blog\/","name":"Reiseblog","description":"Erfahrungen, G\u00e4stebuch und Feedbacks alles rund ums Reisen, Wandern, Trekking in Bhutan, Nepal, Peru, Myanmar...","publisher":{"@id":"https:\/\/www.berghorizonte.de\/blog\/#organization"},"potentialAction":[{"@type":"SearchAction","target":{"@type":"EntryPoint","urlTemplate":"https:\/\/www.berghorizonte.de\/blog\/?s={search_term_string}"},"query-input":{"@type":"PropertyValueSpecification","valueRequired":true,"valueName":"search_term_string"}}],"inLanguage":"de"},{"@type":"Organization","@id":"https:\/\/www.berghorizonte.de\/blog\/#organization","name":"berghorizonte","url":"https:\/\/www.berghorizonte.de\/blog\/","logo":{"@type":"ImageObject","inLanguage":"de","@id":"https:\/\/www.berghorizonte.de\/blog\/#\/schema\/logo\/image\/","url":"https:\/\/www.berghorizonte.de\/blog\/wp-content\/uploads\/2014\/11\/berghorizonte_logo_k.jpg","contentUrl":"https:\/\/www.berghorizonte.de\/blog\/wp-content\/uploads\/2014\/11\/berghorizonte_logo_k.jpg","width":425,"height":236,"caption":"berghorizonte"},"image":{"@id":"https:\/\/www.berghorizonte.de\/blog\/#\/schema\/logo\/image\/"}},{"@type":"Person","@id":"https:\/\/www.berghorizonte.de\/blog\/#\/schema\/person\/f2bccafdfb2ccdbd7b08e104f8f3f5f4","name":"G\u00e4stebuchbeitrag","image":{"@type":"ImageObject","inLanguage":"de","@id":"https:\/\/secure.gravatar.com\/avatar\/2f7ccc3d22d720ff556bf57349708a254825802eaef24c77c3f8936cd3048f39?s=96&d=mm&r=g","url":"https:\/\/secure.gravatar.com\/avatar\/2f7ccc3d22d720ff556bf57349708a254825802eaef24c77c3f8936cd3048f39?s=96&d=mm&r=g","contentUrl":"https:\/\/secure.gravatar.com\/avatar\/2f7ccc3d22d720ff556bf57349708a254825802eaef24c77c3f8936cd3048f39?s=96&d=mm&r=g","caption":"G\u00e4stebuchbeitrag"},"url":"https:\/\/www.berghorizonte.de\/blog\/author\/gast\/"}]}},"_links":{"self":[{"href":"https:\/\/www.berghorizonte.de\/blog\/wp-json\/wp\/v2\/posts\/3027","targetHints":{"allow":["GET"]}}],"collection":[{"href":"https:\/\/www.berghorizonte.de\/blog\/wp-json\/wp\/v2\/posts"}],"about":[{"href":"https:\/\/www.berghorizonte.de\/blog\/wp-json\/wp\/v2\/types\/post"}],"author":[{"embeddable":true,"href":"https:\/\/www.berghorizonte.de\/blog\/wp-json\/wp\/v2\/users\/5"}],"replies":[{"embeddable":true,"href":"https:\/\/www.berghorizonte.de\/blog\/wp-json\/wp\/v2\/comments?post=3027"}],"version-history":[{"count":29,"href":"https:\/\/www.berghorizonte.de\/blog\/wp-json\/wp\/v2\/posts\/3027\/revisions"}],"predecessor-version":[{"id":3837,"href":"https:\/\/www.berghorizonte.de\/blog\/wp-json\/wp\/v2\/posts\/3027\/revisions\/3837"}],"wp:featuredmedia":[{"embeddable":true,"href":"https:\/\/www.berghorizonte.de\/blog\/wp-json\/wp\/v2\/media\/3043"}],"wp:attachment":[{"href":"https:\/\/www.berghorizonte.de\/blog\/wp-json\/wp\/v2\/media?parent=3027"}],"wp:term":[{"taxonomy":"category","embeddable":true,"href":"https:\/\/www.berghorizonte.de\/blog\/wp-json\/wp\/v2\/categories?post=3027"},{"taxonomy":"post_tag","embeddable":true,"href":"https:\/\/www.berghorizonte.de\/blog\/wp-json\/wp\/v2\/tags?post=3027"}],"curies":[{"name":"wp","href":"https:\/\/api.w.org\/{rel}","templated":true}]}}