{"id":3156,"date":"2016-12-18T15:42:55","date_gmt":"2016-12-18T13:42:55","guid":{"rendered":"https:\/\/www.berghorizonte.de\/blog\/?p=3156"},"modified":"2017-10-11T15:46:14","modified_gmt":"2017-10-11T13:46:14","slug":"perureise","status":"publish","type":"post","link":"https:\/\/www.berghorizonte.de\/blog\/perureise\/","title":{"rendered":"Perureise &#038; Komfort Trekking"},"content":{"rendered":"<p><strong>Herbst 2016: Perureise und Komforttrekking nach Machu Picchu<\/strong><\/p>\n<p>Liebes Berghorizonte Team,<\/p>\n<p>zu unserer gemeinsamen Perureise:<\/p>\n<p>Die Perureise, d.h. die Eindr\u00fccke von den Menschen, die herrliche Reiseroute (Lima &#8211; Arequipa &#8211; Colca Canyon &#8211; Titicacasee &#8211; Anden Bahnfahrt nach Cuscu &#8211; Salkantay Trek mit den Komfortlodges Mountain Lodge of Peru und Machu Picchu) mit einer Landschaft, wie ich sie noch nie gesehen habe und sie mir auch so nicht vorgestellt habe, war unbeschreiblich!<\/p>\n<p>Fotos kann man irgendwie beschreiben, das wirklich Erlebte meistens auch, aber diese Reise &#8230;<\/p>\n<p>Ich habe noch nie eine organisierte Reise gemacht. Wir wollten immer ganz individuell reisen, was auch herrlich war. Insofern kann ich nicht vergleichen, ausserdem habe ich auch nicht die weltweite Erfahrung, wie meine beiden Begleiter.<\/p>\n<h4>Die eigentlich &#8222;2 Reisen&#8220; der Perureise waren perfekt organisiert!<\/h4>\n<p>Wir haben nie, auch nur eine Minute irgendwo warten m\u00fcssen. Unsere guides waren unaufdringlich, f\u00fchrten uns eher wie gleichgesinnte Freunde scheinbar dahin, wo wir was sehen wollten. Die erste Woche hat uns total akklimatisiert. Wir hatten \u00fcberhaupt keine Anpassungsrobleme bei der zweiten, der &#8222;Wanderungswoche&#8220;!<\/p>\n<p>Wir wurden perfekt betreut, in jeder Beziehung: Wanderung, Verk\u00f6stigung und Unterbringung in den <a href=\"http:\/\/www.mountainlodgesofperu.com\/\" target=\"_blank\" rel=\"noopener\">Mountain Lodges of Peru<\/a>!! Ich h\u00e4tte mir nicht tr\u00e4umen lassen, dass man in knapp 4000m H\u00f6he so luxuri\u00f6s leben kann!<\/p>\n<p>( z.B. Betten wurden abends aufgedeckt und nicht nur das: es wurden W\u00e4rmflaschen hineingelegt, die Badet\u00fccher so sch\u00f6n angebracht, wie ich es noch nie gesehen habe).<\/p>\n<p>Vielen Dank f\u00fcr die tolle Perureise!<\/p>\n<p>Mit herzlichen Gr\u00fcssen, Charlotte, Walter und Johannes<\/p>\n\n\t\t<style type=\"text\/css\">\n\t\t\t#gallery-1 {\n\t\t\t\tmargin: auto;\n\t\t\t}\n\t\t\t#gallery-1 .gallery-item {\n\t\t\t\tfloat: left;\n\t\t\t\tmargin-top: 10px;\n\t\t\t\ttext-align: center;\n\t\t\t\twidth: 25%;\n\t\t\t}\n\t\t\t#gallery-1 img {\n\t\t\t\tborder: 2px solid #cfcfcf;\n\t\t\t}\n\t\t\t#gallery-1 .gallery-caption {\n\t\t\t\tmargin-left: 0;\n\t\t\t}\n\t\t\t\/* see gallery_shortcode() in wp-includes\/media.php *\/\n\t\t<\/style>\n\t\t<div id='gallery-1' class='gallery galleryid-3156 gallery-columns-4 gallery-size-large'><dl class='gallery-item'>\n\t\t\t<dt class='gallery-icon landscape'>\n\t\t\t\t<a data-rel=\"iLightbox[postimages]\" data-title=\"20161016_124336 (800&#215;450)\" data-caption=\"Hola - Welcome to Peru!\" href='https:\/\/www.berghorizonte.de\/blog\/wp-content\/uploads\/2016\/12\/20161016_124336-800x450.jpg'><img decoding=\"async\" width=\"800\" height=\"450\" src=\"https:\/\/www.berghorizonte.de\/blog\/wp-content\/uploads\/2016\/12\/20161016_124336-800x450.jpg\" class=\"attachment-large size-large\" alt=\"\" aria-describedby=\"gallery-1-3180\" srcset=\"https:\/\/www.berghorizonte.de\/blog\/wp-content\/uploads\/2016\/12\/20161016_124336-800x450-300x169.jpg 300w, https:\/\/www.berghorizonte.de\/blog\/wp-content\/uploads\/2016\/12\/20161016_124336-800x450-768x432.jpg 768w, https:\/\/www.berghorizonte.de\/blog\/wp-content\/uploads\/2016\/12\/20161016_124336-800x450.jpg 800w\" sizes=\"(max-width: 800px) 100vw, 800px\" \/><\/a>\n\t\t\t<\/dt>\n\t\t\t\t<dd class='wp-caption-text gallery-caption' id='gallery-1-3180'>\n\t\t\t\tHola &#8211; Welcome to Peru!\n\t\t\t\t<\/dd><\/dl><dl class='gallery-item'>\n\t\t\t<dt class='gallery-icon landscape'>\n\t\t\t\t<a data-rel=\"iLightbox[postimages]\" data-title=\"Perureise mit berghorizonte\" data-caption=\"Peru: Start der Reise in Lima\" href='https:\/\/www.berghorizonte.de\/blog\/wp-content\/uploads\/2016\/12\/20161005_145425-800x450.jpg'><img decoding=\"async\" width=\"800\" height=\"450\" src=\"https:\/\/www.berghorizonte.de\/blog\/wp-content\/uploads\/2016\/12\/20161005_145425-800x450.jpg\" class=\"attachment-large size-large\" alt=\"Perureise mit berghorizonte\" aria-describedby=\"gallery-1-3160\" srcset=\"https:\/\/www.berghorizonte.de\/blog\/wp-content\/uploads\/2016\/12\/20161005_145425-800x450-300x169.jpg 300w, https:\/\/www.berghorizonte.de\/blog\/wp-content\/uploads\/2016\/12\/20161005_145425-800x450-768x432.jpg 768w, https:\/\/www.berghorizonte.de\/blog\/wp-content\/uploads\/2016\/12\/20161005_145425-800x450.jpg 800w\" sizes=\"(max-width: 800px) 100vw, 800px\" \/><\/a>\n\t\t\t<\/dt>\n\t\t\t\t<dd class='wp-caption-text gallery-caption' id='gallery-1-3160'>\n\t\t\t\tPeru: Start der Reise in Lima\n\t\t\t\t<\/dd><\/dl><dl class='gallery-item'>\n\t\t\t<dt class='gallery-icon landscape'>\n\t\t\t\t<a data-rel=\"iLightbox[postimages]\" data-title=\"20161007_050545 (800&#215;450)\" data-caption=\"Historische Geb\u00e4ude und viel Kultur...\" href='https:\/\/www.berghorizonte.de\/blog\/wp-content\/uploads\/2016\/12\/20161007_050545-800x450.jpg'><img decoding=\"async\" width=\"800\" height=\"450\" src=\"https:\/\/www.berghorizonte.de\/blog\/wp-content\/uploads\/2016\/12\/20161007_050545-800x450.jpg\" class=\"attachment-large size-large\" alt=\"\" aria-describedby=\"gallery-1-3161\" srcset=\"https:\/\/www.berghorizonte.de\/blog\/wp-content\/uploads\/2016\/12\/20161007_050545-800x450-300x169.jpg 300w, https:\/\/www.berghorizonte.de\/blog\/wp-content\/uploads\/2016\/12\/20161007_050545-800x450-768x432.jpg 768w, https:\/\/www.berghorizonte.de\/blog\/wp-content\/uploads\/2016\/12\/20161007_050545-800x450.jpg 800w\" sizes=\"(max-width: 800px) 100vw, 800px\" \/><\/a>\n\t\t\t<\/dt>\n\t\t\t\t<dd class='wp-caption-text gallery-caption' id='gallery-1-3161'>\n\t\t\t\tHistorische Geb\u00e4ude und viel Kultur&#8230;\n\t\t\t\t<\/dd><\/dl><dl class='gallery-item'>\n\t\t\t<dt class='gallery-icon landscape'>\n\t\t\t\t<a data-rel=\"iLightbox[postimages]\" data-title=\"20161006_120242 (800&#215;450)\" data-caption=\" Vulkane um Arequipa\" href='https:\/\/www.berghorizonte.de\/blog\/wp-content\/uploads\/2016\/12\/20161006_120242-800x450.jpg'><img decoding=\"async\" width=\"800\" height=\"450\" src=\"https:\/\/www.berghorizonte.de\/blog\/wp-content\/uploads\/2016\/12\/20161006_120242-800x450.jpg\" class=\"attachment-large size-large\" alt=\"\" aria-describedby=\"gallery-1-3190\" srcset=\"https:\/\/www.berghorizonte.de\/blog\/wp-content\/uploads\/2016\/12\/20161006_120242-800x450-300x169.jpg 300w, https:\/\/www.berghorizonte.de\/blog\/wp-content\/uploads\/2016\/12\/20161006_120242-800x450-768x432.jpg 768w, https:\/\/www.berghorizonte.de\/blog\/wp-content\/uploads\/2016\/12\/20161006_120242-800x450.jpg 800w\" sizes=\"(max-width: 800px) 100vw, 800px\" \/><\/a>\n\t\t\t<\/dt>\n\t\t\t\t<dd class='wp-caption-text gallery-caption' id='gallery-1-3190'>\n\t\t\t\t Vulkane um Arequipa\n\t\t\t\t<\/dd><\/dl><br style=\"clear: both\" \/><dl class='gallery-item'>\n\t\t\t<dt class='gallery-icon landscape'>\n\t\t\t\t<a data-rel=\"iLightbox[postimages]\" data-title=\"20161008_083644 (800&#215;450)\" data-caption=\"...Altiplano - Fahrt zum Colca\" href='https:\/\/www.berghorizonte.de\/blog\/wp-content\/uploads\/2016\/12\/20161008_083644-800x450.jpg'><img decoding=\"async\" width=\"800\" height=\"450\" src=\"https:\/\/www.berghorizonte.de\/blog\/wp-content\/uploads\/2016\/12\/20161008_083644-800x450.jpg\" class=\"attachment-large size-large\" alt=\"\" aria-describedby=\"gallery-1-3163\" srcset=\"https:\/\/www.berghorizonte.de\/blog\/wp-content\/uploads\/2016\/12\/20161008_083644-800x450-300x169.jpg 300w, https:\/\/www.berghorizonte.de\/blog\/wp-content\/uploads\/2016\/12\/20161008_083644-800x450-768x432.jpg 768w, https:\/\/www.berghorizonte.de\/blog\/wp-content\/uploads\/2016\/12\/20161008_083644-800x450.jpg 800w\" sizes=\"(max-width: 800px) 100vw, 800px\" \/><\/a>\n\t\t\t<\/dt>\n\t\t\t\t<dd class='wp-caption-text gallery-caption' id='gallery-1-3163'>\n\t\t\t\t&#8230;Altiplano &#8211; Fahrt zum Colca\n\t\t\t\t<\/dd><\/dl><dl class='gallery-item'>\n\t\t\t<dt class='gallery-icon landscape'>\n\t\t\t\t<a data-rel=\"iLightbox[postimages]\" data-title=\"20161008_170801 (800&#215;450)\" data-caption=\"Aussicht vom Lodge auf den Titicacsee\" href='https:\/\/www.berghorizonte.de\/blog\/wp-content\/uploads\/2016\/12\/20161008_170801-800x450.jpg'><img decoding=\"async\" width=\"800\" height=\"450\" src=\"https:\/\/www.berghorizonte.de\/blog\/wp-content\/uploads\/2016\/12\/20161008_170801-800x450.jpg\" class=\"attachment-large size-large\" alt=\"\" aria-describedby=\"gallery-1-3164\" srcset=\"https:\/\/www.berghorizonte.de\/blog\/wp-content\/uploads\/2016\/12\/20161008_170801-800x450-300x169.jpg 300w, https:\/\/www.berghorizonte.de\/blog\/wp-content\/uploads\/2016\/12\/20161008_170801-800x450-768x432.jpg 768w, https:\/\/www.berghorizonte.de\/blog\/wp-content\/uploads\/2016\/12\/20161008_170801-800x450.jpg 800w\" sizes=\"(max-width: 800px) 100vw, 800px\" \/><\/a>\n\t\t\t<\/dt>\n\t\t\t\t<dd class='wp-caption-text gallery-caption' id='gallery-1-3164'>\n\t\t\t\tAussicht vom Lodge auf den Titicacsee\n\t\t\t\t<\/dd><\/dl><dl class='gallery-item'>\n\t\t\t<dt class='gallery-icon landscape'>\n\t\t\t\t<a data-rel=\"iLightbox[postimages]\" data-title=\"20161009_104306 (800&#215;450)\" data-caption=\"Titicacasee - im Herzen der Anden\" href='https:\/\/www.berghorizonte.de\/blog\/wp-content\/uploads\/2016\/12\/20161009_104306-800x450.jpg'><img decoding=\"async\" width=\"800\" height=\"450\" src=\"https:\/\/www.berghorizonte.de\/blog\/wp-content\/uploads\/2016\/12\/20161009_104306-800x450.jpg\" class=\"attachment-large size-large\" alt=\"\" aria-describedby=\"gallery-1-3165\" srcset=\"https:\/\/www.berghorizonte.de\/blog\/wp-content\/uploads\/2016\/12\/20161009_104306-800x450-300x169.jpg 300w, https:\/\/www.berghorizonte.de\/blog\/wp-content\/uploads\/2016\/12\/20161009_104306-800x450-768x432.jpg 768w, https:\/\/www.berghorizonte.de\/blog\/wp-content\/uploads\/2016\/12\/20161009_104306-800x450.jpg 800w\" sizes=\"(max-width: 800px) 100vw, 800px\" \/><\/a>\n\t\t\t<\/dt>\n\t\t\t\t<dd class='wp-caption-text gallery-caption' id='gallery-1-3165'>\n\t\t\t\tTiticacasee &#8211; im Herzen der Anden\n\t\t\t\t<\/dd><\/dl><dl class='gallery-item'>\n\t\t\t<dt class='gallery-icon landscape'>\n\t\t\t\t<a data-rel=\"iLightbox[postimages]\" data-title=\"20161010_072917 (800&#215;450)\" data-caption=\"Einsteigen: Peru Zug nach Cuscu\" href='https:\/\/www.berghorizonte.de\/blog\/wp-content\/uploads\/2016\/12\/20161010_072917-800x450.jpg'><img decoding=\"async\" width=\"800\" height=\"450\" src=\"https:\/\/www.berghorizonte.de\/blog\/wp-content\/uploads\/2016\/12\/20161010_072917-800x450.jpg\" class=\"attachment-large size-large\" alt=\"\" aria-describedby=\"gallery-1-3166\" srcset=\"https:\/\/www.berghorizonte.de\/blog\/wp-content\/uploads\/2016\/12\/20161010_072917-800x450-300x169.jpg 300w, https:\/\/www.berghorizonte.de\/blog\/wp-content\/uploads\/2016\/12\/20161010_072917-800x450-768x432.jpg 768w, https:\/\/www.berghorizonte.de\/blog\/wp-content\/uploads\/2016\/12\/20161010_072917-800x450.jpg 800w\" sizes=\"(max-width: 800px) 100vw, 800px\" \/><\/a>\n\t\t\t<\/dt>\n\t\t\t\t<dd class='wp-caption-text gallery-caption' id='gallery-1-3166'>\n\t\t\t\tEinsteigen: Peru Zug nach Cuscu\n\t\t\t\t<\/dd><\/dl><br style=\"clear: both\" \/><dl class='gallery-item'>\n\t\t\t<dt class='gallery-icon landscape'>\n\t\t\t\t<a data-rel=\"iLightbox[postimages]\" data-title=\"20161010_134839 (800&#215;450)\" data-caption=\"Perurail im Andenzug nach Cuscu\" href='https:\/\/www.berghorizonte.de\/blog\/wp-content\/uploads\/2016\/12\/20161010_134839-800x450.jpg'><img decoding=\"async\" width=\"800\" height=\"450\" src=\"https:\/\/www.berghorizonte.de\/blog\/wp-content\/uploads\/2016\/12\/20161010_134839-800x450.jpg\" class=\"attachment-large size-large\" alt=\"\" aria-describedby=\"gallery-1-3167\" srcset=\"https:\/\/www.berghorizonte.de\/blog\/wp-content\/uploads\/2016\/12\/20161010_134839-800x450-300x169.jpg 300w, https:\/\/www.berghorizonte.de\/blog\/wp-content\/uploads\/2016\/12\/20161010_134839-800x450-768x432.jpg 768w, https:\/\/www.berghorizonte.de\/blog\/wp-content\/uploads\/2016\/12\/20161010_134839-800x450.jpg 800w\" sizes=\"(max-width: 800px) 100vw, 800px\" \/><\/a>\n\t\t\t<\/dt>\n\t\t\t\t<dd class='wp-caption-text gallery-caption' id='gallery-1-3167'>\n\t\t\t\tPerurail im Andenzug nach Cuscu\n\t\t\t\t<\/dd><\/dl><dl class='gallery-item'>\n\t\t\t<dt class='gallery-icon landscape'>\n\t\t\t\t<a data-rel=\"iLightbox[postimages]\" data-title=\"20161011_090618 (800&#215;450)\" data-caption=\"Inka Kultur - einmalig \" href='https:\/\/www.berghorizonte.de\/blog\/wp-content\/uploads\/2016\/12\/20161011_090618-800x450.jpg'><img decoding=\"async\" width=\"800\" height=\"450\" src=\"https:\/\/www.berghorizonte.de\/blog\/wp-content\/uploads\/2016\/12\/20161011_090618-800x450.jpg\" class=\"attachment-large size-large\" alt=\"\" aria-describedby=\"gallery-1-3168\" srcset=\"https:\/\/www.berghorizonte.de\/blog\/wp-content\/uploads\/2016\/12\/20161011_090618-800x450-300x169.jpg 300w, https:\/\/www.berghorizonte.de\/blog\/wp-content\/uploads\/2016\/12\/20161011_090618-800x450-768x432.jpg 768w, https:\/\/www.berghorizonte.de\/blog\/wp-content\/uploads\/2016\/12\/20161011_090618-800x450.jpg 800w\" sizes=\"(max-width: 800px) 100vw, 800px\" \/><\/a>\n\t\t\t<\/dt>\n\t\t\t\t<dd class='wp-caption-text gallery-caption' id='gallery-1-3168'>\n\t\t\t\tInka Kultur &#8211; einmalig \n\t\t\t\t<\/dd><\/dl><dl class='gallery-item'>\n\t\t\t<dt class='gallery-icon landscape'>\n\t\t\t\t<a data-rel=\"iLightbox[postimages]\" data-title=\"20161012_155926 (800&#215;450)\" data-caption=\"Komfort Lodges Mountain Lodges of Peru\" href='https:\/\/www.berghorizonte.de\/blog\/wp-content\/uploads\/2016\/12\/20161012_155926-800x450.jpg'><img decoding=\"async\" width=\"800\" height=\"450\" src=\"https:\/\/www.berghorizonte.de\/blog\/wp-content\/uploads\/2016\/12\/20161012_155926-800x450.jpg\" class=\"attachment-large size-large\" alt=\"\" aria-describedby=\"gallery-1-3169\" srcset=\"https:\/\/www.berghorizonte.de\/blog\/wp-content\/uploads\/2016\/12\/20161012_155926-800x450-300x169.jpg 300w, https:\/\/www.berghorizonte.de\/blog\/wp-content\/uploads\/2016\/12\/20161012_155926-800x450-768x432.jpg 768w, https:\/\/www.berghorizonte.de\/blog\/wp-content\/uploads\/2016\/12\/20161012_155926-800x450.jpg 800w\" sizes=\"(max-width: 800px) 100vw, 800px\" \/><\/a>\n\t\t\t<\/dt>\n\t\t\t\t<dd class='wp-caption-text gallery-caption' id='gallery-1-3169'>\n\t\t\t\tKomfort Lodges Mountain Lodges of Peru\n\t\t\t\t<\/dd><\/dl><dl class='gallery-item'>\n\t\t\t<dt class='gallery-icon landscape'>\n\t\t\t\t<a data-rel=\"iLightbox[postimages]\" data-title=\"20161013_075126 (800&#215;450)\" data-caption=\"...auf dem Salkantay Trek \" href='https:\/\/www.berghorizonte.de\/blog\/wp-content\/uploads\/2016\/12\/20161013_075126-800x450.jpg'><img decoding=\"async\" width=\"800\" height=\"450\" src=\"https:\/\/www.berghorizonte.de\/blog\/wp-content\/uploads\/2016\/12\/20161013_075126-800x450.jpg\" class=\"attachment-large size-large\" alt=\"\" aria-describedby=\"gallery-1-3170\" srcset=\"https:\/\/www.berghorizonte.de\/blog\/wp-content\/uploads\/2016\/12\/20161013_075126-800x450-300x169.jpg 300w, https:\/\/www.berghorizonte.de\/blog\/wp-content\/uploads\/2016\/12\/20161013_075126-800x450-768x432.jpg 768w, https:\/\/www.berghorizonte.de\/blog\/wp-content\/uploads\/2016\/12\/20161013_075126-800x450.jpg 800w\" sizes=\"(max-width: 800px) 100vw, 800px\" \/><\/a>\n\t\t\t<\/dt>\n\t\t\t\t<dd class='wp-caption-text gallery-caption' id='gallery-1-3170'>\n\t\t\t\t&#8230;auf dem Salkantay Trek \n\t\t\t\t<\/dd><\/dl><br style=\"clear: both\" \/><dl class='gallery-item'>\n\t\t\t<dt class='gallery-icon landscape'>\n\t\t\t\t<a data-rel=\"iLightbox[postimages]\" data-title=\"20161013_090852 (800&#215;450)\" data-caption=\"Die Anden hautnah erleben\" href='https:\/\/www.berghorizonte.de\/blog\/wp-content\/uploads\/2016\/12\/20161013_090852-800x450.jpg'><img decoding=\"async\" width=\"800\" height=\"450\" src=\"https:\/\/www.berghorizonte.de\/blog\/wp-content\/uploads\/2016\/12\/20161013_090852-800x450.jpg\" class=\"attachment-large size-large\" alt=\"\" aria-describedby=\"gallery-1-3171\" srcset=\"https:\/\/www.berghorizonte.de\/blog\/wp-content\/uploads\/2016\/12\/20161013_090852-800x450-300x169.jpg 300w, https:\/\/www.berghorizonte.de\/blog\/wp-content\/uploads\/2016\/12\/20161013_090852-800x450-768x432.jpg 768w, https:\/\/www.berghorizonte.de\/blog\/wp-content\/uploads\/2016\/12\/20161013_090852-800x450.jpg 800w\" sizes=\"(max-width: 800px) 100vw, 800px\" \/><\/a>\n\t\t\t<\/dt>\n\t\t\t\t<dd class='wp-caption-text gallery-caption' id='gallery-1-3171'>\n\t\t\t\tDie Anden hautnah erleben\n\t\t\t\t<\/dd><\/dl><dl class='gallery-item'>\n\t\t\t<dt class='gallery-icon landscape'>\n\t\t\t\t<a data-rel=\"iLightbox[postimages]\" data-title=\"20161013_115316 (800&#215;450)\" data-caption=\"Peru: Land, Leute und Begnungen auf Augenh\u00f6he\" href='https:\/\/www.berghorizonte.de\/blog\/wp-content\/uploads\/2016\/12\/20161013_115316-800x450.jpg'><img decoding=\"async\" width=\"800\" height=\"450\" src=\"https:\/\/www.berghorizonte.de\/blog\/wp-content\/uploads\/2016\/12\/20161013_115316-800x450.jpg\" class=\"attachment-large size-large\" alt=\"\" aria-describedby=\"gallery-1-3172\" srcset=\"https:\/\/www.berghorizonte.de\/blog\/wp-content\/uploads\/2016\/12\/20161013_115316-800x450-300x169.jpg 300w, https:\/\/www.berghorizonte.de\/blog\/wp-content\/uploads\/2016\/12\/20161013_115316-800x450-768x432.jpg 768w, https:\/\/www.berghorizonte.de\/blog\/wp-content\/uploads\/2016\/12\/20161013_115316-800x450.jpg 800w\" sizes=\"(max-width: 800px) 100vw, 800px\" \/><\/a>\n\t\t\t<\/dt>\n\t\t\t\t<dd class='wp-caption-text gallery-caption' id='gallery-1-3172'>\n\t\t\t\tPeru: Land, Leute und Begnungen auf Augenh\u00f6he\n\t\t\t\t<\/dd><\/dl><dl class='gallery-item'>\n\t\t\t<dt class='gallery-icon landscape'>\n\t\t\t\t<a data-rel=\"iLightbox[postimages]\" data-title=\"20161014_110521 (800&#215;450)\" data-caption=\"...geschafft der Salkantay Pass auf 4.630m\" href='https:\/\/www.berghorizonte.de\/blog\/wp-content\/uploads\/2016\/12\/20161014_110521-800x450.jpg'><img decoding=\"async\" width=\"800\" height=\"450\" src=\"https:\/\/www.berghorizonte.de\/blog\/wp-content\/uploads\/2016\/12\/20161014_110521-800x450.jpg\" class=\"attachment-large size-large\" alt=\"\" aria-describedby=\"gallery-1-3173\" srcset=\"https:\/\/www.berghorizonte.de\/blog\/wp-content\/uploads\/2016\/12\/20161014_110521-800x450-300x169.jpg 300w, https:\/\/www.berghorizonte.de\/blog\/wp-content\/uploads\/2016\/12\/20161014_110521-800x450-768x432.jpg 768w, https:\/\/www.berghorizonte.de\/blog\/wp-content\/uploads\/2016\/12\/20161014_110521-800x450.jpg 800w\" sizes=\"(max-width: 800px) 100vw, 800px\" \/><\/a>\n\t\t\t<\/dt>\n\t\t\t\t<dd class='wp-caption-text gallery-caption' id='gallery-1-3173'>\n\t\t\t\t&#8230;geschafft der Salkantay Pass auf 4.630m\n\t\t\t\t<\/dd><\/dl><dl class='gallery-item'>\n\t\t\t<dt class='gallery-icon landscape'>\n\t\t\t\t<a data-rel=\"iLightbox[postimages]\" data-title=\"20161014_111036 (800&#215;450)\" data-caption=\"...alle am Ziel - Salkantay Trek\" href='https:\/\/www.berghorizonte.de\/blog\/wp-content\/uploads\/2016\/12\/20161014_111036-800x450.jpg'><img decoding=\"async\" width=\"800\" height=\"450\" src=\"https:\/\/www.berghorizonte.de\/blog\/wp-content\/uploads\/2016\/12\/20161014_111036-800x450.jpg\" class=\"attachment-large size-large\" alt=\"\" aria-describedby=\"gallery-1-3174\" srcset=\"https:\/\/www.berghorizonte.de\/blog\/wp-content\/uploads\/2016\/12\/20161014_111036-800x450-300x169.jpg 300w, https:\/\/www.berghorizonte.de\/blog\/wp-content\/uploads\/2016\/12\/20161014_111036-800x450-768x432.jpg 768w, https:\/\/www.berghorizonte.de\/blog\/wp-content\/uploads\/2016\/12\/20161014_111036-800x450.jpg 800w\" sizes=\"(max-width: 800px) 100vw, 800px\" \/><\/a>\n\t\t\t<\/dt>\n\t\t\t\t<dd class='wp-caption-text gallery-caption' id='gallery-1-3174'>\n\t\t\t\t&#8230;alle am Ziel &#8211; Salkantay Trek\n\t\t\t\t<\/dd><\/dl><br style=\"clear: both\" \/><dl class='gallery-item'>\n\t\t\t<dt class='gallery-icon landscape'>\n\t\t\t\t<a data-rel=\"iLightbox[postimages]\" data-title=\"20161014_191358 (800&#215;450)\" data-caption=\"...und nach dem Pass ein gem\u00fctliches Dinner im Komfortlodge\" href='https:\/\/www.berghorizonte.de\/blog\/wp-content\/uploads\/2016\/12\/20161014_191358-800x450.jpg'><img decoding=\"async\" width=\"800\" height=\"450\" src=\"https:\/\/www.berghorizonte.de\/blog\/wp-content\/uploads\/2016\/12\/20161014_191358-800x450.jpg\" class=\"attachment-large size-large\" alt=\"\" aria-describedby=\"gallery-1-3175\" srcset=\"https:\/\/www.berghorizonte.de\/blog\/wp-content\/uploads\/2016\/12\/20161014_191358-800x450-300x169.jpg 300w, https:\/\/www.berghorizonte.de\/blog\/wp-content\/uploads\/2016\/12\/20161014_191358-800x450-768x432.jpg 768w, https:\/\/www.berghorizonte.de\/blog\/wp-content\/uploads\/2016\/12\/20161014_191358-800x450.jpg 800w\" sizes=\"(max-width: 800px) 100vw, 800px\" \/><\/a>\n\t\t\t<\/dt>\n\t\t\t\t<dd class='wp-caption-text gallery-caption' id='gallery-1-3175'>\n\t\t\t\t&#8230;und nach dem Pass ein gem\u00fctliches Dinner im Komfortlodge\n\t\t\t\t<\/dd><\/dl><dl class='gallery-item'>\n\t\t\t<dt class='gallery-icon landscape'>\n\t\t\t\t<a data-rel=\"iLightbox[postimages]\" data-title=\"20161015_074054 (800&#215;450)\" data-caption=\"Unser Peru Komfortlodges in traumhafter Lage\" href='https:\/\/www.berghorizonte.de\/blog\/wp-content\/uploads\/2016\/12\/20161015_074054-800x450.jpg'><img decoding=\"async\" width=\"800\" height=\"450\" src=\"https:\/\/www.berghorizonte.de\/blog\/wp-content\/uploads\/2016\/12\/20161015_074054-800x450.jpg\" class=\"attachment-large size-large\" alt=\"\" aria-describedby=\"gallery-1-3176\" srcset=\"https:\/\/www.berghorizonte.de\/blog\/wp-content\/uploads\/2016\/12\/20161015_074054-800x450-300x169.jpg 300w, https:\/\/www.berghorizonte.de\/blog\/wp-content\/uploads\/2016\/12\/20161015_074054-800x450-768x432.jpg 768w, https:\/\/www.berghorizonte.de\/blog\/wp-content\/uploads\/2016\/12\/20161015_074054-800x450.jpg 800w\" sizes=\"(max-width: 800px) 100vw, 800px\" \/><\/a>\n\t\t\t<\/dt>\n\t\t\t\t<dd class='wp-caption-text gallery-caption' id='gallery-1-3176'>\n\t\t\t\tUnser Peru Komfortlodges in traumhafter Lage\n\t\t\t\t<\/dd><\/dl><dl class='gallery-item'>\n\t\t\t<dt class='gallery-icon landscape'>\n\t\t\t\t<a data-rel=\"iLightbox[postimages]\" data-title=\"20161015_090114 (800&#215;450)\" data-caption=\"Flora &amp; Fauna auf dem Perutrekking\" href='https:\/\/www.berghorizonte.de\/blog\/wp-content\/uploads\/2016\/12\/20161015_090114-800x450.jpg'><img decoding=\"async\" width=\"800\" height=\"450\" src=\"https:\/\/www.berghorizonte.de\/blog\/wp-content\/uploads\/2016\/12\/20161015_090114-800x450.jpg\" class=\"attachment-large size-large\" alt=\"\" aria-describedby=\"gallery-1-3177\" srcset=\"https:\/\/www.berghorizonte.de\/blog\/wp-content\/uploads\/2016\/12\/20161015_090114-800x450-300x169.jpg 300w, https:\/\/www.berghorizonte.de\/blog\/wp-content\/uploads\/2016\/12\/20161015_090114-800x450-768x432.jpg 768w, https:\/\/www.berghorizonte.de\/blog\/wp-content\/uploads\/2016\/12\/20161015_090114-800x450.jpg 800w\" sizes=\"(max-width: 800px) 100vw, 800px\" \/><\/a>\n\t\t\t<\/dt>\n\t\t\t\t<dd class='wp-caption-text gallery-caption' id='gallery-1-3177'>\n\t\t\t\tFlora &#038; Fauna auf dem Perutrekking\n\t\t\t\t<\/dd><\/dl><dl class='gallery-item'>\n\t\t\t<dt class='gallery-icon landscape'>\n\t\t\t\t<a data-rel=\"iLightbox[postimages]\" data-title=\"20161015_121559 (800&#215;450)\" data-caption=\"...laufen oder fahren ? \" href='https:\/\/www.berghorizonte.de\/blog\/wp-content\/uploads\/2016\/12\/20161015_121559-800x450.jpg'><img decoding=\"async\" width=\"800\" height=\"450\" src=\"https:\/\/www.berghorizonte.de\/blog\/wp-content\/uploads\/2016\/12\/20161015_121559-800x450.jpg\" class=\"attachment-large size-large\" alt=\"\" aria-describedby=\"gallery-1-3178\" srcset=\"https:\/\/www.berghorizonte.de\/blog\/wp-content\/uploads\/2016\/12\/20161015_121559-800x450-300x169.jpg 300w, https:\/\/www.berghorizonte.de\/blog\/wp-content\/uploads\/2016\/12\/20161015_121559-800x450-768x432.jpg 768w, https:\/\/www.berghorizonte.de\/blog\/wp-content\/uploads\/2016\/12\/20161015_121559-800x450.jpg 800w\" sizes=\"(max-width: 800px) 100vw, 800px\" \/><\/a>\n\t\t\t<\/dt>\n\t\t\t\t<dd class='wp-caption-text gallery-caption' id='gallery-1-3178'>\n\t\t\t\t&#8230;laufen oder fahren ? \n\t\t\t\t<\/dd><\/dl><br style=\"clear: both\" \/><dl class='gallery-item'>\n\t\t\t<dt class='gallery-icon landscape'>\n\t\t\t\t<a data-rel=\"iLightbox[postimages]\" data-title=\"20161015_134643 (800&#215;450)\" data-caption=\"mmmhhh - Spezialit\u00e4ten genie\u00dfen\" href='https:\/\/www.berghorizonte.de\/blog\/wp-content\/uploads\/2016\/12\/20161015_134643-800x450.jpg'><img decoding=\"async\" width=\"800\" height=\"450\" src=\"https:\/\/www.berghorizonte.de\/blog\/wp-content\/uploads\/2016\/12\/20161015_134643-800x450.jpg\" class=\"attachment-large size-large\" alt=\"\" aria-describedby=\"gallery-1-3179\" srcset=\"https:\/\/www.berghorizonte.de\/blog\/wp-content\/uploads\/2016\/12\/20161015_134643-800x450-300x169.jpg 300w, https:\/\/www.berghorizonte.de\/blog\/wp-content\/uploads\/2016\/12\/20161015_134643-800x450-768x432.jpg 768w, https:\/\/www.berghorizonte.de\/blog\/wp-content\/uploads\/2016\/12\/20161015_134643-800x450.jpg 800w\" sizes=\"(max-width: 800px) 100vw, 800px\" \/><\/a>\n\t\t\t<\/dt>\n\t\t\t\t<dd class='wp-caption-text gallery-caption' id='gallery-1-3179'>\n\t\t\t\tmmmhhh &#8211; Spezialit\u00e4ten genie\u00dfen\n\t\t\t\t<\/dd><\/dl><dl class='gallery-item'>\n\t\t\t<dt class='gallery-icon landscape'>\n\t\t\t\t<a data-rel=\"iLightbox[postimages]\" data-title=\"20161016_154720 (800&#215;450)\" data-caption=\"Kaffee Verk\u00f6stigung auf dem Trek inklusive!\" href='https:\/\/www.berghorizonte.de\/blog\/wp-content\/uploads\/2016\/12\/20161016_154720-800x450.jpg'><img decoding=\"async\" width=\"800\" height=\"450\" src=\"https:\/\/www.berghorizonte.de\/blog\/wp-content\/uploads\/2016\/12\/20161016_154720-800x450.jpg\" class=\"attachment-large size-large\" alt=\"\" aria-describedby=\"gallery-1-3181\" srcset=\"https:\/\/www.berghorizonte.de\/blog\/wp-content\/uploads\/2016\/12\/20161016_154720-800x450-300x169.jpg 300w, https:\/\/www.berghorizonte.de\/blog\/wp-content\/uploads\/2016\/12\/20161016_154720-800x450-768x432.jpg 768w, https:\/\/www.berghorizonte.de\/blog\/wp-content\/uploads\/2016\/12\/20161016_154720-800x450.jpg 800w\" sizes=\"(max-width: 800px) 100vw, 800px\" \/><\/a>\n\t\t\t<\/dt>\n\t\t\t\t<dd class='wp-caption-text gallery-caption' id='gallery-1-3181'>\n\t\t\t\tKaffee Verk\u00f6stigung auf dem Trek inklusive!\n\t\t\t\t<\/dd><\/dl><dl class='gallery-item'>\n\t\t\t<dt class='gallery-icon landscape'>\n\t\t\t\t<a data-rel=\"iLightbox[postimages]\" data-title=\"20161016_190811 (800&#215;450)\" data-caption=\"...und wieder unsere gem\u00fctlichen Lodges\" href='https:\/\/www.berghorizonte.de\/blog\/wp-content\/uploads\/2016\/12\/20161016_190811-800x450.jpg'><img decoding=\"async\" width=\"800\" height=\"450\" src=\"https:\/\/www.berghorizonte.de\/blog\/wp-content\/uploads\/2016\/12\/20161016_190811-800x450.jpg\" class=\"attachment-large size-large\" alt=\"\" aria-describedby=\"gallery-1-3182\" srcset=\"https:\/\/www.berghorizonte.de\/blog\/wp-content\/uploads\/2016\/12\/20161016_190811-800x450-300x169.jpg 300w, https:\/\/www.berghorizonte.de\/blog\/wp-content\/uploads\/2016\/12\/20161016_190811-800x450-768x432.jpg 768w, https:\/\/www.berghorizonte.de\/blog\/wp-content\/uploads\/2016\/12\/20161016_190811-800x450.jpg 800w\" sizes=\"(max-width: 800px) 100vw, 800px\" \/><\/a>\n\t\t\t<\/dt>\n\t\t\t\t<dd class='wp-caption-text gallery-caption' id='gallery-1-3182'>\n\t\t\t\t&#8230;und wieder unsere gem\u00fctlichen Lodges\n\t\t\t\t<\/dd><\/dl><dl class='gallery-item'>\n\t\t\t<dt class='gallery-icon landscape'>\n\t\t\t\t<a data-rel=\"iLightbox[postimages]\" data-title=\"20161017_085013 (800&#215;450)\" data-caption=\"Ein gutes berghorizonte Team - Profi Guide und Touristen\" href='https:\/\/www.berghorizonte.de\/blog\/wp-content\/uploads\/2016\/12\/20161017_085013-800x450.jpg'><img decoding=\"async\" width=\"800\" height=\"450\" src=\"https:\/\/www.berghorizonte.de\/blog\/wp-content\/uploads\/2016\/12\/20161017_085013-800x450.jpg\" class=\"attachment-large size-large\" alt=\"\" aria-describedby=\"gallery-1-3183\" srcset=\"https:\/\/www.berghorizonte.de\/blog\/wp-content\/uploads\/2016\/12\/20161017_085013-800x450-300x169.jpg 300w, https:\/\/www.berghorizonte.de\/blog\/wp-content\/uploads\/2016\/12\/20161017_085013-800x450-768x432.jpg 768w, https:\/\/www.berghorizonte.de\/blog\/wp-content\/uploads\/2016\/12\/20161017_085013-800x450.jpg 800w\" sizes=\"(max-width: 800px) 100vw, 800px\" \/><\/a>\n\t\t\t<\/dt>\n\t\t\t\t<dd class='wp-caption-text gallery-caption' id='gallery-1-3183'>\n\t\t\t\tEin gutes berghorizonte Team &#8211; Profi Guide und Touristen\n\t\t\t\t<\/dd><\/dl><br style=\"clear: both\" \/><dl class='gallery-item'>\n\t\t\t<dt class='gallery-icon landscape'>\n\t\t\t\t<a data-rel=\"iLightbox[postimages]\" data-title=\"20161017_092308 (800&#215;450)\" data-caption=\"Vegetation, Berge und Natur pur!\" href='https:\/\/www.berghorizonte.de\/blog\/wp-content\/uploads\/2016\/12\/20161017_092308-800x450.jpg'><img decoding=\"async\" width=\"800\" height=\"450\" src=\"https:\/\/www.berghorizonte.de\/blog\/wp-content\/uploads\/2016\/12\/20161017_092308-800x450.jpg\" class=\"attachment-large size-large\" alt=\"\" aria-describedby=\"gallery-1-3184\" srcset=\"https:\/\/www.berghorizonte.de\/blog\/wp-content\/uploads\/2016\/12\/20161017_092308-800x450-300x169.jpg 300w, https:\/\/www.berghorizonte.de\/blog\/wp-content\/uploads\/2016\/12\/20161017_092308-800x450-768x432.jpg 768w, https:\/\/www.berghorizonte.de\/blog\/wp-content\/uploads\/2016\/12\/20161017_092308-800x450.jpg 800w\" sizes=\"(max-width: 800px) 100vw, 800px\" \/><\/a>\n\t\t\t<\/dt>\n\t\t\t\t<dd class='wp-caption-text gallery-caption' id='gallery-1-3184'>\n\t\t\t\tVegetation, Berge und Natur pur!\n\t\t\t\t<\/dd><\/dl><dl class='gallery-item'>\n\t\t\t<dt class='gallery-icon landscape'>\n\t\t\t\t<a data-rel=\"iLightbox[postimages]\" data-title=\"20161018_113402 (800&#215;450)\" data-caption=\"Wo ist das ? Machu Picchu - ein Traum geht in Erf\u00fcllung!\" href='https:\/\/www.berghorizonte.de\/blog\/wp-content\/uploads\/2016\/12\/20161018_113402-800x450.jpg'><img decoding=\"async\" width=\"800\" height=\"450\" src=\"https:\/\/www.berghorizonte.de\/blog\/wp-content\/uploads\/2016\/12\/20161018_113402-800x450.jpg\" class=\"attachment-large size-large\" alt=\"\" aria-describedby=\"gallery-1-3185\" srcset=\"https:\/\/www.berghorizonte.de\/blog\/wp-content\/uploads\/2016\/12\/20161018_113402-800x450-300x169.jpg 300w, https:\/\/www.berghorizonte.de\/blog\/wp-content\/uploads\/2016\/12\/20161018_113402-800x450-768x432.jpg 768w, https:\/\/www.berghorizonte.de\/blog\/wp-content\/uploads\/2016\/12\/20161018_113402-800x450.jpg 800w\" sizes=\"(max-width: 800px) 100vw, 800px\" \/><\/a>\n\t\t\t<\/dt>\n\t\t\t\t<dd class='wp-caption-text gallery-caption' id='gallery-1-3185'>\n\t\t\t\tWo ist das ? Machu Picchu &#8211; ein Traum geht in Erf\u00fcllung!\n\t\t\t\t<\/dd><\/dl><dl class='gallery-item'>\n\t\t\t<dt class='gallery-icon landscape'>\n\t\t\t\t<a data-rel=\"iLightbox[postimages]\" data-title=\"20161011_094407 (800&#215;450)\" data-caption=\"Eine Perureise beeindruckt Dich nachhaltig!\" href='https:\/\/www.berghorizonte.de\/blog\/wp-content\/uploads\/2016\/12\/20161011_094407-800x450.jpg'><img decoding=\"async\" width=\"800\" height=\"450\" src=\"https:\/\/www.berghorizonte.de\/blog\/wp-content\/uploads\/2016\/12\/20161011_094407-800x450.jpg\" class=\"attachment-large size-large\" alt=\"\" aria-describedby=\"gallery-1-3191\" srcset=\"https:\/\/www.berghorizonte.de\/blog\/wp-content\/uploads\/2016\/12\/20161011_094407-800x450-300x169.jpg 300w, https:\/\/www.berghorizonte.de\/blog\/wp-content\/uploads\/2016\/12\/20161011_094407-800x450-768x432.jpg 768w, https:\/\/www.berghorizonte.de\/blog\/wp-content\/uploads\/2016\/12\/20161011_094407-800x450.jpg 800w\" sizes=\"(max-width: 800px) 100vw, 800px\" \/><\/a>\n\t\t\t<\/dt>\n\t\t\t\t<dd class='wp-caption-text gallery-caption' id='gallery-1-3191'>\n\t\t\t\tEine Perureise beeindruckt Dich nachhaltig!\n\t\t\t\t<\/dd><\/dl>\n\t\t\t<br style='clear: both' \/>\n\t\t<\/div>\n\n<p><a href=\"http:\/\/www.berghorizonte.com\" target=\"_blank\" rel=\"noopener\">www.berghorizonte.com<\/a><\/p>\n","protected":false},"excerpt":{"rendered":"<p>Herbst 2016: Perureise und Komforttrekking nach Machu Picchu Liebes Berghorizonte Team, zu unserer gemeinsamen Perureise: Die Perureise, d.h. die Eindr\u00fccke von den Menschen, die herrliche  [&#8230;]<\/p>\n","protected":false},"author":5,"featured_media":3162,"comment_status":"open","ping_status":"open","sticky":false,"template":"","format":"standard","meta":{"footnotes":""},"categories":[5,16,6],"tags":[173,175,174,152,157,154],"class_list":["post-3156","post","type-post","status-publish","format-standard","has-post-thumbnail","hentry","category-gastebuch-2","category-news","category-nepal","tag-komfort-trekking","tag-lodge-trekking-peru","tag-mountain-lodge-of-peru","tag-peru","tag-peru-reisen","tag-peru-trekking"],"yoast_head":"<!-- This site is optimized with the Yoast SEO plugin v27.5 - https:\/\/yoast.com\/product\/yoast-seo-wordpress\/ -->\n<title>Perureise &amp; Komfort Trekking mit den Mountain Lodges of Peru<\/title>\n<meta name=\"description\" content=\"Die Perureise, die herrliche Reiseroute (Lima - Arequipa - Colca Canyon - Titicacasee - Andenzug - Salkantay Trek Mountain Lodge of Peru und Machu Picchu)\" \/>\n<meta name=\"robots\" content=\"index, follow, max-snippet:-1, max-image-preview:large, max-video-preview:-1\" \/>\n<link rel=\"canonical\" href=\"https:\/\/www.berghorizonte.de\/blog\/perureise\/\" \/>\n<meta property=\"og:locale\" content=\"de_DE\" \/>\n<meta property=\"og:type\" content=\"article\" \/>\n<meta property=\"og:title\" content=\"Perureise &amp; Komfort Trekking mit den Mountain Lodges of Peru\" \/>\n<meta property=\"og:description\" content=\"Die Perureise, die herrliche Reiseroute (Lima - Arequipa - Colca Canyon - Titicacasee - Andenzug - Salkantay Trek Mountain Lodge of Peru und Machu Picchu)\" \/>\n<meta property=\"og:url\" content=\"https:\/\/www.berghorizonte.de\/blog\/perureise\/\" \/>\n<meta property=\"og:site_name\" content=\"Reiseblog\" \/>\n<meta property=\"article:published_time\" content=\"2016-12-18T13:42:55+00:00\" \/>\n<meta property=\"article:modified_time\" content=\"2017-10-11T13:46:14+00:00\" \/>\n<meta property=\"og:image\" content=\"https:\/\/www.berghorizonte.de\/blog\/wp-content\/uploads\/2016\/12\/20161007_074721-800x450.jpg\" \/>\n\t<meta property=\"og:image:width\" content=\"800\" \/>\n\t<meta property=\"og:image:height\" content=\"450\" \/>\n\t<meta property=\"og:image:type\" content=\"image\/jpeg\" \/>\n<meta name=\"author\" content=\"G\u00e4stebuchbeitrag\" \/>\n<meta name=\"twitter:label1\" content=\"Verfasst von\" \/>\n\t<meta name=\"twitter:data1\" content=\"G\u00e4stebuchbeitrag\" \/>\n\t<meta name=\"twitter:label2\" content=\"Gesch\u00e4tzte Lesezeit\" \/>\n\t<meta name=\"twitter:data2\" content=\"1\u00a0Minute\" \/>\n<script type=\"application\/ld+json\" class=\"yoast-schema-graph\">{\"@context\":\"https:\\\/\\\/schema.org\",\"@graph\":[{\"@type\":\"Article\",\"@id\":\"https:\\\/\\\/www.berghorizonte.de\\\/blog\\\/perureise\\\/#article\",\"isPartOf\":{\"@id\":\"https:\\\/\\\/www.berghorizonte.de\\\/blog\\\/perureise\\\/\"},\"author\":{\"name\":\"G\u00e4stebuchbeitrag\",\"@id\":\"https:\\\/\\\/www.berghorizonte.de\\\/blog\\\/#\\\/schema\\\/person\\\/f2bccafdfb2ccdbd7b08e104f8f3f5f4\"},\"headline\":\"Perureise &#038; Komfort Trekking\",\"datePublished\":\"2016-12-18T13:42:55+00:00\",\"dateModified\":\"2017-10-11T13:46:14+00:00\",\"mainEntityOfPage\":{\"@id\":\"https:\\\/\\\/www.berghorizonte.de\\\/blog\\\/perureise\\\/\"},\"wordCount\":270,\"commentCount\":0,\"publisher\":{\"@id\":\"https:\\\/\\\/www.berghorizonte.de\\\/blog\\\/#organization\"},\"image\":{\"@id\":\"https:\\\/\\\/www.berghorizonte.de\\\/blog\\\/perureise\\\/#primaryimage\"},\"thumbnailUrl\":\"https:\\\/\\\/www.berghorizonte.de\\\/blog\\\/wp-content\\\/uploads\\\/2016\\\/12\\\/20161007_074721-800x450.jpg\",\"keywords\":[\"Komfort Trekking\",\"Lodge Trekking Peru\",\"Mountain Lodge of Peru\",\"Peru\",\"Peru Reisen\",\"Peru Trekking\"],\"articleSection\":[\"G\u00e4stebuch\",\"News\",\"Reiseberichte &amp; News\"],\"inLanguage\":\"de\",\"potentialAction\":[{\"@type\":\"CommentAction\",\"name\":\"Comment\",\"target\":[\"https:\\\/\\\/www.berghorizonte.de\\\/blog\\\/perureise\\\/#respond\"]}]},{\"@type\":\"WebPage\",\"@id\":\"https:\\\/\\\/www.berghorizonte.de\\\/blog\\\/perureise\\\/\",\"url\":\"https:\\\/\\\/www.berghorizonte.de\\\/blog\\\/perureise\\\/\",\"name\":\"Perureise & Komfort Trekking mit den Mountain Lodges of Peru\",\"isPartOf\":{\"@id\":\"https:\\\/\\\/www.berghorizonte.de\\\/blog\\\/#website\"},\"primaryImageOfPage\":{\"@id\":\"https:\\\/\\\/www.berghorizonte.de\\\/blog\\\/perureise\\\/#primaryimage\"},\"image\":{\"@id\":\"https:\\\/\\\/www.berghorizonte.de\\\/blog\\\/perureise\\\/#primaryimage\"},\"thumbnailUrl\":\"https:\\\/\\\/www.berghorizonte.de\\\/blog\\\/wp-content\\\/uploads\\\/2016\\\/12\\\/20161007_074721-800x450.jpg\",\"datePublished\":\"2016-12-18T13:42:55+00:00\",\"dateModified\":\"2017-10-11T13:46:14+00:00\",\"description\":\"Die Perureise, die herrliche Reiseroute (Lima - Arequipa - Colca Canyon - Titicacasee - Andenzug - Salkantay Trek Mountain Lodge of Peru und Machu Picchu)\",\"breadcrumb\":{\"@id\":\"https:\\\/\\\/www.berghorizonte.de\\\/blog\\\/perureise\\\/#breadcrumb\"},\"inLanguage\":\"de\",\"potentialAction\":[{\"@type\":\"ReadAction\",\"target\":[\"https:\\\/\\\/www.berghorizonte.de\\\/blog\\\/perureise\\\/\"]}]},{\"@type\":\"ImageObject\",\"inLanguage\":\"de\",\"@id\":\"https:\\\/\\\/www.berghorizonte.de\\\/blog\\\/perureise\\\/#primaryimage\",\"url\":\"https:\\\/\\\/www.berghorizonte.de\\\/blog\\\/wp-content\\\/uploads\\\/2016\\\/12\\\/20161007_074721-800x450.jpg\",\"contentUrl\":\"https:\\\/\\\/www.berghorizonte.de\\\/blog\\\/wp-content\\\/uploads\\\/2016\\\/12\\\/20161007_074721-800x450.jpg\",\"width\":800,\"height\":450,\"caption\":\"Peru - Colca Canyon\"},{\"@type\":\"BreadcrumbList\",\"@id\":\"https:\\\/\\\/www.berghorizonte.de\\\/blog\\\/perureise\\\/#breadcrumb\",\"itemListElement\":[{\"@type\":\"ListItem\",\"position\":1,\"name\":\"Home\",\"item\":\"https:\\\/\\\/www.berghorizonte.de\\\/blog\\\/\"},{\"@type\":\"ListItem\",\"position\":2,\"name\":\"Perureise &#038; Komfort Trekking\"}]},{\"@type\":\"WebSite\",\"@id\":\"https:\\\/\\\/www.berghorizonte.de\\\/blog\\\/#website\",\"url\":\"https:\\\/\\\/www.berghorizonte.de\\\/blog\\\/\",\"name\":\"Reiseblog\",\"description\":\"Erfahrungen, G\u00e4stebuch und Feedbacks alles rund ums Reisen, Wandern, Trekking in Bhutan, Nepal, Peru, Myanmar...\",\"publisher\":{\"@id\":\"https:\\\/\\\/www.berghorizonte.de\\\/blog\\\/#organization\"},\"potentialAction\":[{\"@type\":\"SearchAction\",\"target\":{\"@type\":\"EntryPoint\",\"urlTemplate\":\"https:\\\/\\\/www.berghorizonte.de\\\/blog\\\/?s={search_term_string}\"},\"query-input\":{\"@type\":\"PropertyValueSpecification\",\"valueRequired\":true,\"valueName\":\"search_term_string\"}}],\"inLanguage\":\"de\"},{\"@type\":\"Organization\",\"@id\":\"https:\\\/\\\/www.berghorizonte.de\\\/blog\\\/#organization\",\"name\":\"berghorizonte\",\"url\":\"https:\\\/\\\/www.berghorizonte.de\\\/blog\\\/\",\"logo\":{\"@type\":\"ImageObject\",\"inLanguage\":\"de\",\"@id\":\"https:\\\/\\\/www.berghorizonte.de\\\/blog\\\/#\\\/schema\\\/logo\\\/image\\\/\",\"url\":\"https:\\\/\\\/www.berghorizonte.de\\\/blog\\\/wp-content\\\/uploads\\\/2014\\\/11\\\/berghorizonte_logo_k.jpg\",\"contentUrl\":\"https:\\\/\\\/www.berghorizonte.de\\\/blog\\\/wp-content\\\/uploads\\\/2014\\\/11\\\/berghorizonte_logo_k.jpg\",\"width\":425,\"height\":236,\"caption\":\"berghorizonte\"},\"image\":{\"@id\":\"https:\\\/\\\/www.berghorizonte.de\\\/blog\\\/#\\\/schema\\\/logo\\\/image\\\/\"}},{\"@type\":\"Person\",\"@id\":\"https:\\\/\\\/www.berghorizonte.de\\\/blog\\\/#\\\/schema\\\/person\\\/f2bccafdfb2ccdbd7b08e104f8f3f5f4\",\"name\":\"G\u00e4stebuchbeitrag\",\"image\":{\"@type\":\"ImageObject\",\"inLanguage\":\"de\",\"@id\":\"https:\\\/\\\/secure.gravatar.com\\\/avatar\\\/2f7ccc3d22d720ff556bf57349708a254825802eaef24c77c3f8936cd3048f39?s=96&d=mm&r=g\",\"url\":\"https:\\\/\\\/secure.gravatar.com\\\/avatar\\\/2f7ccc3d22d720ff556bf57349708a254825802eaef24c77c3f8936cd3048f39?s=96&d=mm&r=g\",\"contentUrl\":\"https:\\\/\\\/secure.gravatar.com\\\/avatar\\\/2f7ccc3d22d720ff556bf57349708a254825802eaef24c77c3f8936cd3048f39?s=96&d=mm&r=g\",\"caption\":\"G\u00e4stebuchbeitrag\"},\"url\":\"https:\\\/\\\/www.berghorizonte.de\\\/blog\\\/author\\\/gast\\\/\"}]}<\/script>\n<!-- \/ Yoast SEO plugin. -->","yoast_head_json":{"title":"Perureise & Komfort Trekking mit den Mountain Lodges of Peru","description":"Die Perureise, die herrliche Reiseroute (Lima - Arequipa - Colca Canyon - Titicacasee - Andenzug - Salkantay Trek Mountain Lodge of Peru und Machu Picchu)","robots":{"index":"index","follow":"follow","max-snippet":"max-snippet:-1","max-image-preview":"max-image-preview:large","max-video-preview":"max-video-preview:-1"},"canonical":"https:\/\/www.berghorizonte.de\/blog\/perureise\/","og_locale":"de_DE","og_type":"article","og_title":"Perureise & Komfort Trekking mit den Mountain Lodges of Peru","og_description":"Die Perureise, die herrliche Reiseroute (Lima - Arequipa - Colca Canyon - Titicacasee - Andenzug - Salkantay Trek Mountain Lodge of Peru und Machu Picchu)","og_url":"https:\/\/www.berghorizonte.de\/blog\/perureise\/","og_site_name":"Reiseblog","article_published_time":"2016-12-18T13:42:55+00:00","article_modified_time":"2017-10-11T13:46:14+00:00","og_image":[{"width":800,"height":450,"url":"https:\/\/www.berghorizonte.de\/blog\/wp-content\/uploads\/2016\/12\/20161007_074721-800x450.jpg","type":"image\/jpeg"}],"author":"G\u00e4stebuchbeitrag","twitter_misc":{"Verfasst von":"G\u00e4stebuchbeitrag","Gesch\u00e4tzte Lesezeit":"1\u00a0Minute"},"schema":{"@context":"https:\/\/schema.org","@graph":[{"@type":"Article","@id":"https:\/\/www.berghorizonte.de\/blog\/perureise\/#article","isPartOf":{"@id":"https:\/\/www.berghorizonte.de\/blog\/perureise\/"},"author":{"name":"G\u00e4stebuchbeitrag","@id":"https:\/\/www.berghorizonte.de\/blog\/#\/schema\/person\/f2bccafdfb2ccdbd7b08e104f8f3f5f4"},"headline":"Perureise &#038; Komfort Trekking","datePublished":"2016-12-18T13:42:55+00:00","dateModified":"2017-10-11T13:46:14+00:00","mainEntityOfPage":{"@id":"https:\/\/www.berghorizonte.de\/blog\/perureise\/"},"wordCount":270,"commentCount":0,"publisher":{"@id":"https:\/\/www.berghorizonte.de\/blog\/#organization"},"image":{"@id":"https:\/\/www.berghorizonte.de\/blog\/perureise\/#primaryimage"},"thumbnailUrl":"https:\/\/www.berghorizonte.de\/blog\/wp-content\/uploads\/2016\/12\/20161007_074721-800x450.jpg","keywords":["Komfort Trekking","Lodge Trekking Peru","Mountain Lodge of Peru","Peru","Peru Reisen","Peru Trekking"],"articleSection":["G\u00e4stebuch","News","Reiseberichte &amp; News"],"inLanguage":"de","potentialAction":[{"@type":"CommentAction","name":"Comment","target":["https:\/\/www.berghorizonte.de\/blog\/perureise\/#respond"]}]},{"@type":"WebPage","@id":"https:\/\/www.berghorizonte.de\/blog\/perureise\/","url":"https:\/\/www.berghorizonte.de\/blog\/perureise\/","name":"Perureise & Komfort Trekking mit den Mountain Lodges of Peru","isPartOf":{"@id":"https:\/\/www.berghorizonte.de\/blog\/#website"},"primaryImageOfPage":{"@id":"https:\/\/www.berghorizonte.de\/blog\/perureise\/#primaryimage"},"image":{"@id":"https:\/\/www.berghorizonte.de\/blog\/perureise\/#primaryimage"},"thumbnailUrl":"https:\/\/www.berghorizonte.de\/blog\/wp-content\/uploads\/2016\/12\/20161007_074721-800x450.jpg","datePublished":"2016-12-18T13:42:55+00:00","dateModified":"2017-10-11T13:46:14+00:00","description":"Die Perureise, die herrliche Reiseroute (Lima - Arequipa - Colca Canyon - Titicacasee - Andenzug - Salkantay Trek Mountain Lodge of Peru und Machu Picchu)","breadcrumb":{"@id":"https:\/\/www.berghorizonte.de\/blog\/perureise\/#breadcrumb"},"inLanguage":"de","potentialAction":[{"@type":"ReadAction","target":["https:\/\/www.berghorizonte.de\/blog\/perureise\/"]}]},{"@type":"ImageObject","inLanguage":"de","@id":"https:\/\/www.berghorizonte.de\/blog\/perureise\/#primaryimage","url":"https:\/\/www.berghorizonte.de\/blog\/wp-content\/uploads\/2016\/12\/20161007_074721-800x450.jpg","contentUrl":"https:\/\/www.berghorizonte.de\/blog\/wp-content\/uploads\/2016\/12\/20161007_074721-800x450.jpg","width":800,"height":450,"caption":"Peru - Colca Canyon"},{"@type":"BreadcrumbList","@id":"https:\/\/www.berghorizonte.de\/blog\/perureise\/#breadcrumb","itemListElement":[{"@type":"ListItem","position":1,"name":"Home","item":"https:\/\/www.berghorizonte.de\/blog\/"},{"@type":"ListItem","position":2,"name":"Perureise &#038; Komfort Trekking"}]},{"@type":"WebSite","@id":"https:\/\/www.berghorizonte.de\/blog\/#website","url":"https:\/\/www.berghorizonte.de\/blog\/","name":"Reiseblog","description":"Erfahrungen, G\u00e4stebuch und Feedbacks alles rund ums Reisen, Wandern, Trekking in Bhutan, Nepal, Peru, Myanmar...","publisher":{"@id":"https:\/\/www.berghorizonte.de\/blog\/#organization"},"potentialAction":[{"@type":"SearchAction","target":{"@type":"EntryPoint","urlTemplate":"https:\/\/www.berghorizonte.de\/blog\/?s={search_term_string}"},"query-input":{"@type":"PropertyValueSpecification","valueRequired":true,"valueName":"search_term_string"}}],"inLanguage":"de"},{"@type":"Organization","@id":"https:\/\/www.berghorizonte.de\/blog\/#organization","name":"berghorizonte","url":"https:\/\/www.berghorizonte.de\/blog\/","logo":{"@type":"ImageObject","inLanguage":"de","@id":"https:\/\/www.berghorizonte.de\/blog\/#\/schema\/logo\/image\/","url":"https:\/\/www.berghorizonte.de\/blog\/wp-content\/uploads\/2014\/11\/berghorizonte_logo_k.jpg","contentUrl":"https:\/\/www.berghorizonte.de\/blog\/wp-content\/uploads\/2014\/11\/berghorizonte_logo_k.jpg","width":425,"height":236,"caption":"berghorizonte"},"image":{"@id":"https:\/\/www.berghorizonte.de\/blog\/#\/schema\/logo\/image\/"}},{"@type":"Person","@id":"https:\/\/www.berghorizonte.de\/blog\/#\/schema\/person\/f2bccafdfb2ccdbd7b08e104f8f3f5f4","name":"G\u00e4stebuchbeitrag","image":{"@type":"ImageObject","inLanguage":"de","@id":"https:\/\/secure.gravatar.com\/avatar\/2f7ccc3d22d720ff556bf57349708a254825802eaef24c77c3f8936cd3048f39?s=96&d=mm&r=g","url":"https:\/\/secure.gravatar.com\/avatar\/2f7ccc3d22d720ff556bf57349708a254825802eaef24c77c3f8936cd3048f39?s=96&d=mm&r=g","contentUrl":"https:\/\/secure.gravatar.com\/avatar\/2f7ccc3d22d720ff556bf57349708a254825802eaef24c77c3f8936cd3048f39?s=96&d=mm&r=g","caption":"G\u00e4stebuchbeitrag"},"url":"https:\/\/www.berghorizonte.de\/blog\/author\/gast\/"}]}},"_links":{"self":[{"href":"https:\/\/www.berghorizonte.de\/blog\/wp-json\/wp\/v2\/posts\/3156","targetHints":{"allow":["GET"]}}],"collection":[{"href":"https:\/\/www.berghorizonte.de\/blog\/wp-json\/wp\/v2\/posts"}],"about":[{"href":"https:\/\/www.berghorizonte.de\/blog\/wp-json\/wp\/v2\/types\/post"}],"author":[{"embeddable":true,"href":"https:\/\/www.berghorizonte.de\/blog\/wp-json\/wp\/v2\/users\/5"}],"replies":[{"embeddable":true,"href":"https:\/\/www.berghorizonte.de\/blog\/wp-json\/wp\/v2\/comments?post=3156"}],"version-history":[{"count":11,"href":"https:\/\/www.berghorizonte.de\/blog\/wp-json\/wp\/v2\/posts\/3156\/revisions"}],"predecessor-version":[{"id":3831,"href":"https:\/\/www.berghorizonte.de\/blog\/wp-json\/wp\/v2\/posts\/3156\/revisions\/3831"}],"wp:featuredmedia":[{"embeddable":true,"href":"https:\/\/www.berghorizonte.de\/blog\/wp-json\/wp\/v2\/media\/3162"}],"wp:attachment":[{"href":"https:\/\/www.berghorizonte.de\/blog\/wp-json\/wp\/v2\/media?parent=3156"}],"wp:term":[{"taxonomy":"category","embeddable":true,"href":"https:\/\/www.berghorizonte.de\/blog\/wp-json\/wp\/v2\/categories?post=3156"},{"taxonomy":"post_tag","embeddable":true,"href":"https:\/\/www.berghorizonte.de\/blog\/wp-json\/wp\/v2\/tags?post=3156"}],"curies":[{"name":"wp","href":"https:\/\/api.w.org\/{rel}","templated":true}]}}