{"id":3580,"date":"2017-08-05T11:57:24","date_gmt":"2017-08-05T09:57:24","guid":{"rendered":"https:\/\/www.berghorizonte.de\/blog\/?p=3580"},"modified":"2017-10-11T16:04:07","modified_gmt":"2017-10-11T14:04:07","slug":"nepal-everest-trekking-kalar-pattar","status":"publish","type":"post","link":"https:\/\/www.berghorizonte.de\/blog\/nepal-everest-trekking-kalar-pattar\/","title":{"rendered":"Nepal Everest Trekking by berghorizonte &#8211; Blick vom Kalar Pattar"},"content":{"rendered":"<p>Blick und Aussicht vom Kalar Pattar auf den <a href=\"https:\/\/youtu.be\/iRRd52-RhC8\" target=\"_blank\" rel=\"noopener\">Mt. Everest &#8211; zum Video&#8230;mehr<\/a><\/p>\n<p>Entdecken Sie mit dem Reiseprofi berghorizonte die Mt. Everest Region in Nepal und trekken Sie zum Aussichtsgipfel Kalar Pattar <a href=\"https:\/\/www.berghorizonte.de\" target=\"_blank\" rel=\"noopener\">www.berghorizonte.de<\/a><\/p>\n","protected":false},"excerpt":{"rendered":"<p>Blick und Aussicht vom Kalar Pattar auf den Mt. Everest &#8211; zum Video&#8230;mehr Entdecken Sie mit dem Reiseprofi berghorizonte die Mt. Everest Region in Nepal  [&#8230;]<\/p>\n","protected":false},"author":3,"featured_media":0,"comment_status":"open","ping_status":"open","sticky":false,"template":"","format":"video","meta":{"footnotes":""},"categories":[5,16,6],"tags":[184,304,28,82,23,305],"class_list":["post-3580","post","type-post","status-publish","format-video","hentry","category-gastebuch-2","category-news","category-nepal","tag-everest-trek","tag-kalar-pattar","tag-nepal-trekking","tag-nepal-video","tag-nepal-reisen","tag-video-vom-everest-trek","post_format-post-format-video"],"yoast_head":"<!-- This site is optimized with the Yoast SEO plugin v27.5 - https:\/\/yoast.com\/product\/yoast-seo-wordpress\/ -->\n<title>Nepal Everest Trekking by berghorizonte - Blick vom Kalar Pattar<\/title>\n<meta name=\"description\" content=\"Blick und Aussicht vom Kalar Pattar auf den Mt. Everest - Entdecken Sie mit dem Reiseprofi berghorizonte die Mt. Everest Region in Nepal\" \/>\n<meta name=\"robots\" content=\"index, follow, max-snippet:-1, max-image-preview:large, max-video-preview:-1\" \/>\n<link rel=\"canonical\" href=\"https:\/\/www.berghorizonte.de\/blog\/nepal-everest-trekking-kalar-pattar\/\" \/>\n<meta property=\"og:locale\" content=\"de_DE\" \/>\n<meta property=\"og:type\" content=\"article\" \/>\n<meta property=\"og:title\" content=\"Nepal Everest Trekking by berghorizonte - Blick vom Kalar Pattar\" \/>\n<meta property=\"og:description\" content=\"Blick und Aussicht vom Kalar Pattar auf den Mt. Everest - Entdecken Sie mit dem Reiseprofi berghorizonte die Mt. Everest Region in Nepal\" \/>\n<meta property=\"og:url\" content=\"https:\/\/www.berghorizonte.de\/blog\/nepal-everest-trekking-kalar-pattar\/\" \/>\n<meta property=\"og:site_name\" content=\"Reiseblog\" \/>\n<meta property=\"article:author\" content=\"https:\/\/www.facebook.com\/Berghorizonte\" \/>\n<meta property=\"article:published_time\" content=\"2017-08-05T09:57:24+00:00\" \/>\n<meta property=\"article:modified_time\" content=\"2017-10-11T14:04:07+00:00\" \/>\n<meta name=\"author\" content=\"Christian Schubert\" \/>\n<meta name=\"twitter:label1\" content=\"Verfasst von\" \/>\n\t<meta name=\"twitter:data1\" content=\"Christian Schubert\" \/>\n<script type=\"application\/ld+json\" class=\"yoast-schema-graph\">{\"@context\":\"https:\\\/\\\/schema.org\",\"@graph\":[{\"@type\":\"Article\",\"@id\":\"https:\\\/\\\/www.berghorizonte.de\\\/blog\\\/nepal-everest-trekking-kalar-pattar\\\/#article\",\"isPartOf\":{\"@id\":\"https:\\\/\\\/www.berghorizonte.de\\\/blog\\\/nepal-everest-trekking-kalar-pattar\\\/\"},\"author\":{\"name\":\"Christian Schubert\",\"@id\":\"https:\\\/\\\/www.berghorizonte.de\\\/blog\\\/#\\\/schema\\\/person\\\/2896e70db1c39ca21796913684db7138\"},\"headline\":\"Nepal Everest Trekking by berghorizonte &#8211; Blick vom Kalar Pattar\",\"datePublished\":\"2017-08-05T09:57:24+00:00\",\"dateModified\":\"2017-10-11T14:04:07+00:00\",\"mainEntityOfPage\":{\"@id\":\"https:\\\/\\\/www.berghorizonte.de\\\/blog\\\/nepal-everest-trekking-kalar-pattar\\\/\"},\"wordCount\":46,\"commentCount\":0,\"publisher\":{\"@id\":\"https:\\\/\\\/www.berghorizonte.de\\\/blog\\\/#organization\"},\"keywords\":[\"Everest Trek\",\"Kalar Pattar\",\"Nepal Trekking\",\"Nepal Video\",\"Nepal-Reisen\",\"Video vom Everest Trek\"],\"articleSection\":[\"G\u00e4stebuch\",\"News\",\"Reiseberichte &amp; News\"],\"inLanguage\":\"de\",\"potentialAction\":[{\"@type\":\"CommentAction\",\"name\":\"Comment\",\"target\":[\"https:\\\/\\\/www.berghorizonte.de\\\/blog\\\/nepal-everest-trekking-kalar-pattar\\\/#respond\"]}]},{\"@type\":\"WebPage\",\"@id\":\"https:\\\/\\\/www.berghorizonte.de\\\/blog\\\/nepal-everest-trekking-kalar-pattar\\\/\",\"url\":\"https:\\\/\\\/www.berghorizonte.de\\\/blog\\\/nepal-everest-trekking-kalar-pattar\\\/\",\"name\":\"Nepal Everest Trekking by berghorizonte - Blick vom Kalar Pattar\",\"isPartOf\":{\"@id\":\"https:\\\/\\\/www.berghorizonte.de\\\/blog\\\/#website\"},\"datePublished\":\"2017-08-05T09:57:24+00:00\",\"dateModified\":\"2017-10-11T14:04:07+00:00\",\"description\":\"Blick und Aussicht vom Kalar Pattar auf den Mt. Everest - Entdecken Sie mit dem Reiseprofi berghorizonte die Mt. Everest Region in Nepal\",\"breadcrumb\":{\"@id\":\"https:\\\/\\\/www.berghorizonte.de\\\/blog\\\/nepal-everest-trekking-kalar-pattar\\\/#breadcrumb\"},\"inLanguage\":\"de\",\"potentialAction\":[{\"@type\":\"ReadAction\",\"target\":[\"https:\\\/\\\/www.berghorizonte.de\\\/blog\\\/nepal-everest-trekking-kalar-pattar\\\/\"]}]},{\"@type\":\"BreadcrumbList\",\"@id\":\"https:\\\/\\\/www.berghorizonte.de\\\/blog\\\/nepal-everest-trekking-kalar-pattar\\\/#breadcrumb\",\"itemListElement\":[{\"@type\":\"ListItem\",\"position\":1,\"name\":\"Home\",\"item\":\"https:\\\/\\\/www.berghorizonte.de\\\/blog\\\/\"},{\"@type\":\"ListItem\",\"position\":2,\"name\":\"Nepal Everest Trekking by berghorizonte &#8211; Blick vom Kalar Pattar\"}]},{\"@type\":\"WebSite\",\"@id\":\"https:\\\/\\\/www.berghorizonte.de\\\/blog\\\/#website\",\"url\":\"https:\\\/\\\/www.berghorizonte.de\\\/blog\\\/\",\"name\":\"Reiseblog\",\"description\":\"Erfahrungen, G\u00e4stebuch und Feedbacks alles rund ums Reisen, Wandern, Trekking in Bhutan, Nepal, Peru, Myanmar...\",\"publisher\":{\"@id\":\"https:\\\/\\\/www.berghorizonte.de\\\/blog\\\/#organization\"},\"potentialAction\":[{\"@type\":\"SearchAction\",\"target\":{\"@type\":\"EntryPoint\",\"urlTemplate\":\"https:\\\/\\\/www.berghorizonte.de\\\/blog\\\/?s={search_term_string}\"},\"query-input\":{\"@type\":\"PropertyValueSpecification\",\"valueRequired\":true,\"valueName\":\"search_term_string\"}}],\"inLanguage\":\"de\"},{\"@type\":\"Organization\",\"@id\":\"https:\\\/\\\/www.berghorizonte.de\\\/blog\\\/#organization\",\"name\":\"berghorizonte\",\"url\":\"https:\\\/\\\/www.berghorizonte.de\\\/blog\\\/\",\"logo\":{\"@type\":\"ImageObject\",\"inLanguage\":\"de\",\"@id\":\"https:\\\/\\\/www.berghorizonte.de\\\/blog\\\/#\\\/schema\\\/logo\\\/image\\\/\",\"url\":\"https:\\\/\\\/www.berghorizonte.de\\\/blog\\\/wp-content\\\/uploads\\\/2014\\\/11\\\/berghorizonte_logo_k.jpg\",\"contentUrl\":\"https:\\\/\\\/www.berghorizonte.de\\\/blog\\\/wp-content\\\/uploads\\\/2014\\\/11\\\/berghorizonte_logo_k.jpg\",\"width\":425,\"height\":236,\"caption\":\"berghorizonte\"},\"image\":{\"@id\":\"https:\\\/\\\/www.berghorizonte.de\\\/blog\\\/#\\\/schema\\\/logo\\\/image\\\/\"}},{\"@type\":\"Person\",\"@id\":\"https:\\\/\\\/www.berghorizonte.de\\\/blog\\\/#\\\/schema\\\/person\\\/2896e70db1c39ca21796913684db7138\",\"name\":\"Christian Schubert\",\"image\":{\"@type\":\"ImageObject\",\"inLanguage\":\"de\",\"@id\":\"https:\\\/\\\/www.berghorizonte.de\\\/blog\\\/wp-content\\\/uploads\\\/2013\\\/06\\\/Christian-Schubert_avatar_1372607758-96x96.jpg\",\"url\":\"https:\\\/\\\/www.berghorizonte.de\\\/blog\\\/wp-content\\\/uploads\\\/2013\\\/06\\\/Christian-Schubert_avatar_1372607758-96x96.jpg\",\"contentUrl\":\"https:\\\/\\\/www.berghorizonte.de\\\/blog\\\/wp-content\\\/uploads\\\/2013\\\/06\\\/Christian-Schubert_avatar_1372607758-96x96.jpg\",\"caption\":\"Christian Schubert\"},\"description\":\"Christian Schubert ist Gr\u00fcnder und Inhaber des lizenzierten Reiseveranstalter berghorizonte und leidenschafticher Bergsteiger, Trekker und Reisender. Monatelange Reisen in Nepal, Bhutan, Tibet, Pakistan und anderen Regionen im Himalaya sowie S\u00fcdamerika und sogar an den ganz hohen Bergen pr\u00e4gen seinen hohen Erfahrungsschatz. Seine Spezialgebiete sind Trekkingtouren und Kulturreisen bis 6000m im Himalaya und den Anden. Als absoluter Bhutan- und Nepal Kenner besucht er die beiden Himalayastaaten jedes Jahr und forscht nach neuen Wegen, Treks und Rundreisen. Von seiner grossen \u00fcber 20 j\u00e4hrigen Erfahrung und den guten Kontakten vor Ort profitieren seine G\u00e4ste...\",\"sameAs\":[\"https:\\\/\\\/www.berghorizonte.de\",\"https:\\\/\\\/www.facebook.com\\\/Berghorizonte\",\"https:\\\/\\\/x.com\\\/berghorizonte\"],\"url\":\"https:\\\/\\\/www.berghorizonte.de\\\/blog\\\/author\\\/cschubert\\\/\"}]}<\/script>\n<!-- \/ Yoast SEO plugin. -->","yoast_head_json":{"title":"Nepal Everest Trekking by berghorizonte - Blick vom Kalar Pattar","description":"Blick und Aussicht vom Kalar Pattar auf den Mt. Everest - Entdecken Sie mit dem Reiseprofi berghorizonte die Mt. Everest Region in Nepal","robots":{"index":"index","follow":"follow","max-snippet":"max-snippet:-1","max-image-preview":"max-image-preview:large","max-video-preview":"max-video-preview:-1"},"canonical":"https:\/\/www.berghorizonte.de\/blog\/nepal-everest-trekking-kalar-pattar\/","og_locale":"de_DE","og_type":"article","og_title":"Nepal Everest Trekking by berghorizonte - Blick vom Kalar Pattar","og_description":"Blick und Aussicht vom Kalar Pattar auf den Mt. Everest - Entdecken Sie mit dem Reiseprofi berghorizonte die Mt. Everest Region in Nepal","og_url":"https:\/\/www.berghorizonte.de\/blog\/nepal-everest-trekking-kalar-pattar\/","og_site_name":"Reiseblog","article_author":"https:\/\/www.facebook.com\/Berghorizonte","article_published_time":"2017-08-05T09:57:24+00:00","article_modified_time":"2017-10-11T14:04:07+00:00","author":"Christian Schubert","twitter_misc":{"Verfasst von":"Christian Schubert"},"schema":{"@context":"https:\/\/schema.org","@graph":[{"@type":"Article","@id":"https:\/\/www.berghorizonte.de\/blog\/nepal-everest-trekking-kalar-pattar\/#article","isPartOf":{"@id":"https:\/\/www.berghorizonte.de\/blog\/nepal-everest-trekking-kalar-pattar\/"},"author":{"name":"Christian Schubert","@id":"https:\/\/www.berghorizonte.de\/blog\/#\/schema\/person\/2896e70db1c39ca21796913684db7138"},"headline":"Nepal Everest Trekking by berghorizonte &#8211; Blick vom Kalar Pattar","datePublished":"2017-08-05T09:57:24+00:00","dateModified":"2017-10-11T14:04:07+00:00","mainEntityOfPage":{"@id":"https:\/\/www.berghorizonte.de\/blog\/nepal-everest-trekking-kalar-pattar\/"},"wordCount":46,"commentCount":0,"publisher":{"@id":"https:\/\/www.berghorizonte.de\/blog\/#organization"},"keywords":["Everest Trek","Kalar Pattar","Nepal Trekking","Nepal Video","Nepal-Reisen","Video vom Everest Trek"],"articleSection":["G\u00e4stebuch","News","Reiseberichte &amp; News"],"inLanguage":"de","potentialAction":[{"@type":"CommentAction","name":"Comment","target":["https:\/\/www.berghorizonte.de\/blog\/nepal-everest-trekking-kalar-pattar\/#respond"]}]},{"@type":"WebPage","@id":"https:\/\/www.berghorizonte.de\/blog\/nepal-everest-trekking-kalar-pattar\/","url":"https:\/\/www.berghorizonte.de\/blog\/nepal-everest-trekking-kalar-pattar\/","name":"Nepal Everest Trekking by berghorizonte - Blick vom Kalar Pattar","isPartOf":{"@id":"https:\/\/www.berghorizonte.de\/blog\/#website"},"datePublished":"2017-08-05T09:57:24+00:00","dateModified":"2017-10-11T14:04:07+00:00","description":"Blick und Aussicht vom Kalar Pattar auf den Mt. Everest - Entdecken Sie mit dem Reiseprofi berghorizonte die Mt. Everest Region in Nepal","breadcrumb":{"@id":"https:\/\/www.berghorizonte.de\/blog\/nepal-everest-trekking-kalar-pattar\/#breadcrumb"},"inLanguage":"de","potentialAction":[{"@type":"ReadAction","target":["https:\/\/www.berghorizonte.de\/blog\/nepal-everest-trekking-kalar-pattar\/"]}]},{"@type":"BreadcrumbList","@id":"https:\/\/www.berghorizonte.de\/blog\/nepal-everest-trekking-kalar-pattar\/#breadcrumb","itemListElement":[{"@type":"ListItem","position":1,"name":"Home","item":"https:\/\/www.berghorizonte.de\/blog\/"},{"@type":"ListItem","position":2,"name":"Nepal Everest Trekking by berghorizonte &#8211; Blick vom Kalar Pattar"}]},{"@type":"WebSite","@id":"https:\/\/www.berghorizonte.de\/blog\/#website","url":"https:\/\/www.berghorizonte.de\/blog\/","name":"Reiseblog","description":"Erfahrungen, G\u00e4stebuch und Feedbacks alles rund ums Reisen, Wandern, Trekking in Bhutan, Nepal, Peru, Myanmar...","publisher":{"@id":"https:\/\/www.berghorizonte.de\/blog\/#organization"},"potentialAction":[{"@type":"SearchAction","target":{"@type":"EntryPoint","urlTemplate":"https:\/\/www.berghorizonte.de\/blog\/?s={search_term_string}"},"query-input":{"@type":"PropertyValueSpecification","valueRequired":true,"valueName":"search_term_string"}}],"inLanguage":"de"},{"@type":"Organization","@id":"https:\/\/www.berghorizonte.de\/blog\/#organization","name":"berghorizonte","url":"https:\/\/www.berghorizonte.de\/blog\/","logo":{"@type":"ImageObject","inLanguage":"de","@id":"https:\/\/www.berghorizonte.de\/blog\/#\/schema\/logo\/image\/","url":"https:\/\/www.berghorizonte.de\/blog\/wp-content\/uploads\/2014\/11\/berghorizonte_logo_k.jpg","contentUrl":"https:\/\/www.berghorizonte.de\/blog\/wp-content\/uploads\/2014\/11\/berghorizonte_logo_k.jpg","width":425,"height":236,"caption":"berghorizonte"},"image":{"@id":"https:\/\/www.berghorizonte.de\/blog\/#\/schema\/logo\/image\/"}},{"@type":"Person","@id":"https:\/\/www.berghorizonte.de\/blog\/#\/schema\/person\/2896e70db1c39ca21796913684db7138","name":"Christian Schubert","image":{"@type":"ImageObject","inLanguage":"de","@id":"https:\/\/www.berghorizonte.de\/blog\/wp-content\/uploads\/2013\/06\/Christian-Schubert_avatar_1372607758-96x96.jpg","url":"https:\/\/www.berghorizonte.de\/blog\/wp-content\/uploads\/2013\/06\/Christian-Schubert_avatar_1372607758-96x96.jpg","contentUrl":"https:\/\/www.berghorizonte.de\/blog\/wp-content\/uploads\/2013\/06\/Christian-Schubert_avatar_1372607758-96x96.jpg","caption":"Christian Schubert"},"description":"Christian Schubert ist Gr\u00fcnder und Inhaber des lizenzierten Reiseveranstalter berghorizonte und leidenschafticher Bergsteiger, Trekker und Reisender. Monatelange Reisen in Nepal, Bhutan, Tibet, Pakistan und anderen Regionen im Himalaya sowie S\u00fcdamerika und sogar an den ganz hohen Bergen pr\u00e4gen seinen hohen Erfahrungsschatz. Seine Spezialgebiete sind Trekkingtouren und Kulturreisen bis 6000m im Himalaya und den Anden. Als absoluter Bhutan- und Nepal Kenner besucht er die beiden Himalayastaaten jedes Jahr und forscht nach neuen Wegen, Treks und Rundreisen. Von seiner grossen \u00fcber 20 j\u00e4hrigen Erfahrung und den guten Kontakten vor Ort profitieren seine G\u00e4ste...","sameAs":["https:\/\/www.berghorizonte.de","https:\/\/www.facebook.com\/Berghorizonte","https:\/\/x.com\/berghorizonte"],"url":"https:\/\/www.berghorizonte.de\/blog\/author\/cschubert\/"}]}},"_links":{"self":[{"href":"https:\/\/www.berghorizonte.de\/blog\/wp-json\/wp\/v2\/posts\/3580","targetHints":{"allow":["GET"]}}],"collection":[{"href":"https:\/\/www.berghorizonte.de\/blog\/wp-json\/wp\/v2\/posts"}],"about":[{"href":"https:\/\/www.berghorizonte.de\/blog\/wp-json\/wp\/v2\/types\/post"}],"author":[{"embeddable":true,"href":"https:\/\/www.berghorizonte.de\/blog\/wp-json\/wp\/v2\/users\/3"}],"replies":[{"embeddable":true,"href":"https:\/\/www.berghorizonte.de\/blog\/wp-json\/wp\/v2\/comments?post=3580"}],"version-history":[{"count":6,"href":"https:\/\/www.berghorizonte.de\/blog\/wp-json\/wp\/v2\/posts\/3580\/revisions"}],"predecessor-version":[{"id":3853,"href":"https:\/\/www.berghorizonte.de\/blog\/wp-json\/wp\/v2\/posts\/3580\/revisions\/3853"}],"wp:attachment":[{"href":"https:\/\/www.berghorizonte.de\/blog\/wp-json\/wp\/v2\/media?parent=3580"}],"wp:term":[{"taxonomy":"category","embeddable":true,"href":"https:\/\/www.berghorizonte.de\/blog\/wp-json\/wp\/v2\/categories?post=3580"},{"taxonomy":"post_tag","embeddable":true,"href":"https:\/\/www.berghorizonte.de\/blog\/wp-json\/wp\/v2\/tags?post=3580"}],"curies":[{"name":"wp","href":"https:\/\/api.w.org\/{rel}","templated":true}]}}