{"id":3591,"date":"2017-08-26T12:03:52","date_gmt":"2017-08-26T10:03:52","guid":{"rendered":"https:\/\/www.berghorizonte.de\/blog\/?p=3591"},"modified":"2017-09-12T10:01:54","modified_gmt":"2017-09-12T08:01:54","slug":"zwei-profis-ein-gemeinsamer-nepalpartner","status":"publish","type":"post","link":"https:\/\/www.berghorizonte.de\/blog\/zwei-profis-ein-gemeinsamer-nepalpartner\/","title":{"rendered":"Zwei Profis &#038; ein gemeinsamer Nepalpartner"},"content":{"rendered":"<p>Auch Reinhold Messner vetraut seit Jahren auf die zuverl\u00e4ssige Logistik und Infrastruktur unserer Nepal Partner <a href=\"http:\/\/www.thamserkutrekking.com\/who-we-are-.html\" target=\"_blank\" rel=\"noopener\">Thamserku, <\/a>wie wir als Reiseveranstalter <a href=\"https:\/\/www.berghorizonte.de\/\" target=\"_blank\" rel=\"noopener\">berghorizonte<\/a> &#8211; zwei Profis &amp; ein gemeinsamer Partner in Nepal.<\/p>\n<p>&nbsp;<\/p>\n","protected":false},"excerpt":{"rendered":"<p>Auch Reinhold Messner vetraut seit Jahren auf die zuverl\u00e4ssige Logistik und Infrastruktur unserer Nepal Partner Thamserku, wie wir als Reiseveranstalter berghorizonte &#8211; zwei Profis &amp;  [&#8230;]<\/p>\n","protected":false},"author":3,"featured_media":3592,"comment_status":"open","ping_status":"open","sticky":false,"template":"","format":"standard","meta":{"footnotes":""},"categories":[5],"tags":[],"class_list":["post-3591","post","type-post","status-publish","format-standard","has-post-thumbnail","hentry","category-gastebuch-2"],"yoast_head":"<!-- This site is optimized with the Yoast SEO plugin v27.5 - https:\/\/yoast.com\/product\/yoast-seo-wordpress\/ -->\n<title>Zwei Profis &amp; ein gemeinsamer Nepalpartner<\/title>\n<meta name=\"description\" content=\"Nepalreisen &amp; Trekking mit den Nepalpartner Thamserku &amp; berghorizonte\" \/>\n<meta name=\"robots\" content=\"index, follow, max-snippet:-1, max-image-preview:large, max-video-preview:-1\" \/>\n<link rel=\"canonical\" href=\"https:\/\/www.berghorizonte.de\/blog\/zwei-profis-ein-gemeinsamer-nepalpartner\/\" \/>\n<meta property=\"og:locale\" content=\"de_DE\" \/>\n<meta property=\"og:type\" content=\"article\" \/>\n<meta property=\"og:title\" content=\"Zwei Profis &amp; ein gemeinsamer Nepalpartner\" \/>\n<meta property=\"og:description\" content=\"Nepalreisen &amp; Trekking mit den Nepalpartner Thamserku &amp; berghorizonte\" \/>\n<meta property=\"og:url\" content=\"https:\/\/www.berghorizonte.de\/blog\/zwei-profis-ein-gemeinsamer-nepalpartner\/\" \/>\n<meta property=\"og:site_name\" content=\"Reiseblog\" \/>\n<meta property=\"article:author\" content=\"https:\/\/www.facebook.com\/Berghorizonte\" \/>\n<meta property=\"article:published_time\" content=\"2017-08-26T10:03:52+00:00\" \/>\n<meta property=\"article:modified_time\" content=\"2017-09-12T08:01:54+00:00\" \/>\n<meta property=\"og:image\" content=\"https:\/\/www.berghorizonte.de\/blog\/wp-content\/uploads\/2017\/08\/IMG_20170408_155406_edit1.jpg\" \/>\n\t<meta property=\"og:image:width\" content=\"1848\" \/>\n\t<meta property=\"og:image:height\" content=\"1616\" \/>\n\t<meta property=\"og:image:type\" content=\"image\/jpeg\" \/>\n<meta name=\"author\" content=\"Christian Schubert\" \/>\n<meta name=\"twitter:label1\" content=\"Verfasst von\" \/>\n\t<meta name=\"twitter:data1\" content=\"Christian Schubert\" \/>\n<script type=\"application\/ld+json\" class=\"yoast-schema-graph\">{\"@context\":\"https:\\\/\\\/schema.org\",\"@graph\":[{\"@type\":\"Article\",\"@id\":\"https:\\\/\\\/www.berghorizonte.de\\\/blog\\\/zwei-profis-ein-gemeinsamer-nepalpartner\\\/#article\",\"isPartOf\":{\"@id\":\"https:\\\/\\\/www.berghorizonte.de\\\/blog\\\/zwei-profis-ein-gemeinsamer-nepalpartner\\\/\"},\"author\":{\"name\":\"Christian Schubert\",\"@id\":\"https:\\\/\\\/www.berghorizonte.de\\\/blog\\\/#\\\/schema\\\/person\\\/2896e70db1c39ca21796913684db7138\"},\"headline\":\"Zwei Profis &#038; ein gemeinsamer Nepalpartner\",\"datePublished\":\"2017-08-26T10:03:52+00:00\",\"dateModified\":\"2017-09-12T08:01:54+00:00\",\"mainEntityOfPage\":{\"@id\":\"https:\\\/\\\/www.berghorizonte.de\\\/blog\\\/zwei-profis-ein-gemeinsamer-nepalpartner\\\/\"},\"wordCount\":37,\"commentCount\":0,\"publisher\":{\"@id\":\"https:\\\/\\\/www.berghorizonte.de\\\/blog\\\/#organization\"},\"image\":{\"@id\":\"https:\\\/\\\/www.berghorizonte.de\\\/blog\\\/zwei-profis-ein-gemeinsamer-nepalpartner\\\/#primaryimage\"},\"thumbnailUrl\":\"https:\\\/\\\/www.berghorizonte.de\\\/blog\\\/wp-content\\\/uploads\\\/2017\\\/08\\\/IMG_20170408_155406_edit1.jpg\",\"articleSection\":[\"G\u00e4stebuch\"],\"inLanguage\":\"de\",\"potentialAction\":[{\"@type\":\"CommentAction\",\"name\":\"Comment\",\"target\":[\"https:\\\/\\\/www.berghorizonte.de\\\/blog\\\/zwei-profis-ein-gemeinsamer-nepalpartner\\\/#respond\"]}]},{\"@type\":\"WebPage\",\"@id\":\"https:\\\/\\\/www.berghorizonte.de\\\/blog\\\/zwei-profis-ein-gemeinsamer-nepalpartner\\\/\",\"url\":\"https:\\\/\\\/www.berghorizonte.de\\\/blog\\\/zwei-profis-ein-gemeinsamer-nepalpartner\\\/\",\"name\":\"Zwei Profis & ein gemeinsamer Nepalpartner\",\"isPartOf\":{\"@id\":\"https:\\\/\\\/www.berghorizonte.de\\\/blog\\\/#website\"},\"primaryImageOfPage\":{\"@id\":\"https:\\\/\\\/www.berghorizonte.de\\\/blog\\\/zwei-profis-ein-gemeinsamer-nepalpartner\\\/#primaryimage\"},\"image\":{\"@id\":\"https:\\\/\\\/www.berghorizonte.de\\\/blog\\\/zwei-profis-ein-gemeinsamer-nepalpartner\\\/#primaryimage\"},\"thumbnailUrl\":\"https:\\\/\\\/www.berghorizonte.de\\\/blog\\\/wp-content\\\/uploads\\\/2017\\\/08\\\/IMG_20170408_155406_edit1.jpg\",\"datePublished\":\"2017-08-26T10:03:52+00:00\",\"dateModified\":\"2017-09-12T08:01:54+00:00\",\"description\":\"Nepalreisen & Trekking mit den Nepalpartner Thamserku & berghorizonte\",\"breadcrumb\":{\"@id\":\"https:\\\/\\\/www.berghorizonte.de\\\/blog\\\/zwei-profis-ein-gemeinsamer-nepalpartner\\\/#breadcrumb\"},\"inLanguage\":\"de\",\"potentialAction\":[{\"@type\":\"ReadAction\",\"target\":[\"https:\\\/\\\/www.berghorizonte.de\\\/blog\\\/zwei-profis-ein-gemeinsamer-nepalpartner\\\/\"]}]},{\"@type\":\"ImageObject\",\"inLanguage\":\"de\",\"@id\":\"https:\\\/\\\/www.berghorizonte.de\\\/blog\\\/zwei-profis-ein-gemeinsamer-nepalpartner\\\/#primaryimage\",\"url\":\"https:\\\/\\\/www.berghorizonte.de\\\/blog\\\/wp-content\\\/uploads\\\/2017\\\/08\\\/IMG_20170408_155406_edit1.jpg\",\"contentUrl\":\"https:\\\/\\\/www.berghorizonte.de\\\/blog\\\/wp-content\\\/uploads\\\/2017\\\/08\\\/IMG_20170408_155406_edit1.jpg\",\"width\":1848,\"height\":1616},{\"@type\":\"BreadcrumbList\",\"@id\":\"https:\\\/\\\/www.berghorizonte.de\\\/blog\\\/zwei-profis-ein-gemeinsamer-nepalpartner\\\/#breadcrumb\",\"itemListElement\":[{\"@type\":\"ListItem\",\"position\":1,\"name\":\"Home\",\"item\":\"https:\\\/\\\/www.berghorizonte.de\\\/blog\\\/\"},{\"@type\":\"ListItem\",\"position\":2,\"name\":\"Zwei Profis &#038; ein gemeinsamer Nepalpartner\"}]},{\"@type\":\"WebSite\",\"@id\":\"https:\\\/\\\/www.berghorizonte.de\\\/blog\\\/#website\",\"url\":\"https:\\\/\\\/www.berghorizonte.de\\\/blog\\\/\",\"name\":\"Reiseblog\",\"description\":\"Erfahrungen, G\u00e4stebuch und Feedbacks alles rund ums Reisen, Wandern, Trekking in Bhutan, Nepal, Peru, Myanmar...\",\"publisher\":{\"@id\":\"https:\\\/\\\/www.berghorizonte.de\\\/blog\\\/#organization\"},\"potentialAction\":[{\"@type\":\"SearchAction\",\"target\":{\"@type\":\"EntryPoint\",\"urlTemplate\":\"https:\\\/\\\/www.berghorizonte.de\\\/blog\\\/?s={search_term_string}\"},\"query-input\":{\"@type\":\"PropertyValueSpecification\",\"valueRequired\":true,\"valueName\":\"search_term_string\"}}],\"inLanguage\":\"de\"},{\"@type\":\"Organization\",\"@id\":\"https:\\\/\\\/www.berghorizonte.de\\\/blog\\\/#organization\",\"name\":\"berghorizonte\",\"url\":\"https:\\\/\\\/www.berghorizonte.de\\\/blog\\\/\",\"logo\":{\"@type\":\"ImageObject\",\"inLanguage\":\"de\",\"@id\":\"https:\\\/\\\/www.berghorizonte.de\\\/blog\\\/#\\\/schema\\\/logo\\\/image\\\/\",\"url\":\"https:\\\/\\\/www.berghorizonte.de\\\/blog\\\/wp-content\\\/uploads\\\/2014\\\/11\\\/berghorizonte_logo_k.jpg\",\"contentUrl\":\"https:\\\/\\\/www.berghorizonte.de\\\/blog\\\/wp-content\\\/uploads\\\/2014\\\/11\\\/berghorizonte_logo_k.jpg\",\"width\":425,\"height\":236,\"caption\":\"berghorizonte\"},\"image\":{\"@id\":\"https:\\\/\\\/www.berghorizonte.de\\\/blog\\\/#\\\/schema\\\/logo\\\/image\\\/\"}},{\"@type\":\"Person\",\"@id\":\"https:\\\/\\\/www.berghorizonte.de\\\/blog\\\/#\\\/schema\\\/person\\\/2896e70db1c39ca21796913684db7138\",\"name\":\"Christian Schubert\",\"image\":{\"@type\":\"ImageObject\",\"inLanguage\":\"de\",\"@id\":\"https:\\\/\\\/www.berghorizonte.de\\\/blog\\\/wp-content\\\/uploads\\\/2013\\\/06\\\/Christian-Schubert_avatar_1372607758-96x96.jpg\",\"url\":\"https:\\\/\\\/www.berghorizonte.de\\\/blog\\\/wp-content\\\/uploads\\\/2013\\\/06\\\/Christian-Schubert_avatar_1372607758-96x96.jpg\",\"contentUrl\":\"https:\\\/\\\/www.berghorizonte.de\\\/blog\\\/wp-content\\\/uploads\\\/2013\\\/06\\\/Christian-Schubert_avatar_1372607758-96x96.jpg\",\"caption\":\"Christian Schubert\"},\"description\":\"Christian Schubert ist Gr\u00fcnder und Inhaber des lizenzierten Reiseveranstalter berghorizonte und leidenschafticher Bergsteiger, Trekker und Reisender. Monatelange Reisen in Nepal, Bhutan, Tibet, Pakistan und anderen Regionen im Himalaya sowie S\u00fcdamerika und sogar an den ganz hohen Bergen pr\u00e4gen seinen hohen Erfahrungsschatz. Seine Spezialgebiete sind Trekkingtouren und Kulturreisen bis 6000m im Himalaya und den Anden. Als absoluter Bhutan- und Nepal Kenner besucht er die beiden Himalayastaaten jedes Jahr und forscht nach neuen Wegen, Treks und Rundreisen. Von seiner grossen \u00fcber 20 j\u00e4hrigen Erfahrung und den guten Kontakten vor Ort profitieren seine G\u00e4ste...\",\"sameAs\":[\"https:\\\/\\\/www.berghorizonte.de\",\"https:\\\/\\\/www.facebook.com\\\/Berghorizonte\",\"https:\\\/\\\/x.com\\\/berghorizonte\"],\"url\":\"https:\\\/\\\/www.berghorizonte.de\\\/blog\\\/author\\\/cschubert\\\/\"}]}<\/script>\n<!-- \/ Yoast SEO plugin. -->","yoast_head_json":{"title":"Zwei Profis & ein gemeinsamer Nepalpartner","description":"Nepalreisen & Trekking mit den Nepalpartner Thamserku & berghorizonte","robots":{"index":"index","follow":"follow","max-snippet":"max-snippet:-1","max-image-preview":"max-image-preview:large","max-video-preview":"max-video-preview:-1"},"canonical":"https:\/\/www.berghorizonte.de\/blog\/zwei-profis-ein-gemeinsamer-nepalpartner\/","og_locale":"de_DE","og_type":"article","og_title":"Zwei Profis & ein gemeinsamer Nepalpartner","og_description":"Nepalreisen & Trekking mit den Nepalpartner Thamserku & berghorizonte","og_url":"https:\/\/www.berghorizonte.de\/blog\/zwei-profis-ein-gemeinsamer-nepalpartner\/","og_site_name":"Reiseblog","article_author":"https:\/\/www.facebook.com\/Berghorizonte","article_published_time":"2017-08-26T10:03:52+00:00","article_modified_time":"2017-09-12T08:01:54+00:00","og_image":[{"width":1848,"height":1616,"url":"https:\/\/www.berghorizonte.de\/blog\/wp-content\/uploads\/2017\/08\/IMG_20170408_155406_edit1.jpg","type":"image\/jpeg"}],"author":"Christian Schubert","twitter_misc":{"Verfasst von":"Christian Schubert"},"schema":{"@context":"https:\/\/schema.org","@graph":[{"@type":"Article","@id":"https:\/\/www.berghorizonte.de\/blog\/zwei-profis-ein-gemeinsamer-nepalpartner\/#article","isPartOf":{"@id":"https:\/\/www.berghorizonte.de\/blog\/zwei-profis-ein-gemeinsamer-nepalpartner\/"},"author":{"name":"Christian Schubert","@id":"https:\/\/www.berghorizonte.de\/blog\/#\/schema\/person\/2896e70db1c39ca21796913684db7138"},"headline":"Zwei Profis &#038; ein gemeinsamer Nepalpartner","datePublished":"2017-08-26T10:03:52+00:00","dateModified":"2017-09-12T08:01:54+00:00","mainEntityOfPage":{"@id":"https:\/\/www.berghorizonte.de\/blog\/zwei-profis-ein-gemeinsamer-nepalpartner\/"},"wordCount":37,"commentCount":0,"publisher":{"@id":"https:\/\/www.berghorizonte.de\/blog\/#organization"},"image":{"@id":"https:\/\/www.berghorizonte.de\/blog\/zwei-profis-ein-gemeinsamer-nepalpartner\/#primaryimage"},"thumbnailUrl":"https:\/\/www.berghorizonte.de\/blog\/wp-content\/uploads\/2017\/08\/IMG_20170408_155406_edit1.jpg","articleSection":["G\u00e4stebuch"],"inLanguage":"de","potentialAction":[{"@type":"CommentAction","name":"Comment","target":["https:\/\/www.berghorizonte.de\/blog\/zwei-profis-ein-gemeinsamer-nepalpartner\/#respond"]}]},{"@type":"WebPage","@id":"https:\/\/www.berghorizonte.de\/blog\/zwei-profis-ein-gemeinsamer-nepalpartner\/","url":"https:\/\/www.berghorizonte.de\/blog\/zwei-profis-ein-gemeinsamer-nepalpartner\/","name":"Zwei Profis & ein gemeinsamer Nepalpartner","isPartOf":{"@id":"https:\/\/www.berghorizonte.de\/blog\/#website"},"primaryImageOfPage":{"@id":"https:\/\/www.berghorizonte.de\/blog\/zwei-profis-ein-gemeinsamer-nepalpartner\/#primaryimage"},"image":{"@id":"https:\/\/www.berghorizonte.de\/blog\/zwei-profis-ein-gemeinsamer-nepalpartner\/#primaryimage"},"thumbnailUrl":"https:\/\/www.berghorizonte.de\/blog\/wp-content\/uploads\/2017\/08\/IMG_20170408_155406_edit1.jpg","datePublished":"2017-08-26T10:03:52+00:00","dateModified":"2017-09-12T08:01:54+00:00","description":"Nepalreisen & Trekking mit den Nepalpartner Thamserku & berghorizonte","breadcrumb":{"@id":"https:\/\/www.berghorizonte.de\/blog\/zwei-profis-ein-gemeinsamer-nepalpartner\/#breadcrumb"},"inLanguage":"de","potentialAction":[{"@type":"ReadAction","target":["https:\/\/www.berghorizonte.de\/blog\/zwei-profis-ein-gemeinsamer-nepalpartner\/"]}]},{"@type":"ImageObject","inLanguage":"de","@id":"https:\/\/www.berghorizonte.de\/blog\/zwei-profis-ein-gemeinsamer-nepalpartner\/#primaryimage","url":"https:\/\/www.berghorizonte.de\/blog\/wp-content\/uploads\/2017\/08\/IMG_20170408_155406_edit1.jpg","contentUrl":"https:\/\/www.berghorizonte.de\/blog\/wp-content\/uploads\/2017\/08\/IMG_20170408_155406_edit1.jpg","width":1848,"height":1616},{"@type":"BreadcrumbList","@id":"https:\/\/www.berghorizonte.de\/blog\/zwei-profis-ein-gemeinsamer-nepalpartner\/#breadcrumb","itemListElement":[{"@type":"ListItem","position":1,"name":"Home","item":"https:\/\/www.berghorizonte.de\/blog\/"},{"@type":"ListItem","position":2,"name":"Zwei Profis &#038; ein gemeinsamer Nepalpartner"}]},{"@type":"WebSite","@id":"https:\/\/www.berghorizonte.de\/blog\/#website","url":"https:\/\/www.berghorizonte.de\/blog\/","name":"Reiseblog","description":"Erfahrungen, G\u00e4stebuch und Feedbacks alles rund ums Reisen, Wandern, Trekking in Bhutan, Nepal, Peru, Myanmar...","publisher":{"@id":"https:\/\/www.berghorizonte.de\/blog\/#organization"},"potentialAction":[{"@type":"SearchAction","target":{"@type":"EntryPoint","urlTemplate":"https:\/\/www.berghorizonte.de\/blog\/?s={search_term_string}"},"query-input":{"@type":"PropertyValueSpecification","valueRequired":true,"valueName":"search_term_string"}}],"inLanguage":"de"},{"@type":"Organization","@id":"https:\/\/www.berghorizonte.de\/blog\/#organization","name":"berghorizonte","url":"https:\/\/www.berghorizonte.de\/blog\/","logo":{"@type":"ImageObject","inLanguage":"de","@id":"https:\/\/www.berghorizonte.de\/blog\/#\/schema\/logo\/image\/","url":"https:\/\/www.berghorizonte.de\/blog\/wp-content\/uploads\/2014\/11\/berghorizonte_logo_k.jpg","contentUrl":"https:\/\/www.berghorizonte.de\/blog\/wp-content\/uploads\/2014\/11\/berghorizonte_logo_k.jpg","width":425,"height":236,"caption":"berghorizonte"},"image":{"@id":"https:\/\/www.berghorizonte.de\/blog\/#\/schema\/logo\/image\/"}},{"@type":"Person","@id":"https:\/\/www.berghorizonte.de\/blog\/#\/schema\/person\/2896e70db1c39ca21796913684db7138","name":"Christian Schubert","image":{"@type":"ImageObject","inLanguage":"de","@id":"https:\/\/www.berghorizonte.de\/blog\/wp-content\/uploads\/2013\/06\/Christian-Schubert_avatar_1372607758-96x96.jpg","url":"https:\/\/www.berghorizonte.de\/blog\/wp-content\/uploads\/2013\/06\/Christian-Schubert_avatar_1372607758-96x96.jpg","contentUrl":"https:\/\/www.berghorizonte.de\/blog\/wp-content\/uploads\/2013\/06\/Christian-Schubert_avatar_1372607758-96x96.jpg","caption":"Christian Schubert"},"description":"Christian Schubert ist Gr\u00fcnder und Inhaber des lizenzierten Reiseveranstalter berghorizonte und leidenschafticher Bergsteiger, Trekker und Reisender. Monatelange Reisen in Nepal, Bhutan, Tibet, Pakistan und anderen Regionen im Himalaya sowie S\u00fcdamerika und sogar an den ganz hohen Bergen pr\u00e4gen seinen hohen Erfahrungsschatz. Seine Spezialgebiete sind Trekkingtouren und Kulturreisen bis 6000m im Himalaya und den Anden. Als absoluter Bhutan- und Nepal Kenner besucht er die beiden Himalayastaaten jedes Jahr und forscht nach neuen Wegen, Treks und Rundreisen. Von seiner grossen \u00fcber 20 j\u00e4hrigen Erfahrung und den guten Kontakten vor Ort profitieren seine G\u00e4ste...","sameAs":["https:\/\/www.berghorizonte.de","https:\/\/www.facebook.com\/Berghorizonte","https:\/\/x.com\/berghorizonte"],"url":"https:\/\/www.berghorizonte.de\/blog\/author\/cschubert\/"}]}},"_links":{"self":[{"href":"https:\/\/www.berghorizonte.de\/blog\/wp-json\/wp\/v2\/posts\/3591","targetHints":{"allow":["GET"]}}],"collection":[{"href":"https:\/\/www.berghorizonte.de\/blog\/wp-json\/wp\/v2\/posts"}],"about":[{"href":"https:\/\/www.berghorizonte.de\/blog\/wp-json\/wp\/v2\/types\/post"}],"author":[{"embeddable":true,"href":"https:\/\/www.berghorizonte.de\/blog\/wp-json\/wp\/v2\/users\/3"}],"replies":[{"embeddable":true,"href":"https:\/\/www.berghorizonte.de\/blog\/wp-json\/wp\/v2\/comments?post=3591"}],"version-history":[{"count":5,"href":"https:\/\/www.berghorizonte.de\/blog\/wp-json\/wp\/v2\/posts\/3591\/revisions"}],"predecessor-version":[{"id":4067,"href":"https:\/\/www.berghorizonte.de\/blog\/wp-json\/wp\/v2\/posts\/3591\/revisions\/4067"}],"wp:featuredmedia":[{"embeddable":true,"href":"https:\/\/www.berghorizonte.de\/blog\/wp-json\/wp\/v2\/media\/3592"}],"wp:attachment":[{"href":"https:\/\/www.berghorizonte.de\/blog\/wp-json\/wp\/v2\/media?parent=3591"}],"wp:term":[{"taxonomy":"category","embeddable":true,"href":"https:\/\/www.berghorizonte.de\/blog\/wp-json\/wp\/v2\/categories?post=3591"},{"taxonomy":"post_tag","embeddable":true,"href":"https:\/\/www.berghorizonte.de\/blog\/wp-json\/wp\/v2\/tags?post=3591"}],"curies":[{"name":"wp","href":"https:\/\/api.w.org\/{rel}","templated":true}]}}