{"id":4246,"date":"2018-06-21T14:14:10","date_gmt":"2018-06-21T12:14:10","guid":{"rendered":"https:\/\/www.berghorizonte.de\/blog\/?p=4246"},"modified":"2018-06-21T15:10:26","modified_gmt":"2018-06-21T13:10:26","slug":"everest-basislager","status":"publish","type":"post","link":"https:\/\/www.berghorizonte.de\/blog\/everest-basislager\/","title":{"rendered":"Everest Basislager Trekking zum Kalar Pattar in Nepal"},"content":{"rendered":"<p>Everest Basislager im Oktober 2017<\/p>\n<p>Hallo Christian,<\/p>\n<p>es war eine sehr sch\u00f6ne Nepal Everest Trekking Reise zum Everest Basislager mit vielen beindruckenden Erlebnissen.<\/p>\n<p><strong>Unterk\u00fcnfte auf dem Trekking:<\/strong> Besser als erwartet. Immer quasi Doppelzimmer. Bett mit Heizdecke in <a href=\"http:\/\/yetimountainhome.com\/\" target=\"_blank\" rel=\"noopener\">Yeti Mountain Home Comfort Lodge<\/a> als sehr sch\u00f6ner Luxus. Weiter oben ohne, aber v\u00f6llig ausreichend und auch sauber. Die Gem\u00fctlichste: Namche. Die Nobelste: Monjo. Die Einfachste: Kumjung.<\/p>\n<p><strong>Reiseverlauf:<\/strong> Interessant und super f\u00fcr Akklimatisation. Ein gro\u00dfes Erlebnis war bei wunderbarem Wetter auf dem Khumbu-Gletscher am Basislager zu stehen. Sonnenaufgang \u00fcber Nuptse habe ich mir gewaltiger vorgestellt. Liegt halt im Schatten. Sonne auf Kalar Pattar und Pumori war aber gewaltig beeindruckend. Sch\u00f6n nach stundenlanger Gehzeit die Sonne zu sp\u00fcren. Der Tagesetappe vom Kalar Pattar ins Tal war sehr lang. Hat meiner Frau viel Kraft gekostet, so dass ich Zweifel hatte, ob wir am darauffolgenden Tag unser Ziel \u00fcberhaupt erreichen. Sonst aber alles gut.<\/p>\n<p><strong>Guide:<\/strong> Junger Mann, wir waren seine 2. Gruppe. Sehr gute Kenntnisse vor Ort und \u00fcber die Berge. Ein bischen mehr Kommunikation h\u00e4tte unserer Motivation gut getan, damit man wei\u00df, was an Schwierigkeiten noch auf dem Weg liegt oder wann Teilziele in Sicht kommen. Die \u00e4lteren Sherpas sprachen ein uns verst\u00e4ndlicheres Englisch als die jungen Sherpas. Aber sehr gut mit ihm zurecht gekommen. Wir haben uns sp\u00e4ter noch mehrmals in Kathmandu verabredet.<\/p>\n<p><strong>Insgesamt:<\/strong> So eine Reise nach Nepal muss man mal gemacht haben. Auch unserem Sohn, den wir mehr oder weniger \u00fcberredet haben mitzukommen, hat die Trekking Reise zum Everest Bsaislager gefallen. Irgendwann machen wir in Nepal oder Bhutan nochmal eine Trekkingreise. Muss nicht so hoch hinaus gehen, aber interessant wird es ja erst \u00fcber 3000 m.<\/p>\n<p><strong>N\u00e4chste Reise:<\/strong> Wegen Ladakh melde ich mich im M\u00e4rz &#8211; nat\u00fcrlich nur mit <a href=\"https:\/\/www.berghorizonte.de\/\" target=\"_blank\" rel=\"noopener\">berghorizonte<\/a>.<\/p>\n<h3>Vielen Dank f\u00fcr die super Organisation dieser sch\u00f6nen und beeindruckenden Reise zum Mt. Everest Basislager und dem Kalar Pattar.<\/h3>\n<p>Mit freundlichen Gr\u00fc\u00dfen aus Weimar<\/p>\n<p>Karsten Siewert<\/p>\n<div id=\"attachment_1637\" style=\"width: 602px\" class=\"wp-caption aligncenter\"><a href=\"https:\/\/www.berghorizonte.de\/blog\/nepal-everesttrek\/110210_reise_177\/\" rel=\"attachment wp-att-1637\"><img decoding=\"async\" aria-describedby=\"caption-attachment-1637\" class=\"Nepal Everest Basislager Trekking wp-image-1637 size-full\" title=\"Nepal Everest Basislager Trekking\" src=\"https:\/\/www.berghorizonte.de\/blog\/wp-content\/uploads\/2015\/07\/110210_Reise_177.jpg\" alt=\"Blick zum Everest\" width=\"592\" height=\"392\" srcset=\"https:\/\/www.berghorizonte.de\/blog\/wp-content\/uploads\/2015\/07\/110210_Reise_177-300x199.jpg 300w, https:\/\/www.berghorizonte.de\/blog\/wp-content\/uploads\/2015\/07\/110210_Reise_177.jpg 592w\" sizes=\"(max-width: 592px) 100vw, 592px\" \/><\/a><p id=\"caption-attachment-1637\" class=\"wp-caption-text\">Blick zum Everest<\/p><\/div>\n","protected":false},"excerpt":{"rendered":"<p>Everest Basislager im Oktober 2017 Hallo Christian, es war eine sehr sch\u00f6ne Nepal Everest Trekking Reise zum Everest Basislager mit vielen beindruckenden Erlebnissen. Unterk\u00fcnfte auf  [&#8230;]<\/p>\n","protected":false},"author":5,"featured_media":2085,"comment_status":"closed","ping_status":"open","sticky":false,"template":"","format":"standard","meta":{"footnotes":""},"categories":[5,16,6],"tags":[25,29,40,304,36,24,84,28,30,27],"class_list":["post-4246","post","type-post","status-publish","format-standard","has-post-thumbnail","hentry","category-gastebuch-2","category-news","category-nepal","tag-everest","tag-everest-trekking","tag-feedback-everest-trek","tag-kalar-pattar","tag-komforttrekking","tag-nepal-2","tag-nepal-feedback","tag-nepal-trekking","tag-yeti-mountain-home-komfortlodge-everest-trekking-by-berghorizonte","tag-yeti-mountain-home-lodge"],"yoast_head":"<!-- This site is optimized with the Yoast SEO plugin v27.5 - https:\/\/yoast.com\/product\/yoast-seo-wordpress\/ -->\n<title>Everest Basislager Nepal Trekking mit berghorizonte<\/title>\n<meta name=\"description\" content=\"Everest Basislager Nepal Trekking mit berghorizonte, es war eine sehr sch\u00f6ne Nepal Everest Trekking Reise zum Everest Basislager mit vielen beindruckenden Erlebnissen.\" \/>\n<meta name=\"robots\" content=\"index, follow, max-snippet:-1, max-image-preview:large, max-video-preview:-1\" \/>\n<link rel=\"canonical\" href=\"https:\/\/www.berghorizonte.de\/blog\/everest-basislager\/\" \/>\n<meta property=\"og:locale\" content=\"de_DE\" \/>\n<meta property=\"og:type\" content=\"article\" \/>\n<meta property=\"og:title\" content=\"Everest Basislager Nepal Trekking mit berghorizonte\" \/>\n<meta property=\"og:description\" content=\"Everest Basislager Nepal Trekking mit berghorizonte, es war eine sehr sch\u00f6ne Nepal Everest Trekking Reise zum Everest Basislager mit vielen beindruckenden Erlebnissen.\" \/>\n<meta property=\"og:url\" content=\"https:\/\/www.berghorizonte.de\/blog\/everest-basislager\/\" \/>\n<meta property=\"og:site_name\" content=\"Reiseblog\" \/>\n<meta property=\"article:published_time\" content=\"2018-06-21T12:14:10+00:00\" \/>\n<meta property=\"article:modified_time\" content=\"2018-06-21T13:10:26+00:00\" \/>\n<meta property=\"og:image\" content=\"https:\/\/www.berghorizonte.de\/blog\/wp-content\/uploads\/2015\/12\/Lhotse_Everest_Ama-800x450.jpg\" \/>\n\t<meta property=\"og:image:width\" content=\"800\" \/>\n\t<meta property=\"og:image:height\" content=\"450\" \/>\n\t<meta property=\"og:image:type\" content=\"image\/jpeg\" \/>\n<meta name=\"author\" content=\"G\u00e4stebuchbeitrag\" \/>\n<meta name=\"twitter:label1\" content=\"Verfasst von\" \/>\n\t<meta name=\"twitter:data1\" content=\"G\u00e4stebuchbeitrag\" \/>\n\t<meta name=\"twitter:label2\" content=\"Gesch\u00e4tzte Lesezeit\" \/>\n\t<meta name=\"twitter:data2\" content=\"2\u00a0Minuten\" \/>\n<script type=\"application\/ld+json\" class=\"yoast-schema-graph\">{\"@context\":\"https:\\\/\\\/schema.org\",\"@graph\":[{\"@type\":\"Article\",\"@id\":\"https:\\\/\\\/www.berghorizonte.de\\\/blog\\\/everest-basislager\\\/#article\",\"isPartOf\":{\"@id\":\"https:\\\/\\\/www.berghorizonte.de\\\/blog\\\/everest-basislager\\\/\"},\"author\":{\"name\":\"G\u00e4stebuchbeitrag\",\"@id\":\"https:\\\/\\\/www.berghorizonte.de\\\/blog\\\/#\\\/schema\\\/person\\\/f2bccafdfb2ccdbd7b08e104f8f3f5f4\"},\"headline\":\"Everest Basislager Trekking zum Kalar Pattar in Nepal\",\"datePublished\":\"2018-06-21T12:14:10+00:00\",\"dateModified\":\"2018-06-21T13:10:26+00:00\",\"mainEntityOfPage\":{\"@id\":\"https:\\\/\\\/www.berghorizonte.de\\\/blog\\\/everest-basislager\\\/\"},\"wordCount\":347,\"publisher\":{\"@id\":\"https:\\\/\\\/www.berghorizonte.de\\\/blog\\\/#organization\"},\"image\":{\"@id\":\"https:\\\/\\\/www.berghorizonte.de\\\/blog\\\/everest-basislager\\\/#primaryimage\"},\"thumbnailUrl\":\"https:\\\/\\\/www.berghorizonte.de\\\/blog\\\/wp-content\\\/uploads\\\/2015\\\/12\\\/Lhotse_Everest_Ama-800x450.jpg\",\"keywords\":[\"Everest\",\"Everest Trekking\",\"Feedback Everest Trek\",\"Kalar Pattar\",\"Komforttrekking\",\"Nepal\",\"Nepal Feedback\",\"Nepal Trekking\",\"Yeti Mountain Home Komfortlodge Everest Trekking by berghorizonte\",\"Yeti Mountain Home Lodge\"],\"articleSection\":[\"G\u00e4stebuch\",\"News\",\"Reiseberichte &amp; News\"],\"inLanguage\":\"de\"},{\"@type\":\"WebPage\",\"@id\":\"https:\\\/\\\/www.berghorizonte.de\\\/blog\\\/everest-basislager\\\/\",\"url\":\"https:\\\/\\\/www.berghorizonte.de\\\/blog\\\/everest-basislager\\\/\",\"name\":\"Everest Basislager Nepal Trekking mit berghorizonte\",\"isPartOf\":{\"@id\":\"https:\\\/\\\/www.berghorizonte.de\\\/blog\\\/#website\"},\"primaryImageOfPage\":{\"@id\":\"https:\\\/\\\/www.berghorizonte.de\\\/blog\\\/everest-basislager\\\/#primaryimage\"},\"image\":{\"@id\":\"https:\\\/\\\/www.berghorizonte.de\\\/blog\\\/everest-basislager\\\/#primaryimage\"},\"thumbnailUrl\":\"https:\\\/\\\/www.berghorizonte.de\\\/blog\\\/wp-content\\\/uploads\\\/2015\\\/12\\\/Lhotse_Everest_Ama-800x450.jpg\",\"datePublished\":\"2018-06-21T12:14:10+00:00\",\"dateModified\":\"2018-06-21T13:10:26+00:00\",\"description\":\"Everest Basislager Nepal Trekking mit berghorizonte, es war eine sehr sch\u00f6ne Nepal Everest Trekking Reise zum Everest Basislager mit vielen beindruckenden Erlebnissen.\",\"breadcrumb\":{\"@id\":\"https:\\\/\\\/www.berghorizonte.de\\\/blog\\\/everest-basislager\\\/#breadcrumb\"},\"inLanguage\":\"de\",\"potentialAction\":[{\"@type\":\"ReadAction\",\"target\":[\"https:\\\/\\\/www.berghorizonte.de\\\/blog\\\/everest-basislager\\\/\"]}]},{\"@type\":\"ImageObject\",\"inLanguage\":\"de\",\"@id\":\"https:\\\/\\\/www.berghorizonte.de\\\/blog\\\/everest-basislager\\\/#primaryimage\",\"url\":\"https:\\\/\\\/www.berghorizonte.de\\\/blog\\\/wp-content\\\/uploads\\\/2015\\\/12\\\/Lhotse_Everest_Ama-800x450.jpg\",\"contentUrl\":\"https:\\\/\\\/www.berghorizonte.de\\\/blog\\\/wp-content\\\/uploads\\\/2015\\\/12\\\/Lhotse_Everest_Ama-800x450.jpg\",\"width\":800,\"height\":450,\"caption\":\"Blick zum Everest\"},{\"@type\":\"BreadcrumbList\",\"@id\":\"https:\\\/\\\/www.berghorizonte.de\\\/blog\\\/everest-basislager\\\/#breadcrumb\",\"itemListElement\":[{\"@type\":\"ListItem\",\"position\":1,\"name\":\"Home\",\"item\":\"https:\\\/\\\/www.berghorizonte.de\\\/blog\\\/\"},{\"@type\":\"ListItem\",\"position\":2,\"name\":\"Everest Basislager Trekking zum Kalar Pattar in Nepal\"}]},{\"@type\":\"WebSite\",\"@id\":\"https:\\\/\\\/www.berghorizonte.de\\\/blog\\\/#website\",\"url\":\"https:\\\/\\\/www.berghorizonte.de\\\/blog\\\/\",\"name\":\"Reiseblog\",\"description\":\"Erfahrungen, G\u00e4stebuch und Feedbacks alles rund ums Reisen, Wandern, Trekking in Bhutan, Nepal, Peru, Myanmar...\",\"publisher\":{\"@id\":\"https:\\\/\\\/www.berghorizonte.de\\\/blog\\\/#organization\"},\"potentialAction\":[{\"@type\":\"SearchAction\",\"target\":{\"@type\":\"EntryPoint\",\"urlTemplate\":\"https:\\\/\\\/www.berghorizonte.de\\\/blog\\\/?s={search_term_string}\"},\"query-input\":{\"@type\":\"PropertyValueSpecification\",\"valueRequired\":true,\"valueName\":\"search_term_string\"}}],\"inLanguage\":\"de\"},{\"@type\":\"Organization\",\"@id\":\"https:\\\/\\\/www.berghorizonte.de\\\/blog\\\/#organization\",\"name\":\"berghorizonte\",\"url\":\"https:\\\/\\\/www.berghorizonte.de\\\/blog\\\/\",\"logo\":{\"@type\":\"ImageObject\",\"inLanguage\":\"de\",\"@id\":\"https:\\\/\\\/www.berghorizonte.de\\\/blog\\\/#\\\/schema\\\/logo\\\/image\\\/\",\"url\":\"https:\\\/\\\/www.berghorizonte.de\\\/blog\\\/wp-content\\\/uploads\\\/2014\\\/11\\\/berghorizonte_logo_k.jpg\",\"contentUrl\":\"https:\\\/\\\/www.berghorizonte.de\\\/blog\\\/wp-content\\\/uploads\\\/2014\\\/11\\\/berghorizonte_logo_k.jpg\",\"width\":425,\"height\":236,\"caption\":\"berghorizonte\"},\"image\":{\"@id\":\"https:\\\/\\\/www.berghorizonte.de\\\/blog\\\/#\\\/schema\\\/logo\\\/image\\\/\"}},{\"@type\":\"Person\",\"@id\":\"https:\\\/\\\/www.berghorizonte.de\\\/blog\\\/#\\\/schema\\\/person\\\/f2bccafdfb2ccdbd7b08e104f8f3f5f4\",\"name\":\"G\u00e4stebuchbeitrag\",\"image\":{\"@type\":\"ImageObject\",\"inLanguage\":\"de\",\"@id\":\"https:\\\/\\\/secure.gravatar.com\\\/avatar\\\/2f7ccc3d22d720ff556bf57349708a254825802eaef24c77c3f8936cd3048f39?s=96&d=mm&r=g\",\"url\":\"https:\\\/\\\/secure.gravatar.com\\\/avatar\\\/2f7ccc3d22d720ff556bf57349708a254825802eaef24c77c3f8936cd3048f39?s=96&d=mm&r=g\",\"contentUrl\":\"https:\\\/\\\/secure.gravatar.com\\\/avatar\\\/2f7ccc3d22d720ff556bf57349708a254825802eaef24c77c3f8936cd3048f39?s=96&d=mm&r=g\",\"caption\":\"G\u00e4stebuchbeitrag\"},\"url\":\"https:\\\/\\\/www.berghorizonte.de\\\/blog\\\/author\\\/gast\\\/\"}]}<\/script>\n<!-- \/ Yoast SEO plugin. -->","yoast_head_json":{"title":"Everest Basislager Nepal Trekking mit berghorizonte","description":"Everest Basislager Nepal Trekking mit berghorizonte, es war eine sehr sch\u00f6ne Nepal Everest Trekking Reise zum Everest Basislager mit vielen beindruckenden Erlebnissen.","robots":{"index":"index","follow":"follow","max-snippet":"max-snippet:-1","max-image-preview":"max-image-preview:large","max-video-preview":"max-video-preview:-1"},"canonical":"https:\/\/www.berghorizonte.de\/blog\/everest-basislager\/","og_locale":"de_DE","og_type":"article","og_title":"Everest Basislager Nepal Trekking mit berghorizonte","og_description":"Everest Basislager Nepal Trekking mit berghorizonte, es war eine sehr sch\u00f6ne Nepal Everest Trekking Reise zum Everest Basislager mit vielen beindruckenden Erlebnissen.","og_url":"https:\/\/www.berghorizonte.de\/blog\/everest-basislager\/","og_site_name":"Reiseblog","article_published_time":"2018-06-21T12:14:10+00:00","article_modified_time":"2018-06-21T13:10:26+00:00","og_image":[{"width":800,"height":450,"url":"https:\/\/www.berghorizonte.de\/blog\/wp-content\/uploads\/2015\/12\/Lhotse_Everest_Ama-800x450.jpg","type":"image\/jpeg"}],"author":"G\u00e4stebuchbeitrag","twitter_misc":{"Verfasst von":"G\u00e4stebuchbeitrag","Gesch\u00e4tzte Lesezeit":"2\u00a0Minuten"},"schema":{"@context":"https:\/\/schema.org","@graph":[{"@type":"Article","@id":"https:\/\/www.berghorizonte.de\/blog\/everest-basislager\/#article","isPartOf":{"@id":"https:\/\/www.berghorizonte.de\/blog\/everest-basislager\/"},"author":{"name":"G\u00e4stebuchbeitrag","@id":"https:\/\/www.berghorizonte.de\/blog\/#\/schema\/person\/f2bccafdfb2ccdbd7b08e104f8f3f5f4"},"headline":"Everest Basislager Trekking zum Kalar Pattar in Nepal","datePublished":"2018-06-21T12:14:10+00:00","dateModified":"2018-06-21T13:10:26+00:00","mainEntityOfPage":{"@id":"https:\/\/www.berghorizonte.de\/blog\/everest-basislager\/"},"wordCount":347,"publisher":{"@id":"https:\/\/www.berghorizonte.de\/blog\/#organization"},"image":{"@id":"https:\/\/www.berghorizonte.de\/blog\/everest-basislager\/#primaryimage"},"thumbnailUrl":"https:\/\/www.berghorizonte.de\/blog\/wp-content\/uploads\/2015\/12\/Lhotse_Everest_Ama-800x450.jpg","keywords":["Everest","Everest Trekking","Feedback Everest Trek","Kalar Pattar","Komforttrekking","Nepal","Nepal Feedback","Nepal Trekking","Yeti Mountain Home Komfortlodge Everest Trekking by berghorizonte","Yeti Mountain Home Lodge"],"articleSection":["G\u00e4stebuch","News","Reiseberichte &amp; News"],"inLanguage":"de"},{"@type":"WebPage","@id":"https:\/\/www.berghorizonte.de\/blog\/everest-basislager\/","url":"https:\/\/www.berghorizonte.de\/blog\/everest-basislager\/","name":"Everest Basislager Nepal Trekking mit berghorizonte","isPartOf":{"@id":"https:\/\/www.berghorizonte.de\/blog\/#website"},"primaryImageOfPage":{"@id":"https:\/\/www.berghorizonte.de\/blog\/everest-basislager\/#primaryimage"},"image":{"@id":"https:\/\/www.berghorizonte.de\/blog\/everest-basislager\/#primaryimage"},"thumbnailUrl":"https:\/\/www.berghorizonte.de\/blog\/wp-content\/uploads\/2015\/12\/Lhotse_Everest_Ama-800x450.jpg","datePublished":"2018-06-21T12:14:10+00:00","dateModified":"2018-06-21T13:10:26+00:00","description":"Everest Basislager Nepal Trekking mit berghorizonte, es war eine sehr sch\u00f6ne Nepal Everest Trekking Reise zum Everest Basislager mit vielen beindruckenden Erlebnissen.","breadcrumb":{"@id":"https:\/\/www.berghorizonte.de\/blog\/everest-basislager\/#breadcrumb"},"inLanguage":"de","potentialAction":[{"@type":"ReadAction","target":["https:\/\/www.berghorizonte.de\/blog\/everest-basislager\/"]}]},{"@type":"ImageObject","inLanguage":"de","@id":"https:\/\/www.berghorizonte.de\/blog\/everest-basislager\/#primaryimage","url":"https:\/\/www.berghorizonte.de\/blog\/wp-content\/uploads\/2015\/12\/Lhotse_Everest_Ama-800x450.jpg","contentUrl":"https:\/\/www.berghorizonte.de\/blog\/wp-content\/uploads\/2015\/12\/Lhotse_Everest_Ama-800x450.jpg","width":800,"height":450,"caption":"Blick zum Everest"},{"@type":"BreadcrumbList","@id":"https:\/\/www.berghorizonte.de\/blog\/everest-basislager\/#breadcrumb","itemListElement":[{"@type":"ListItem","position":1,"name":"Home","item":"https:\/\/www.berghorizonte.de\/blog\/"},{"@type":"ListItem","position":2,"name":"Everest Basislager Trekking zum Kalar Pattar in Nepal"}]},{"@type":"WebSite","@id":"https:\/\/www.berghorizonte.de\/blog\/#website","url":"https:\/\/www.berghorizonte.de\/blog\/","name":"Reiseblog","description":"Erfahrungen, G\u00e4stebuch und Feedbacks alles rund ums Reisen, Wandern, Trekking in Bhutan, Nepal, Peru, Myanmar...","publisher":{"@id":"https:\/\/www.berghorizonte.de\/blog\/#organization"},"potentialAction":[{"@type":"SearchAction","target":{"@type":"EntryPoint","urlTemplate":"https:\/\/www.berghorizonte.de\/blog\/?s={search_term_string}"},"query-input":{"@type":"PropertyValueSpecification","valueRequired":true,"valueName":"search_term_string"}}],"inLanguage":"de"},{"@type":"Organization","@id":"https:\/\/www.berghorizonte.de\/blog\/#organization","name":"berghorizonte","url":"https:\/\/www.berghorizonte.de\/blog\/","logo":{"@type":"ImageObject","inLanguage":"de","@id":"https:\/\/www.berghorizonte.de\/blog\/#\/schema\/logo\/image\/","url":"https:\/\/www.berghorizonte.de\/blog\/wp-content\/uploads\/2014\/11\/berghorizonte_logo_k.jpg","contentUrl":"https:\/\/www.berghorizonte.de\/blog\/wp-content\/uploads\/2014\/11\/berghorizonte_logo_k.jpg","width":425,"height":236,"caption":"berghorizonte"},"image":{"@id":"https:\/\/www.berghorizonte.de\/blog\/#\/schema\/logo\/image\/"}},{"@type":"Person","@id":"https:\/\/www.berghorizonte.de\/blog\/#\/schema\/person\/f2bccafdfb2ccdbd7b08e104f8f3f5f4","name":"G\u00e4stebuchbeitrag","image":{"@type":"ImageObject","inLanguage":"de","@id":"https:\/\/secure.gravatar.com\/avatar\/2f7ccc3d22d720ff556bf57349708a254825802eaef24c77c3f8936cd3048f39?s=96&d=mm&r=g","url":"https:\/\/secure.gravatar.com\/avatar\/2f7ccc3d22d720ff556bf57349708a254825802eaef24c77c3f8936cd3048f39?s=96&d=mm&r=g","contentUrl":"https:\/\/secure.gravatar.com\/avatar\/2f7ccc3d22d720ff556bf57349708a254825802eaef24c77c3f8936cd3048f39?s=96&d=mm&r=g","caption":"G\u00e4stebuchbeitrag"},"url":"https:\/\/www.berghorizonte.de\/blog\/author\/gast\/"}]}},"_links":{"self":[{"href":"https:\/\/www.berghorizonte.de\/blog\/wp-json\/wp\/v2\/posts\/4246","targetHints":{"allow":["GET"]}}],"collection":[{"href":"https:\/\/www.berghorizonte.de\/blog\/wp-json\/wp\/v2\/posts"}],"about":[{"href":"https:\/\/www.berghorizonte.de\/blog\/wp-json\/wp\/v2\/types\/post"}],"author":[{"embeddable":true,"href":"https:\/\/www.berghorizonte.de\/blog\/wp-json\/wp\/v2\/users\/5"}],"replies":[{"embeddable":true,"href":"https:\/\/www.berghorizonte.de\/blog\/wp-json\/wp\/v2\/comments?post=4246"}],"version-history":[{"count":14,"href":"https:\/\/www.berghorizonte.de\/blog\/wp-json\/wp\/v2\/posts\/4246\/revisions"}],"predecessor-version":[{"id":4260,"href":"https:\/\/www.berghorizonte.de\/blog\/wp-json\/wp\/v2\/posts\/4246\/revisions\/4260"}],"wp:featuredmedia":[{"embeddable":true,"href":"https:\/\/www.berghorizonte.de\/blog\/wp-json\/wp\/v2\/media\/2085"}],"wp:attachment":[{"href":"https:\/\/www.berghorizonte.de\/blog\/wp-json\/wp\/v2\/media?parent=4246"}],"wp:term":[{"taxonomy":"category","embeddable":true,"href":"https:\/\/www.berghorizonte.de\/blog\/wp-json\/wp\/v2\/categories?post=4246"},{"taxonomy":"post_tag","embeddable":true,"href":"https:\/\/www.berghorizonte.de\/blog\/wp-json\/wp\/v2\/tags?post=4246"}],"curies":[{"name":"wp","href":"https:\/\/api.w.org\/{rel}","templated":true}]}}