{"id":4962,"date":"2020-01-19T12:34:34","date_gmt":"2020-01-19T10:34:34","guid":{"rendered":"https:\/\/www.berghorizonte.de\/blog\/?p=4962"},"modified":"2020-01-19T12:50:26","modified_gmt":"2020-01-19T10:50:26","slug":"nepal-unser-trekking-urlaub-war-ein-traum","status":"publish","type":"post","link":"https:\/\/www.berghorizonte.de\/blog\/nepal-unser-trekking-urlaub-war-ein-traum\/","title":{"rendered":"Nepal: Unser Trekking Urlaub war ein Traum"},"content":{"rendered":"<p><strong>Traum Trekking Urlaub in Nepal &#8211; Everest Komforttrekking als individuelle 2 Personen Privatreise im Oktober 2019<br \/>\n<\/strong><\/p>\n<p>Guten Tag Herr Schubert,\u00a0 liebes berghorizonte Team,<\/p>\n<p>um es vorweg zu nehmen, wir hatten einen traumhaften sch\u00f6nen Trekking Urlaub in Nepal und denken heute noch so oft daran zur\u00fcck!<\/p>\n<p>Organisatorisch hat von Anfang bis Ende alles super gut funktioniert \u2013 danke nochmals f\u00fcr diese tolle Organisation und Planung!! Thamserku ist vor Ort ein mehr als zuverl\u00e4ssiger Partner. Wir mussten nicht einmal irgendwo warten. Die Mitarbeiter um Kumar waren immer zuverl\u00e4ssig, p\u00fcnktlich und vor allem total nett. Sie haben auch das Au\u00dfergew\u00f6hnliche m\u00f6glich gemacht, wie einen R\u00fcckflug von Lukla nach Katmandu statt Ramechhap organisiert oder uns, um die Wartezeit auf den n\u00e4chsten Flug angenehm zu gestalten, f\u00fcr drei Stunden ins Hotel gebracht. Einfach super!<\/p>\n<h2>Der Everest Trekking Urlaub war ein Traum. Es war das erste Mal, dass wir nach 1 Woche laufen nicht genug hatten.<\/h2>\n<p>Wir w\u00e4ren am liebsten auch nach 12 Tagen weiter gelaufen. Die Mischung zwischen beeindruckender Natur und dem Eintauchen in die Kultur und das Leben der Menschen dort ist spannend und macht den Trekk so kurzweilig.<\/p>\n<p>Gro\u00dfen Anteil daran und ein gro\u00dfes Gl\u00fcck war unser Guide Umesh mit seinem Vater (Porter) bei unserer Wanderung. Einfach tolle Menschen, die durch Ihre Erz\u00e4hlungen von zu Hause und vielen Erkl\u00e4rungen uns Nepal hautnah haben erleben lassen. Einmal eine morgendliche Zeremonie im Kloster bei Thame zu erleben geh\u00f6rte genauso zu den Highlights wie das Erreichen des Basecamps der Ama Dablam. Umesh ist uns dabei so richtig ans Herz gewachsen. Elsbeth hat nur noch von \u201emein Umesh\u201c erz\u00e4hlt.<\/p>\n<h3>Die Wander-Etappen waren vom Ablauf her ideal geplant.<\/h3>\n<p>Durch die sehr kurzen Etappen am Anfang und die Aufstiege an den \u201eRuhetagen\u201c konnten wir uns prima akklimatisieren. Wir hatten 12 Tage lang beide keine Probleme mit der H\u00f6he und haben und immer topfit gef\u00fchlt. So konnten wir die Tour von Anfang bis Ende genie\u00dfen. Ich glaube wir hatten ein Dauerl\u00e4cheln im Gesicht. Ein absolutes Highlight als Etappe war f\u00fcr uns die H\u00f6henwanderung zur\u00fcck nach Namche Bazar, auch wenn es schwer ist etwas Einzelnes hervorzuheben. Auf jeden Fall tolle Ausblicke!<\/p>\n<div id=\"attachment_4972\" style=\"width: 1034px\" class=\"wp-caption aligncenter\"><a href=\"https:\/\/www.berghorizonte.de\/blog\/wp-content\/uploads\/2020\/01\/Nepal-Traum-Trekking-Urlaub-im-Everest-Gebiet-1024x684-1.jpg\"><img decoding=\"async\" aria-describedby=\"caption-attachment-4972\" class=\"wp-image-4972 size-full\" title=\"Am Kloster Tengboche mit Blick auf den Mt. Everest | Traum Trekking Urlaub in Nepal \" src=\"https:\/\/www.berghorizonte.de\/blog\/wp-content\/uploads\/2020\/01\/Nepal-Traum-Trekking-Urlaub-im-Everest-Gebiet-1024x684-1.jpg\" alt=\"\" width=\"1024\" height=\"684\" srcset=\"https:\/\/www.berghorizonte.de\/blog\/wp-content\/uploads\/2020\/01\/Nepal-Traum-Trekking-Urlaub-im-Everest-Gebiet-1024x684-1-200x134.jpg 200w, https:\/\/www.berghorizonte.de\/blog\/wp-content\/uploads\/2020\/01\/Nepal-Traum-Trekking-Urlaub-im-Everest-Gebiet-1024x684-1-300x200.jpg 300w, https:\/\/www.berghorizonte.de\/blog\/wp-content\/uploads\/2020\/01\/Nepal-Traum-Trekking-Urlaub-im-Everest-Gebiet-1024x684-1-400x267.jpg 400w, https:\/\/www.berghorizonte.de\/blog\/wp-content\/uploads\/2020\/01\/Nepal-Traum-Trekking-Urlaub-im-Everest-Gebiet-1024x684-1-600x401.jpg 600w, https:\/\/www.berghorizonte.de\/blog\/wp-content\/uploads\/2020\/01\/Nepal-Traum-Trekking-Urlaub-im-Everest-Gebiet-1024x684-1-768x513.jpg 768w, https:\/\/www.berghorizonte.de\/blog\/wp-content\/uploads\/2020\/01\/Nepal-Traum-Trekking-Urlaub-im-Everest-Gebiet-1024x684-1-800x534.jpg 800w, https:\/\/www.berghorizonte.de\/blog\/wp-content\/uploads\/2020\/01\/Nepal-Traum-Trekking-Urlaub-im-Everest-Gebiet-1024x684-1.jpg 1024w\" sizes=\"(max-width: 1024px) 100vw, 1024px\" \/><\/a><p id=\"caption-attachment-4972\" class=\"wp-caption-text\">Am Kloster Tengboche mit Blick auf den Mt. Everest | Traum Trekking Urlaub in Nepal<\/p><\/div>\n<h3>Die Lodge Unterk\u00fcnfte waren alle ausnahmslos sehr gut.<\/h3>\n<p>Man f\u00fchlte sich \u00fcberall willkommen und wohl. Hervorheben muss man sicher die Freundlichkeit der Leute und die Sauberkeit. Namaste! Die Reisezeit fanden wir ideal. Das Wetter war zwar noch nicht so stabil, aber wir hatten Yeti Mountain Homes in denen wir zu sechst waren, dass war also unheimlich entspannt. Was sich dann an Menschenmassen ins Khumbu Tal gew\u00e4lzt hat, als wir auf dem R\u00fcckweg waren, dass war erschreckend\u2026 Wie an einer Kette aufgereiht\u2026 somit war es gut Ihren Empfehlungen zuj folgen.<\/p>\n<h3>V\u00f6llig anders, aber auch beeindruckend, war der Chitwan Nationalpark.<\/h3>\n<p>Auch hier das gleiche Bild, das tolle Ambiente der Unterkunft, Organisation und tolle Eindr\u00fccke vom Dschungel und den Menschen dort. Eine Fahrt mit dem Ochsenkarren zu den Tharu Minxderheiten, das Dorgf, die Menschen, viele Tiere, \u2026 Einfach auch beeindruckend! Den Namen unseres Guides dort haben wir leider vergessen. Aber auch er war unheimlich nett und hat uns Natur, Land und Leute hautnah erleben lassen und bestens betreut.<\/p>\n<p>Wir waren froh als individuelle Privattour zu reisen und nicht in einer Gruppe! Es ist selten, aber wir k\u00f6nnen nichts Negatives berichten und w\u00fcrden alles 1:1 wieder so erleben wollen. Danke f\u00fcr die tolle Zusammenstellung der Nepalreise.<\/p>\n<h2>Danke Euch f\u00fcr diesen wundervollen Trekking Urlaub!<\/h2>\n<p>Wir w\u00fcnschen Euch sch\u00f6ne Weihnachtstage und schon jetzt einen guten Start in 2020.<\/p>\n<p>Viele Gr\u00fc\u00dfe<\/p>\n<p>Marc und Elsbeth<\/p>\n<blockquote><p><a href=\"https:\/\/www.berghorizonte.de\/nepal\/komfort-trekking.html#content_part\" target=\"_blank\" rel=\"noopener noreferrer\"><strong>&gt; Zu den berghorizonte Trekking Touren im Mt. Everest Gebiet<\/strong><\/a><\/p>\n<p><strong><a href=\"https:\/\/yetimountainhome.com\/\" target=\"_blank\" rel=\"noopener noreferrer\">&gt; Zu den Yeti Mountain Home Lodges<\/a><\/strong><\/p><\/blockquote>\n","protected":false},"excerpt":{"rendered":"<p>Die Trekking Tour in Nepal war ein Traum. Es war das erste Mal, dass wir nach 1 Woche laufen nicht genug hatten. Es ist selten, aber wir k\u00f6nnen nichts Negatives berichten und w\u00fcrden alles 1:1 wieder so erleben wollen.<\/p>\n","protected":false},"author":5,"featured_media":4971,"comment_status":"closed","ping_status":"open","sticky":false,"template":"","format":"standard","meta":{"footnotes":""},"categories":[6],"tags":[71,25,29,40,55,36,24,84,202,120,28,23,164,30,27],"class_list":["post-4962","post","type-post","status-publish","format-standard","has-post-thumbnail","hentry","category-nepal","tag-chitwan-safari","tag-everest","tag-everest-trekking","tag-feedback-everest-trek","tag-gastefeedback","tag-komforttrekking","tag-nepal-2","tag-nepal-feedback","tag-nepal-nach-dem-erdbeben","tag-nepal-reisebericht","tag-nepal-trekking","tag-nepal-reisen","tag-trekking","tag-yeti-mountain-home-komfortlodge-everest-trekking-by-berghorizonte","tag-yeti-mountain-home-lodge"],"yoast_head":"<!-- This site is optimized with the Yoast SEO plugin v27.5 - https:\/\/yoast.com\/product\/yoast-seo-wordpress\/ -->\n<title>Nepal: Unser Trekking Urlaub zum Mt. Everest war ein Traum<\/title>\n<meta name=\"description\" content=\"Nepal Trekking Urlaub: Wir hatten einen traumhaften sch\u00f6nen Trekking Urlaub in Nepal zum Mt. Everest und denken heute noch oft daran zur\u00fcck\" \/>\n<meta name=\"robots\" content=\"index, follow, max-snippet:-1, max-image-preview:large, max-video-preview:-1\" \/>\n<link rel=\"canonical\" href=\"https:\/\/www.berghorizonte.de\/blog\/nepal-unser-trekking-urlaub-war-ein-traum\/\" \/>\n<meta property=\"og:locale\" content=\"de_DE\" \/>\n<meta property=\"og:type\" content=\"article\" \/>\n<meta property=\"og:title\" content=\"Nepal: Unser Trekking Urlaub zum Mt. Everest war ein Traum\" \/>\n<meta property=\"og:description\" content=\"Nepal Trekking Urlaub: Wir hatten einen traumhaften sch\u00f6nen Trekking Urlaub in Nepal zum Mt. Everest und denken heute noch oft daran zur\u00fcck\" \/>\n<meta property=\"og:url\" content=\"https:\/\/www.berghorizonte.de\/blog\/nepal-unser-trekking-urlaub-war-ein-traum\/\" \/>\n<meta property=\"og:site_name\" content=\"Reiseblog\" \/>\n<meta property=\"article:published_time\" content=\"2020-01-19T10:34:34+00:00\" \/>\n<meta property=\"article:modified_time\" content=\"2020-01-19T10:50:26+00:00\" \/>\n<meta property=\"og:image\" content=\"https:\/\/www.berghorizonte.de\/blog\/wp-content\/uploads\/2020\/01\/Nepal-Traum-Trekking-Urlaub-im-Everest-Gebiet-1-1024x684-1.jpg\" \/>\n\t<meta property=\"og:image:width\" content=\"1024\" \/>\n\t<meta property=\"og:image:height\" content=\"684\" \/>\n\t<meta property=\"og:image:type\" content=\"image\/jpeg\" \/>\n<meta name=\"author\" content=\"G\u00e4stebuchbeitrag\" \/>\n<meta name=\"twitter:label1\" content=\"Verfasst von\" \/>\n\t<meta name=\"twitter:data1\" content=\"G\u00e4stebuchbeitrag\" \/>\n\t<meta name=\"twitter:label2\" content=\"Gesch\u00e4tzte Lesezeit\" \/>\n\t<meta name=\"twitter:data2\" content=\"3\u00a0Minuten\" \/>\n<script type=\"application\/ld+json\" class=\"yoast-schema-graph\">{\"@context\":\"https:\\\/\\\/schema.org\",\"@graph\":[{\"@type\":\"Article\",\"@id\":\"https:\\\/\\\/www.berghorizonte.de\\\/blog\\\/nepal-unser-trekking-urlaub-war-ein-traum\\\/#article\",\"isPartOf\":{\"@id\":\"https:\\\/\\\/www.berghorizonte.de\\\/blog\\\/nepal-unser-trekking-urlaub-war-ein-traum\\\/\"},\"author\":{\"name\":\"G\u00e4stebuchbeitrag\",\"@id\":\"https:\\\/\\\/www.berghorizonte.de\\\/blog\\\/#\\\/schema\\\/person\\\/f2bccafdfb2ccdbd7b08e104f8f3f5f4\"},\"headline\":\"Nepal: Unser Trekking Urlaub war ein Traum\",\"datePublished\":\"2020-01-19T10:34:34+00:00\",\"dateModified\":\"2020-01-19T10:50:26+00:00\",\"mainEntityOfPage\":{\"@id\":\"https:\\\/\\\/www.berghorizonte.de\\\/blog\\\/nepal-unser-trekking-urlaub-war-ein-traum\\\/\"},\"wordCount\":653,\"publisher\":{\"@id\":\"https:\\\/\\\/www.berghorizonte.de\\\/blog\\\/#organization\"},\"image\":{\"@id\":\"https:\\\/\\\/www.berghorizonte.de\\\/blog\\\/nepal-unser-trekking-urlaub-war-ein-traum\\\/#primaryimage\"},\"thumbnailUrl\":\"https:\\\/\\\/www.berghorizonte.de\\\/blog\\\/wp-content\\\/uploads\\\/2020\\\/01\\\/Nepal-Traum-Trekking-Urlaub-im-Everest-Gebiet-1-1024x684-1.jpg\",\"keywords\":[\"Chitwan Safari\",\"Everest\",\"Everest Trekking\",\"Feedback Everest Trek\",\"G\u00e4stefeedback\",\"Komforttrekking\",\"Nepal\",\"Nepal Feedback\",\"Nepal nach dem Erdbeben\",\"Nepal Reisebericht\",\"Nepal Trekking\",\"Nepal-Reisen\",\"Trekking\",\"Yeti Mountain Home Komfortlodge Everest Trekking by berghorizonte\",\"Yeti Mountain Home Lodge\"],\"articleSection\":[\"Reiseberichte &amp; News\"],\"inLanguage\":\"de\"},{\"@type\":\"WebPage\",\"@id\":\"https:\\\/\\\/www.berghorizonte.de\\\/blog\\\/nepal-unser-trekking-urlaub-war-ein-traum\\\/\",\"url\":\"https:\\\/\\\/www.berghorizonte.de\\\/blog\\\/nepal-unser-trekking-urlaub-war-ein-traum\\\/\",\"name\":\"Nepal: Unser Trekking Urlaub zum Mt. Everest war ein Traum\",\"isPartOf\":{\"@id\":\"https:\\\/\\\/www.berghorizonte.de\\\/blog\\\/#website\"},\"primaryImageOfPage\":{\"@id\":\"https:\\\/\\\/www.berghorizonte.de\\\/blog\\\/nepal-unser-trekking-urlaub-war-ein-traum\\\/#primaryimage\"},\"image\":{\"@id\":\"https:\\\/\\\/www.berghorizonte.de\\\/blog\\\/nepal-unser-trekking-urlaub-war-ein-traum\\\/#primaryimage\"},\"thumbnailUrl\":\"https:\\\/\\\/www.berghorizonte.de\\\/blog\\\/wp-content\\\/uploads\\\/2020\\\/01\\\/Nepal-Traum-Trekking-Urlaub-im-Everest-Gebiet-1-1024x684-1.jpg\",\"datePublished\":\"2020-01-19T10:34:34+00:00\",\"dateModified\":\"2020-01-19T10:50:26+00:00\",\"description\":\"Nepal Trekking Urlaub: Wir hatten einen traumhaften sch\u00f6nen Trekking Urlaub in Nepal zum Mt. Everest und denken heute noch oft daran zur\u00fcck\",\"breadcrumb\":{\"@id\":\"https:\\\/\\\/www.berghorizonte.de\\\/blog\\\/nepal-unser-trekking-urlaub-war-ein-traum\\\/#breadcrumb\"},\"inLanguage\":\"de\",\"potentialAction\":[{\"@type\":\"ReadAction\",\"target\":[\"https:\\\/\\\/www.berghorizonte.de\\\/blog\\\/nepal-unser-trekking-urlaub-war-ein-traum\\\/\"]}]},{\"@type\":\"ImageObject\",\"inLanguage\":\"de\",\"@id\":\"https:\\\/\\\/www.berghorizonte.de\\\/blog\\\/nepal-unser-trekking-urlaub-war-ein-traum\\\/#primaryimage\",\"url\":\"https:\\\/\\\/www.berghorizonte.de\\\/blog\\\/wp-content\\\/uploads\\\/2020\\\/01\\\/Nepal-Traum-Trekking-Urlaub-im-Everest-Gebiet-1-1024x684-1.jpg\",\"contentUrl\":\"https:\\\/\\\/www.berghorizonte.de\\\/blog\\\/wp-content\\\/uploads\\\/2020\\\/01\\\/Nepal-Traum-Trekking-Urlaub-im-Everest-Gebiet-1-1024x684-1.jpg\",\"width\":1024,\"height\":684,\"caption\":\"Nepal Traum Trekking Urlaub im Everest Gebiet\"},{\"@type\":\"BreadcrumbList\",\"@id\":\"https:\\\/\\\/www.berghorizonte.de\\\/blog\\\/nepal-unser-trekking-urlaub-war-ein-traum\\\/#breadcrumb\",\"itemListElement\":[{\"@type\":\"ListItem\",\"position\":1,\"name\":\"Home\",\"item\":\"https:\\\/\\\/www.berghorizonte.de\\\/blog\\\/\"},{\"@type\":\"ListItem\",\"position\":2,\"name\":\"Nepal: Unser Trekking Urlaub war ein Traum\"}]},{\"@type\":\"WebSite\",\"@id\":\"https:\\\/\\\/www.berghorizonte.de\\\/blog\\\/#website\",\"url\":\"https:\\\/\\\/www.berghorizonte.de\\\/blog\\\/\",\"name\":\"Reiseblog\",\"description\":\"Erfahrungen, G\u00e4stebuch und Feedbacks alles rund ums Reisen, Wandern, Trekking in Bhutan, Nepal, Peru, Myanmar...\",\"publisher\":{\"@id\":\"https:\\\/\\\/www.berghorizonte.de\\\/blog\\\/#organization\"},\"potentialAction\":[{\"@type\":\"SearchAction\",\"target\":{\"@type\":\"EntryPoint\",\"urlTemplate\":\"https:\\\/\\\/www.berghorizonte.de\\\/blog\\\/?s={search_term_string}\"},\"query-input\":{\"@type\":\"PropertyValueSpecification\",\"valueRequired\":true,\"valueName\":\"search_term_string\"}}],\"inLanguage\":\"de\"},{\"@type\":\"Organization\",\"@id\":\"https:\\\/\\\/www.berghorizonte.de\\\/blog\\\/#organization\",\"name\":\"berghorizonte\",\"url\":\"https:\\\/\\\/www.berghorizonte.de\\\/blog\\\/\",\"logo\":{\"@type\":\"ImageObject\",\"inLanguage\":\"de\",\"@id\":\"https:\\\/\\\/www.berghorizonte.de\\\/blog\\\/#\\\/schema\\\/logo\\\/image\\\/\",\"url\":\"https:\\\/\\\/www.berghorizonte.de\\\/blog\\\/wp-content\\\/uploads\\\/2014\\\/11\\\/berghorizonte_logo_k.jpg\",\"contentUrl\":\"https:\\\/\\\/www.berghorizonte.de\\\/blog\\\/wp-content\\\/uploads\\\/2014\\\/11\\\/berghorizonte_logo_k.jpg\",\"width\":425,\"height\":236,\"caption\":\"berghorizonte\"},\"image\":{\"@id\":\"https:\\\/\\\/www.berghorizonte.de\\\/blog\\\/#\\\/schema\\\/logo\\\/image\\\/\"}},{\"@type\":\"Person\",\"@id\":\"https:\\\/\\\/www.berghorizonte.de\\\/blog\\\/#\\\/schema\\\/person\\\/f2bccafdfb2ccdbd7b08e104f8f3f5f4\",\"name\":\"G\u00e4stebuchbeitrag\",\"image\":{\"@type\":\"ImageObject\",\"inLanguage\":\"de\",\"@id\":\"https:\\\/\\\/secure.gravatar.com\\\/avatar\\\/2f7ccc3d22d720ff556bf57349708a254825802eaef24c77c3f8936cd3048f39?s=96&d=mm&r=g\",\"url\":\"https:\\\/\\\/secure.gravatar.com\\\/avatar\\\/2f7ccc3d22d720ff556bf57349708a254825802eaef24c77c3f8936cd3048f39?s=96&d=mm&r=g\",\"contentUrl\":\"https:\\\/\\\/secure.gravatar.com\\\/avatar\\\/2f7ccc3d22d720ff556bf57349708a254825802eaef24c77c3f8936cd3048f39?s=96&d=mm&r=g\",\"caption\":\"G\u00e4stebuchbeitrag\"},\"url\":\"https:\\\/\\\/www.berghorizonte.de\\\/blog\\\/author\\\/gast\\\/\"}]}<\/script>\n<!-- \/ Yoast SEO plugin. -->","yoast_head_json":{"title":"Nepal: Unser Trekking Urlaub zum Mt. Everest war ein Traum","description":"Nepal Trekking Urlaub: Wir hatten einen traumhaften sch\u00f6nen Trekking Urlaub in Nepal zum Mt. Everest und denken heute noch oft daran zur\u00fcck","robots":{"index":"index","follow":"follow","max-snippet":"max-snippet:-1","max-image-preview":"max-image-preview:large","max-video-preview":"max-video-preview:-1"},"canonical":"https:\/\/www.berghorizonte.de\/blog\/nepal-unser-trekking-urlaub-war-ein-traum\/","og_locale":"de_DE","og_type":"article","og_title":"Nepal: Unser Trekking Urlaub zum Mt. Everest war ein Traum","og_description":"Nepal Trekking Urlaub: Wir hatten einen traumhaften sch\u00f6nen Trekking Urlaub in Nepal zum Mt. Everest und denken heute noch oft daran zur\u00fcck","og_url":"https:\/\/www.berghorizonte.de\/blog\/nepal-unser-trekking-urlaub-war-ein-traum\/","og_site_name":"Reiseblog","article_published_time":"2020-01-19T10:34:34+00:00","article_modified_time":"2020-01-19T10:50:26+00:00","og_image":[{"width":1024,"height":684,"url":"https:\/\/www.berghorizonte.de\/blog\/wp-content\/uploads\/2020\/01\/Nepal-Traum-Trekking-Urlaub-im-Everest-Gebiet-1-1024x684-1.jpg","type":"image\/jpeg"}],"author":"G\u00e4stebuchbeitrag","twitter_misc":{"Verfasst von":"G\u00e4stebuchbeitrag","Gesch\u00e4tzte Lesezeit":"3\u00a0Minuten"},"schema":{"@context":"https:\/\/schema.org","@graph":[{"@type":"Article","@id":"https:\/\/www.berghorizonte.de\/blog\/nepal-unser-trekking-urlaub-war-ein-traum\/#article","isPartOf":{"@id":"https:\/\/www.berghorizonte.de\/blog\/nepal-unser-trekking-urlaub-war-ein-traum\/"},"author":{"name":"G\u00e4stebuchbeitrag","@id":"https:\/\/www.berghorizonte.de\/blog\/#\/schema\/person\/f2bccafdfb2ccdbd7b08e104f8f3f5f4"},"headline":"Nepal: Unser Trekking Urlaub war ein Traum","datePublished":"2020-01-19T10:34:34+00:00","dateModified":"2020-01-19T10:50:26+00:00","mainEntityOfPage":{"@id":"https:\/\/www.berghorizonte.de\/blog\/nepal-unser-trekking-urlaub-war-ein-traum\/"},"wordCount":653,"publisher":{"@id":"https:\/\/www.berghorizonte.de\/blog\/#organization"},"image":{"@id":"https:\/\/www.berghorizonte.de\/blog\/nepal-unser-trekking-urlaub-war-ein-traum\/#primaryimage"},"thumbnailUrl":"https:\/\/www.berghorizonte.de\/blog\/wp-content\/uploads\/2020\/01\/Nepal-Traum-Trekking-Urlaub-im-Everest-Gebiet-1-1024x684-1.jpg","keywords":["Chitwan Safari","Everest","Everest Trekking","Feedback Everest Trek","G\u00e4stefeedback","Komforttrekking","Nepal","Nepal Feedback","Nepal nach dem Erdbeben","Nepal Reisebericht","Nepal Trekking","Nepal-Reisen","Trekking","Yeti Mountain Home Komfortlodge Everest Trekking by berghorizonte","Yeti Mountain Home Lodge"],"articleSection":["Reiseberichte &amp; News"],"inLanguage":"de"},{"@type":"WebPage","@id":"https:\/\/www.berghorizonte.de\/blog\/nepal-unser-trekking-urlaub-war-ein-traum\/","url":"https:\/\/www.berghorizonte.de\/blog\/nepal-unser-trekking-urlaub-war-ein-traum\/","name":"Nepal: Unser Trekking Urlaub zum Mt. Everest war ein Traum","isPartOf":{"@id":"https:\/\/www.berghorizonte.de\/blog\/#website"},"primaryImageOfPage":{"@id":"https:\/\/www.berghorizonte.de\/blog\/nepal-unser-trekking-urlaub-war-ein-traum\/#primaryimage"},"image":{"@id":"https:\/\/www.berghorizonte.de\/blog\/nepal-unser-trekking-urlaub-war-ein-traum\/#primaryimage"},"thumbnailUrl":"https:\/\/www.berghorizonte.de\/blog\/wp-content\/uploads\/2020\/01\/Nepal-Traum-Trekking-Urlaub-im-Everest-Gebiet-1-1024x684-1.jpg","datePublished":"2020-01-19T10:34:34+00:00","dateModified":"2020-01-19T10:50:26+00:00","description":"Nepal Trekking Urlaub: Wir hatten einen traumhaften sch\u00f6nen Trekking Urlaub in Nepal zum Mt. Everest und denken heute noch oft daran zur\u00fcck","breadcrumb":{"@id":"https:\/\/www.berghorizonte.de\/blog\/nepal-unser-trekking-urlaub-war-ein-traum\/#breadcrumb"},"inLanguage":"de","potentialAction":[{"@type":"ReadAction","target":["https:\/\/www.berghorizonte.de\/blog\/nepal-unser-trekking-urlaub-war-ein-traum\/"]}]},{"@type":"ImageObject","inLanguage":"de","@id":"https:\/\/www.berghorizonte.de\/blog\/nepal-unser-trekking-urlaub-war-ein-traum\/#primaryimage","url":"https:\/\/www.berghorizonte.de\/blog\/wp-content\/uploads\/2020\/01\/Nepal-Traum-Trekking-Urlaub-im-Everest-Gebiet-1-1024x684-1.jpg","contentUrl":"https:\/\/www.berghorizonte.de\/blog\/wp-content\/uploads\/2020\/01\/Nepal-Traum-Trekking-Urlaub-im-Everest-Gebiet-1-1024x684-1.jpg","width":1024,"height":684,"caption":"Nepal Traum Trekking Urlaub im Everest Gebiet"},{"@type":"BreadcrumbList","@id":"https:\/\/www.berghorizonte.de\/blog\/nepal-unser-trekking-urlaub-war-ein-traum\/#breadcrumb","itemListElement":[{"@type":"ListItem","position":1,"name":"Home","item":"https:\/\/www.berghorizonte.de\/blog\/"},{"@type":"ListItem","position":2,"name":"Nepal: Unser Trekking Urlaub war ein Traum"}]},{"@type":"WebSite","@id":"https:\/\/www.berghorizonte.de\/blog\/#website","url":"https:\/\/www.berghorizonte.de\/blog\/","name":"Reiseblog","description":"Erfahrungen, G\u00e4stebuch und Feedbacks alles rund ums Reisen, Wandern, Trekking in Bhutan, Nepal, Peru, Myanmar...","publisher":{"@id":"https:\/\/www.berghorizonte.de\/blog\/#organization"},"potentialAction":[{"@type":"SearchAction","target":{"@type":"EntryPoint","urlTemplate":"https:\/\/www.berghorizonte.de\/blog\/?s={search_term_string}"},"query-input":{"@type":"PropertyValueSpecification","valueRequired":true,"valueName":"search_term_string"}}],"inLanguage":"de"},{"@type":"Organization","@id":"https:\/\/www.berghorizonte.de\/blog\/#organization","name":"berghorizonte","url":"https:\/\/www.berghorizonte.de\/blog\/","logo":{"@type":"ImageObject","inLanguage":"de","@id":"https:\/\/www.berghorizonte.de\/blog\/#\/schema\/logo\/image\/","url":"https:\/\/www.berghorizonte.de\/blog\/wp-content\/uploads\/2014\/11\/berghorizonte_logo_k.jpg","contentUrl":"https:\/\/www.berghorizonte.de\/blog\/wp-content\/uploads\/2014\/11\/berghorizonte_logo_k.jpg","width":425,"height":236,"caption":"berghorizonte"},"image":{"@id":"https:\/\/www.berghorizonte.de\/blog\/#\/schema\/logo\/image\/"}},{"@type":"Person","@id":"https:\/\/www.berghorizonte.de\/blog\/#\/schema\/person\/f2bccafdfb2ccdbd7b08e104f8f3f5f4","name":"G\u00e4stebuchbeitrag","image":{"@type":"ImageObject","inLanguage":"de","@id":"https:\/\/secure.gravatar.com\/avatar\/2f7ccc3d22d720ff556bf57349708a254825802eaef24c77c3f8936cd3048f39?s=96&d=mm&r=g","url":"https:\/\/secure.gravatar.com\/avatar\/2f7ccc3d22d720ff556bf57349708a254825802eaef24c77c3f8936cd3048f39?s=96&d=mm&r=g","contentUrl":"https:\/\/secure.gravatar.com\/avatar\/2f7ccc3d22d720ff556bf57349708a254825802eaef24c77c3f8936cd3048f39?s=96&d=mm&r=g","caption":"G\u00e4stebuchbeitrag"},"url":"https:\/\/www.berghorizonte.de\/blog\/author\/gast\/"}]}},"_links":{"self":[{"href":"https:\/\/www.berghorizonte.de\/blog\/wp-json\/wp\/v2\/posts\/4962","targetHints":{"allow":["GET"]}}],"collection":[{"href":"https:\/\/www.berghorizonte.de\/blog\/wp-json\/wp\/v2\/posts"}],"about":[{"href":"https:\/\/www.berghorizonte.de\/blog\/wp-json\/wp\/v2\/types\/post"}],"author":[{"embeddable":true,"href":"https:\/\/www.berghorizonte.de\/blog\/wp-json\/wp\/v2\/users\/5"}],"replies":[{"embeddable":true,"href":"https:\/\/www.berghorizonte.de\/blog\/wp-json\/wp\/v2\/comments?post=4962"}],"version-history":[{"count":15,"href":"https:\/\/www.berghorizonte.de\/blog\/wp-json\/wp\/v2\/posts\/4962\/revisions"}],"predecessor-version":[{"id":4979,"href":"https:\/\/www.berghorizonte.de\/blog\/wp-json\/wp\/v2\/posts\/4962\/revisions\/4979"}],"wp:featuredmedia":[{"embeddable":true,"href":"https:\/\/www.berghorizonte.de\/blog\/wp-json\/wp\/v2\/media\/4971"}],"wp:attachment":[{"href":"https:\/\/www.berghorizonte.de\/blog\/wp-json\/wp\/v2\/media?parent=4962"}],"wp:term":[{"taxonomy":"category","embeddable":true,"href":"https:\/\/www.berghorizonte.de\/blog\/wp-json\/wp\/v2\/categories?post=4962"},{"taxonomy":"post_tag","embeddable":true,"href":"https:\/\/www.berghorizonte.de\/blog\/wp-json\/wp\/v2\/tags?post=4962"}],"curies":[{"name":"wp","href":"https:\/\/api.w.org\/{rel}","templated":true}]}}