{"id":5147,"date":"2023-06-24T13:53:01","date_gmt":"2023-06-24T11:53:01","guid":{"rendered":"https:\/\/www.berghorizonte.de\/blog\/?p=5147"},"modified":"2023-11-10T19:34:32","modified_gmt":"2023-11-10T17:34:32","slug":"ostbhutan-unsere-bhutan-reise-mit-berghorizonte-durch-den-wilden-osten","status":"publish","type":"post","link":"https:\/\/www.berghorizonte.de\/blog\/ostbhutan-unsere-bhutan-reise-mit-berghorizonte-durch-den-wilden-osten\/","title":{"rendered":"Ostbhutan: Unsere Bhutan Reise mit berghorizonte durch den Wilden Osten"},"content":{"rendered":"<h2>Unsere Bhutan Reise mit berghorizonte durch den Wilden Osten<\/h2>\n<p>Liebes erghorizonte Team,<\/p>\n<p>Als wir 2019 von unserer ersten Bhutan-Reise zur\u00fcckkamen, gab es f\u00fcr uns nur eine Frage: Wie kommen wir so schnell wie m\u00f6glich zur\u00fcck nach Bhutan?<\/p>\n<p>Wir waren rund um zufrieden mit unserer Reise \u00fcber <a href=\"https:\/\/www.berghorizonte.de\/\">berghorizonte<\/a> und buchten ein Wiedersehen mit Bhutan f\u00fcr 2020. Durch die Pandemie verz\u00f6gerte sich unsere Reise um drei Jahre und wir waren \u00fcbergl\u00fccklich, dass wir sie nun antreten konnten.<br \/>\nBei unserem ersten Besuch erkundeten wir mit unserem Guide den Westen bis Punakha. Diesmal hatten wir einen Inlandsflug von Paro nach Trashigang und fuhren dann mit dem Auto einmal durchs Land zur\u00fcck nach Paro.<\/p>\n<h3>Ostbhutan ist viel urspr\u00fcnglicher und noch entschleunigter, als die Teile des Landes, die wir bei unserem ersten Besuch kennenlernen durften \u2013 mit viel Raum f\u00fcr Naturbegegnungen und atemberaubenden Landschaften.<\/h3>\n<p>Ein besonderes Highlight gleich am Anfang war der Besuch eines Klosterfestes in Trashigang (s. Foto). Lediglich sieben ausl\u00e4ndische Touristen standen mit hunderten Einheimischen dicht an dicht in einem kleinen Tempel-Innenhof, als die T\u00e4nzer einzeln den Platz betraten. Unvergesslich.<\/p>\n<p><a href=\"https:\/\/www.berghorizonte.de\/blog\/wp-content\/uploads\/2023\/06\/DSC_3369-scaled.jpg\"><img decoding=\"async\" class=\"aligncenter size-full wp-image-5152\" src=\"https:\/\/www.berghorizonte.de\/blog\/wp-content\/uploads\/2023\/06\/DSC_3369-scaled.jpg\" alt=\"\" width=\"2560\" height=\"1700\" srcset=\"https:\/\/www.berghorizonte.de\/blog\/wp-content\/uploads\/2023\/06\/DSC_3369-200x133.jpg 200w, https:\/\/www.berghorizonte.de\/blog\/wp-content\/uploads\/2023\/06\/DSC_3369-300x199.jpg 300w, https:\/\/www.berghorizonte.de\/blog\/wp-content\/uploads\/2023\/06\/DSC_3369-400x266.jpg 400w, https:\/\/www.berghorizonte.de\/blog\/wp-content\/uploads\/2023\/06\/DSC_3369-600x399.jpg 600w, https:\/\/www.berghorizonte.de\/blog\/wp-content\/uploads\/2023\/06\/DSC_3369-768x510.jpg 768w, https:\/\/www.berghorizonte.de\/blog\/wp-content\/uploads\/2023\/06\/DSC_3369-800x531.jpg 800w, https:\/\/www.berghorizonte.de\/blog\/wp-content\/uploads\/2023\/06\/DSC_3369-1024x680.jpg 1024w, https:\/\/www.berghorizonte.de\/blog\/wp-content\/uploads\/2023\/06\/DSC_3369-1200x797.jpg 1200w, https:\/\/www.berghorizonte.de\/blog\/wp-content\/uploads\/2023\/06\/DSC_3369-1536x1020.jpg 1536w, https:\/\/www.berghorizonte.de\/blog\/wp-content\/uploads\/2023\/06\/DSC_3369-scaled.jpg 2560w\" sizes=\"(max-width: 2560px) 100vw, 2560px\" \/><\/a><\/p>\n<p>Unser Guide Tashi besitzt ein breites Wissen \u00fcber Religion und Natur und konnte jede Vogelart benennen, die uns begegnet ist. Er ging vor Ort flexibel auf unsere W\u00fcnsche ein und meisterte jede schwierige Situation, (siehe versch\u00fcttete Stra\u00dfe). Er machte uns alles m\u00f6glich, was m\u00f6glich war. Wir a\u00dfen Mittag bei Einheimischen, tranken Tee mit M\u00f6nchen, besuchten abgelegene Bergkl\u00f6ster. Die Wanderungen waren vielf\u00e4ltig wie die Landschaften. Bei 40 Grad zwischen Kakteen und wildem Kurkuma, zwischen K\u00fchen und Schmetterlingen \u00fcber die Weiden und Wiesen oder 500 H\u00f6henmeter hinab durch einen Kiefernwald-Dschungel auf einem Trampelpfad, den nachts die Raubkatzen nutzen.<br \/>\nWir konnten zw\u00f6lfmal Affen (drei verschiedene Arten) beobachten, haben einen besonderen Pfau gesehen und streiften durch Tiger-Reviere. F\u00fcr mich war die zweimalige Sichtung eines Wei\u00dfbauchreihers ein emotionaler H\u00f6henpunkt. Von den Tieren gibt es vermutlich nur noch weniger als 300 Individuen auf der Welt.<\/p>\n<h3>Wichtig zu wissen: Eine Reise durch den Osten hat definitiv Abenteuercharakter.<\/h3>\n<p>Stellen Sie sich darauf ein, dass nicht immer alles nach Plan l\u00e4uft. Es gab fast jede Nacht heftige Regeng\u00fcsse, blieb tags\u00fcber aber trocken. Wir blieben zweimal mit dem Auto im Schlamm stecken, einmal war die Stra\u00dfe versch\u00fcttet. Wichtig ist, jeden Abend die Betten auf potenzielle Insekten zu kontrollieren, um unangenehme \u00dcberraschungen zu vermeiden.<\/p>\n<p>Bei einer Bhutan &#8211; Reise quer durchs Land muss man sich auch auf teilweise lange Autofahrten \u00fcber \u00e4u\u00dferst holprige Stra\u00dfen einstellen. Mittag und Abendessen sind schmackhaft, aber das Fr\u00fchst\u00fcck ist sehr eint\u00f6nig. Wer Reis, Toast mit Marmelade und R\u00fchrei nicht l\u00e4nger als eine Woche zum Fr\u00fchst\u00fcck ertragen kann, sollte sich definitiv Alternativen einpacken.<\/p>\n<p>Auf unserer Reise hatten wir auch eine Homestay-\u00dcbernachtung, durch die wir einen kleinen Einblick in das Leben auf einem Bauerhof bekamen. Wir a\u00dfen mit der Familie und schliefen auf d\u00fcnnen Matratzen auf dem Boden. Die Familie war sehr gastfreundlich. Wer ebenfalls eine Homestay-\u00dcbernachtung auf seiner Reise plant, sollte an kleine Gastgeschenke denken.<br \/>\nOhrst\u00f6psel sind grunds\u00e4tzlich in Bhutan unerl\u00e4sslich, denn die Hunde, die tags\u00fcber friedlich auf allen Pl\u00e4tzen und Stra\u00dfen schlafen, sind nachts nicht zu \u00fcberh\u00f6ren.<br \/>\nApropros Nacht: Die Temperaturunterschiede zwischen Tag und Nacht k\u00f6nnen durchaus gravierend sein. Darauf sollte man sich beim Kofferpacken einstellen. Hotelzimmer und Gastr\u00e4ume haben nur elektrische Heizk\u00f6rper.<\/p>\n<p>Alle unsere Erlebnisse aufzuz\u00e4hlen, w\u00fcrde den Rahmen dieses Blocks sprengen. Eine Bhutan-Reise bei berghorizonte lohnt sich in jedem Fall. Kompetente Beratung, komplette Planung der Reise inkl. der Visa f\u00fcr Bhutan und dabei wird flexibel auf jeden Wunsch eingegangen. Wir danken unserem Guide, Fahrer und dem berghorizonte-Team f\u00fcr die unvergessliche Reise.<\/p>\n\n\t\t<style type=\"text\/css\">\n\t\t\t#gallery-1 {\n\t\t\t\tmargin: auto;\n\t\t\t}\n\t\t\t#gallery-1 .gallery-item {\n\t\t\t\tfloat: left;\n\t\t\t\tmargin-top: 10px;\n\t\t\t\ttext-align: center;\n\t\t\t\twidth: 25%;\n\t\t\t}\n\t\t\t#gallery-1 img {\n\t\t\t\tborder: 2px solid #cfcfcf;\n\t\t\t}\n\t\t\t#gallery-1 .gallery-caption {\n\t\t\t\tmargin-left: 0;\n\t\t\t}\n\t\t\t\/* see gallery_shortcode() in wp-includes\/media.php *\/\n\t\t<\/style>\n\t\t<div id='gallery-1' class='gallery galleryid-5147 gallery-columns-4 gallery-size-large'><dl class='gallery-item'>\n\t\t\t<dt class='gallery-icon landscape'>\n\t\t\t\t<a data-rel=\"iLightbox[postimages]\" data-title=\"Bhutan mit berghorizonte\" data-caption=\"Punakha Dzong\" href='https:\/\/www.berghorizonte.de\/blog\/wp-content\/uploads\/2023\/06\/DSC_3914-2-scaled.jpg'><img decoding=\"async\" width=\"1024\" height=\"680\" src=\"https:\/\/www.berghorizonte.de\/blog\/wp-content\/uploads\/2023\/06\/DSC_3914-2-1024x680.jpg\" class=\"attachment-large size-large\" alt=\"\" aria-describedby=\"gallery-1-5158\" srcset=\"https:\/\/www.berghorizonte.de\/blog\/wp-content\/uploads\/2023\/06\/DSC_3914-2-200x133.jpg 200w, https:\/\/www.berghorizonte.de\/blog\/wp-content\/uploads\/2023\/06\/DSC_3914-2-300x199.jpg 300w, https:\/\/www.berghorizonte.de\/blog\/wp-content\/uploads\/2023\/06\/DSC_3914-2-400x266.jpg 400w, https:\/\/www.berghorizonte.de\/blog\/wp-content\/uploads\/2023\/06\/DSC_3914-2-600x399.jpg 600w, https:\/\/www.berghorizonte.de\/blog\/wp-content\/uploads\/2023\/06\/DSC_3914-2-768x510.jpg 768w, https:\/\/www.berghorizonte.de\/blog\/wp-content\/uploads\/2023\/06\/DSC_3914-2-800x531.jpg 800w, https:\/\/www.berghorizonte.de\/blog\/wp-content\/uploads\/2023\/06\/DSC_3914-2-1024x680.jpg 1024w, https:\/\/www.berghorizonte.de\/blog\/wp-content\/uploads\/2023\/06\/DSC_3914-2-1200x797.jpg 1200w, https:\/\/www.berghorizonte.de\/blog\/wp-content\/uploads\/2023\/06\/DSC_3914-2-1536x1020.jpg 1536w\" sizes=\"(max-width: 1024px) 100vw, 1024px\" \/><\/a>\n\t\t\t<\/dt>\n\t\t\t\t<dd class='wp-caption-text gallery-caption' id='gallery-1-5158'>\n\t\t\t\tPunakha Dzong\n\t\t\t\t<\/dd><\/dl><dl class='gallery-item'>\n\t\t\t<dt class='gallery-icon landscape'>\n\t\t\t\t<a data-rel=\"iLightbox[postimages]\" data-title=\"P1020879\" data-caption=\"Yaks in Ostbhutan\" href='https:\/\/www.berghorizonte.de\/blog\/wp-content\/uploads\/2023\/06\/P1020879-scaled.jpg'><img decoding=\"async\" width=\"1024\" height=\"768\" src=\"https:\/\/www.berghorizonte.de\/blog\/wp-content\/uploads\/2023\/06\/P1020879-1024x768.jpg\" class=\"attachment-large size-large\" alt=\"\" aria-describedby=\"gallery-1-5159\" srcset=\"https:\/\/www.berghorizonte.de\/blog\/wp-content\/uploads\/2023\/06\/P1020879-200x150.jpg 200w, https:\/\/www.berghorizonte.de\/blog\/wp-content\/uploads\/2023\/06\/P1020879-300x225.jpg 300w, https:\/\/www.berghorizonte.de\/blog\/wp-content\/uploads\/2023\/06\/P1020879-400x300.jpg 400w, https:\/\/www.berghorizonte.de\/blog\/wp-content\/uploads\/2023\/06\/P1020879-600x450.jpg 600w, https:\/\/www.berghorizonte.de\/blog\/wp-content\/uploads\/2023\/06\/P1020879-768x576.jpg 768w, https:\/\/www.berghorizonte.de\/blog\/wp-content\/uploads\/2023\/06\/P1020879-800x600.jpg 800w, https:\/\/www.berghorizonte.de\/blog\/wp-content\/uploads\/2023\/06\/P1020879-1024x768.jpg 1024w, https:\/\/www.berghorizonte.de\/blog\/wp-content\/uploads\/2023\/06\/P1020879-1200x900.jpg 1200w, https:\/\/www.berghorizonte.de\/blog\/wp-content\/uploads\/2023\/06\/P1020879-1536x1152.jpg 1536w\" sizes=\"(max-width: 1024px) 100vw, 1024px\" \/><\/a>\n\t\t\t<\/dt>\n\t\t\t\t<dd class='wp-caption-text gallery-caption' id='gallery-1-5159'>\n\t\t\t\tYaks in Ostbhutan\n\t\t\t\t<\/dd><\/dl><dl class='gallery-item'>\n\t\t\t<dt class='gallery-icon landscape'>\n\t\t\t\t<a data-rel=\"iLightbox[postimages]\" data-title=\"Tag 15 Affe 3\" data-caption=\"Affen in Bhutan \" href='https:\/\/www.berghorizonte.de\/blog\/wp-content\/uploads\/2023\/06\/Tag-15-Affe-3-scaled.jpg'><img decoding=\"async\" width=\"1024\" height=\"768\" src=\"https:\/\/www.berghorizonte.de\/blog\/wp-content\/uploads\/2023\/06\/Tag-15-Affe-3-1024x768.jpg\" class=\"attachment-large size-large\" alt=\"\" aria-describedby=\"gallery-1-5160\" srcset=\"https:\/\/www.berghorizonte.de\/blog\/wp-content\/uploads\/2023\/06\/Tag-15-Affe-3-200x150.jpg 200w, https:\/\/www.berghorizonte.de\/blog\/wp-content\/uploads\/2023\/06\/Tag-15-Affe-3-300x225.jpg 300w, https:\/\/www.berghorizonte.de\/blog\/wp-content\/uploads\/2023\/06\/Tag-15-Affe-3-400x300.jpg 400w, https:\/\/www.berghorizonte.de\/blog\/wp-content\/uploads\/2023\/06\/Tag-15-Affe-3-600x450.jpg 600w, https:\/\/www.berghorizonte.de\/blog\/wp-content\/uploads\/2023\/06\/Tag-15-Affe-3-768x576.jpg 768w, https:\/\/www.berghorizonte.de\/blog\/wp-content\/uploads\/2023\/06\/Tag-15-Affe-3-800x600.jpg 800w, https:\/\/www.berghorizonte.de\/blog\/wp-content\/uploads\/2023\/06\/Tag-15-Affe-3-1024x768.jpg 1024w, https:\/\/www.berghorizonte.de\/blog\/wp-content\/uploads\/2023\/06\/Tag-15-Affe-3-1200x900.jpg 1200w, https:\/\/www.berghorizonte.de\/blog\/wp-content\/uploads\/2023\/06\/Tag-15-Affe-3-1536x1152.jpg 1536w\" sizes=\"(max-width: 1024px) 100vw, 1024px\" \/><\/a>\n\t\t\t<\/dt>\n\t\t\t\t<dd class='wp-caption-text gallery-caption' id='gallery-1-5160'>\n\t\t\t\tAffen in Bhutan \n\t\t\t\t<\/dd><\/dl><dl class='gallery-item'>\n\t\t\t<dt class='gallery-icon landscape'>\n\t\t\t\t<a data-rel=\"iLightbox[postimages]\" data-title=\"Wei\u00dfbauchreiher in Bhutan\" data-caption=\"Wei\u00dfbauchreiher in Bhutan\" href='https:\/\/www.berghorizonte.de\/blog\/wp-content\/uploads\/2023\/06\/DSC_3944-2.jpg'><img decoding=\"async\" width=\"728\" height=\"483\" src=\"https:\/\/www.berghorizonte.de\/blog\/wp-content\/uploads\/2023\/06\/DSC_3944-2.jpg\" class=\"attachment-large size-large\" alt=\"Wei\u00dfbauchreiher\" aria-describedby=\"gallery-1-5156\" srcset=\"https:\/\/www.berghorizonte.de\/blog\/wp-content\/uploads\/2023\/06\/DSC_3944-2-200x133.jpg 200w, https:\/\/www.berghorizonte.de\/blog\/wp-content\/uploads\/2023\/06\/DSC_3944-2-300x199.jpg 300w, https:\/\/www.berghorizonte.de\/blog\/wp-content\/uploads\/2023\/06\/DSC_3944-2-400x265.jpg 400w, https:\/\/www.berghorizonte.de\/blog\/wp-content\/uploads\/2023\/06\/DSC_3944-2-600x398.jpg 600w, https:\/\/www.berghorizonte.de\/blog\/wp-content\/uploads\/2023\/06\/DSC_3944-2.jpg 728w\" sizes=\"(max-width: 728px) 100vw, 728px\" \/><\/a>\n\t\t\t<\/dt>\n\t\t\t\t<dd class='wp-caption-text gallery-caption' id='gallery-1-5156'>\n\t\t\t\tWei\u00dfbauchreiher in Bhutan\n\t\t\t\t<\/dd><\/dl><br style=\"clear: both\" \/>\n\t\t<\/div>\n\n","protected":false},"excerpt":{"rendered":"<p>Wir waren rund um zufrieden mit unserer Reise \u00fcber berghorizonte und buchten ein Wiedersehen mit Bhutan f\u00fcr 2020. Durch die Pandemie verz\u00f6gerte sich unsere Reise um drei Jahre und wir waren \u00fcbergl\u00fccklich, dass wir sie nun antreten konnten.<br \/>\nBei unserem ersten Besuch erkundeten wir mit unserem Guide den Westen bis Punakha. Diesmal hatten wir einen Inlandsflug von Paro nach Trashigang und fuhren dann mit dem Auto einmal durchs Land zur\u00fcck nach Paro.<\/p>\n","protected":false},"author":5,"featured_media":5158,"comment_status":"closed","ping_status":"open","sticky":false,"template":"","format":"standard","meta":{"footnotes":""},"categories":[5,6],"tags":[19,62,150,180,75,85,35,32,31,99,96,45],"class_list":["post-5147","post","type-post","status-publish","format-standard","has-post-thumbnail","hentry","category-gastebuch-2","category-nepal","tag-bhutan","tag-bhutan-bewertung","tag-bhutan-durchquerung","tag-bhutan-erlebnisbericht","tag-bhutan-feedback","tag-bhutan-gastebuch","tag-bhutan-reise","tag-bhutan-reisebericht","tag-bhutan-reisen","tag-bhutan-reisen-trekking","tag-bhutanreise","tag-bumthang"],"yoast_head":"<!-- This site is optimized with the Yoast SEO plugin v27.4 - https:\/\/yoast.com\/product\/yoast-seo-wordpress\/ -->\n<title>Unsere Bhutan Reise mit berghorizonte durch Ostbhutan<\/title>\n<meta name=\"description\" content=\"Unsere Bhutan Reise mt berghorizonte durch den Wilden Osten. Wir waren rund um zufrieden mit unserer Reise \u00fcber berghorizonte in Ostbhutan\" \/>\n<meta name=\"robots\" content=\"index, follow, max-snippet:-1, max-image-preview:large, max-video-preview:-1\" \/>\n<link rel=\"canonical\" href=\"https:\/\/www.berghorizonte.de\/blog\/ostbhutan-unsere-bhutan-reise-mit-berghorizonte-durch-den-wilden-osten\/\" \/>\n<meta property=\"og:locale\" content=\"de_DE\" \/>\n<meta property=\"og:type\" content=\"article\" \/>\n<meta property=\"og:title\" content=\"Unsere Bhutan Reise mit berghorizonte durch Ostbhutan\" \/>\n<meta property=\"og:description\" content=\"Unsere Bhutan Reise mt berghorizonte durch den Wilden Osten. Wir waren rund um zufrieden mit unserer Reise \u00fcber berghorizonte in Ostbhutan\" \/>\n<meta property=\"og:url\" content=\"https:\/\/www.berghorizonte.de\/blog\/ostbhutan-unsere-bhutan-reise-mit-berghorizonte-durch-den-wilden-osten\/\" \/>\n<meta property=\"og:site_name\" content=\"Reiseblog\" \/>\n<meta property=\"article:published_time\" content=\"2023-06-24T11:53:01+00:00\" \/>\n<meta property=\"article:modified_time\" content=\"2023-11-10T17:34:32+00:00\" \/>\n<meta property=\"og:image\" content=\"https:\/\/www.berghorizonte.de\/blog\/wp-content\/uploads\/2023\/06\/DSC_3914-2-1024x680.jpg\" \/>\n\t<meta property=\"og:image:width\" content=\"1024\" \/>\n\t<meta property=\"og:image:height\" content=\"680\" \/>\n\t<meta property=\"og:image:type\" content=\"image\/jpeg\" \/>\n<meta name=\"author\" content=\"G\u00e4stebuchbeitrag\" \/>\n<meta name=\"twitter:label1\" content=\"Verfasst von\" \/>\n\t<meta name=\"twitter:data1\" content=\"G\u00e4stebuchbeitrag\" \/>\n\t<meta name=\"twitter:label2\" content=\"Gesch\u00e4tzte Lesezeit\" \/>\n\t<meta name=\"twitter:data2\" content=\"3\u00a0Minuten\" \/>\n<script type=\"application\/ld+json\" class=\"yoast-schema-graph\">{\"@context\":\"https:\\\/\\\/schema.org\",\"@graph\":[{\"@type\":\"Article\",\"@id\":\"https:\\\/\\\/www.berghorizonte.de\\\/blog\\\/ostbhutan-unsere-bhutan-reise-mit-berghorizonte-durch-den-wilden-osten\\\/#article\",\"isPartOf\":{\"@id\":\"https:\\\/\\\/www.berghorizonte.de\\\/blog\\\/ostbhutan-unsere-bhutan-reise-mit-berghorizonte-durch-den-wilden-osten\\\/\"},\"author\":{\"name\":\"G\u00e4stebuchbeitrag\",\"@id\":\"https:\\\/\\\/www.berghorizonte.de\\\/blog\\\/#\\\/schema\\\/person\\\/f2bccafdfb2ccdbd7b08e104f8f3f5f4\"},\"headline\":\"Ostbhutan: Unsere Bhutan Reise mit berghorizonte durch den Wilden Osten\",\"datePublished\":\"2023-06-24T11:53:01+00:00\",\"dateModified\":\"2023-11-10T17:34:32+00:00\",\"mainEntityOfPage\":{\"@id\":\"https:\\\/\\\/www.berghorizonte.de\\\/blog\\\/ostbhutan-unsere-bhutan-reise-mit-berghorizonte-durch-den-wilden-osten\\\/\"},\"wordCount\":653,\"publisher\":{\"@id\":\"https:\\\/\\\/www.berghorizonte.de\\\/blog\\\/#organization\"},\"image\":{\"@id\":\"https:\\\/\\\/www.berghorizonte.de\\\/blog\\\/ostbhutan-unsere-bhutan-reise-mit-berghorizonte-durch-den-wilden-osten\\\/#primaryimage\"},\"thumbnailUrl\":\"https:\\\/\\\/www.berghorizonte.de\\\/blog\\\/wp-content\\\/uploads\\\/2023\\\/06\\\/DSC_3914-2-scaled.jpg\",\"keywords\":[\"Bhutan\",\"Bhutan Bewertung\",\"Bhutan Durchquerung\",\"Bhutan Erlebnisbericht\",\"Bhutan Feedback\",\"Bhutan G\u00e4stebuch\",\"Bhutan Reise\",\"Bhutan Reisebericht\",\"Bhutan Reisen\",\"Bhutan Reisen &amp; Trekking\",\"Bhutanreise\",\"Bumthang\"],\"articleSection\":[\"G\u00e4stebuch\",\"Reiseberichte &amp; News\"],\"inLanguage\":\"de\"},{\"@type\":\"WebPage\",\"@id\":\"https:\\\/\\\/www.berghorizonte.de\\\/blog\\\/ostbhutan-unsere-bhutan-reise-mit-berghorizonte-durch-den-wilden-osten\\\/\",\"url\":\"https:\\\/\\\/www.berghorizonte.de\\\/blog\\\/ostbhutan-unsere-bhutan-reise-mit-berghorizonte-durch-den-wilden-osten\\\/\",\"name\":\"Unsere Bhutan Reise mit berghorizonte durch Ostbhutan\",\"isPartOf\":{\"@id\":\"https:\\\/\\\/www.berghorizonte.de\\\/blog\\\/#website\"},\"primaryImageOfPage\":{\"@id\":\"https:\\\/\\\/www.berghorizonte.de\\\/blog\\\/ostbhutan-unsere-bhutan-reise-mit-berghorizonte-durch-den-wilden-osten\\\/#primaryimage\"},\"image\":{\"@id\":\"https:\\\/\\\/www.berghorizonte.de\\\/blog\\\/ostbhutan-unsere-bhutan-reise-mit-berghorizonte-durch-den-wilden-osten\\\/#primaryimage\"},\"thumbnailUrl\":\"https:\\\/\\\/www.berghorizonte.de\\\/blog\\\/wp-content\\\/uploads\\\/2023\\\/06\\\/DSC_3914-2-scaled.jpg\",\"datePublished\":\"2023-06-24T11:53:01+00:00\",\"dateModified\":\"2023-11-10T17:34:32+00:00\",\"description\":\"Unsere Bhutan Reise mt berghorizonte durch den Wilden Osten. Wir waren rund um zufrieden mit unserer Reise \u00fcber berghorizonte in Ostbhutan\",\"breadcrumb\":{\"@id\":\"https:\\\/\\\/www.berghorizonte.de\\\/blog\\\/ostbhutan-unsere-bhutan-reise-mit-berghorizonte-durch-den-wilden-osten\\\/#breadcrumb\"},\"inLanguage\":\"de\",\"potentialAction\":[{\"@type\":\"ReadAction\",\"target\":[\"https:\\\/\\\/www.berghorizonte.de\\\/blog\\\/ostbhutan-unsere-bhutan-reise-mit-berghorizonte-durch-den-wilden-osten\\\/\"]}]},{\"@type\":\"ImageObject\",\"inLanguage\":\"de\",\"@id\":\"https:\\\/\\\/www.berghorizonte.de\\\/blog\\\/ostbhutan-unsere-bhutan-reise-mit-berghorizonte-durch-den-wilden-osten\\\/#primaryimage\",\"url\":\"https:\\\/\\\/www.berghorizonte.de\\\/blog\\\/wp-content\\\/uploads\\\/2023\\\/06\\\/DSC_3914-2-scaled.jpg\",\"contentUrl\":\"https:\\\/\\\/www.berghorizonte.de\\\/blog\\\/wp-content\\\/uploads\\\/2023\\\/06\\\/DSC_3914-2-scaled.jpg\",\"width\":2560,\"height\":1701,\"caption\":\"Punakha Dzong\"},{\"@type\":\"BreadcrumbList\",\"@id\":\"https:\\\/\\\/www.berghorizonte.de\\\/blog\\\/ostbhutan-unsere-bhutan-reise-mit-berghorizonte-durch-den-wilden-osten\\\/#breadcrumb\",\"itemListElement\":[{\"@type\":\"ListItem\",\"position\":1,\"name\":\"Home\",\"item\":\"https:\\\/\\\/www.berghorizonte.de\\\/blog\\\/\"},{\"@type\":\"ListItem\",\"position\":2,\"name\":\"Ostbhutan: Unsere Bhutan Reise mit berghorizonte durch den Wilden Osten\"}]},{\"@type\":\"WebSite\",\"@id\":\"https:\\\/\\\/www.berghorizonte.de\\\/blog\\\/#website\",\"url\":\"https:\\\/\\\/www.berghorizonte.de\\\/blog\\\/\",\"name\":\"Reiseblog\",\"description\":\"Erfahrungen, G\u00e4stebuch und Feedbacks alles rund ums Reisen, Wandern, Trekking in Bhutan, Nepal, Peru, Myanmar...\",\"publisher\":{\"@id\":\"https:\\\/\\\/www.berghorizonte.de\\\/blog\\\/#organization\"},\"potentialAction\":[{\"@type\":\"SearchAction\",\"target\":{\"@type\":\"EntryPoint\",\"urlTemplate\":\"https:\\\/\\\/www.berghorizonte.de\\\/blog\\\/?s={search_term_string}\"},\"query-input\":{\"@type\":\"PropertyValueSpecification\",\"valueRequired\":true,\"valueName\":\"search_term_string\"}}],\"inLanguage\":\"de\"},{\"@type\":\"Organization\",\"@id\":\"https:\\\/\\\/www.berghorizonte.de\\\/blog\\\/#organization\",\"name\":\"berghorizonte\",\"url\":\"https:\\\/\\\/www.berghorizonte.de\\\/blog\\\/\",\"logo\":{\"@type\":\"ImageObject\",\"inLanguage\":\"de\",\"@id\":\"https:\\\/\\\/www.berghorizonte.de\\\/blog\\\/#\\\/schema\\\/logo\\\/image\\\/\",\"url\":\"https:\\\/\\\/www.berghorizonte.de\\\/blog\\\/wp-content\\\/uploads\\\/2014\\\/11\\\/berghorizonte_logo_k.jpg\",\"contentUrl\":\"https:\\\/\\\/www.berghorizonte.de\\\/blog\\\/wp-content\\\/uploads\\\/2014\\\/11\\\/berghorizonte_logo_k.jpg\",\"width\":425,\"height\":236,\"caption\":\"berghorizonte\"},\"image\":{\"@id\":\"https:\\\/\\\/www.berghorizonte.de\\\/blog\\\/#\\\/schema\\\/logo\\\/image\\\/\"}},{\"@type\":\"Person\",\"@id\":\"https:\\\/\\\/www.berghorizonte.de\\\/blog\\\/#\\\/schema\\\/person\\\/f2bccafdfb2ccdbd7b08e104f8f3f5f4\",\"name\":\"G\u00e4stebuchbeitrag\",\"image\":{\"@type\":\"ImageObject\",\"inLanguage\":\"de\",\"@id\":\"https:\\\/\\\/secure.gravatar.com\\\/avatar\\\/2f7ccc3d22d720ff556bf57349708a254825802eaef24c77c3f8936cd3048f39?s=96&d=mm&r=g\",\"url\":\"https:\\\/\\\/secure.gravatar.com\\\/avatar\\\/2f7ccc3d22d720ff556bf57349708a254825802eaef24c77c3f8936cd3048f39?s=96&d=mm&r=g\",\"contentUrl\":\"https:\\\/\\\/secure.gravatar.com\\\/avatar\\\/2f7ccc3d22d720ff556bf57349708a254825802eaef24c77c3f8936cd3048f39?s=96&d=mm&r=g\",\"caption\":\"G\u00e4stebuchbeitrag\"},\"url\":\"https:\\\/\\\/www.berghorizonte.de\\\/blog\\\/author\\\/gast\\\/\"}]}<\/script>\n<!-- \/ Yoast SEO plugin. -->","yoast_head_json":{"title":"Unsere Bhutan Reise mit berghorizonte durch Ostbhutan","description":"Unsere Bhutan Reise mt berghorizonte durch den Wilden Osten. Wir waren rund um zufrieden mit unserer Reise \u00fcber berghorizonte in Ostbhutan","robots":{"index":"index","follow":"follow","max-snippet":"max-snippet:-1","max-image-preview":"max-image-preview:large","max-video-preview":"max-video-preview:-1"},"canonical":"https:\/\/www.berghorizonte.de\/blog\/ostbhutan-unsere-bhutan-reise-mit-berghorizonte-durch-den-wilden-osten\/","og_locale":"de_DE","og_type":"article","og_title":"Unsere Bhutan Reise mit berghorizonte durch Ostbhutan","og_description":"Unsere Bhutan Reise mt berghorizonte durch den Wilden Osten. Wir waren rund um zufrieden mit unserer Reise \u00fcber berghorizonte in Ostbhutan","og_url":"https:\/\/www.berghorizonte.de\/blog\/ostbhutan-unsere-bhutan-reise-mit-berghorizonte-durch-den-wilden-osten\/","og_site_name":"Reiseblog","article_published_time":"2023-06-24T11:53:01+00:00","article_modified_time":"2023-11-10T17:34:32+00:00","og_image":[{"width":1024,"height":680,"url":"https:\/\/www.berghorizonte.de\/blog\/wp-content\/uploads\/2023\/06\/DSC_3914-2-1024x680.jpg","type":"image\/jpeg"}],"author":"G\u00e4stebuchbeitrag","twitter_misc":{"Verfasst von":"G\u00e4stebuchbeitrag","Gesch\u00e4tzte Lesezeit":"3\u00a0Minuten"},"schema":{"@context":"https:\/\/schema.org","@graph":[{"@type":"Article","@id":"https:\/\/www.berghorizonte.de\/blog\/ostbhutan-unsere-bhutan-reise-mit-berghorizonte-durch-den-wilden-osten\/#article","isPartOf":{"@id":"https:\/\/www.berghorizonte.de\/blog\/ostbhutan-unsere-bhutan-reise-mit-berghorizonte-durch-den-wilden-osten\/"},"author":{"name":"G\u00e4stebuchbeitrag","@id":"https:\/\/www.berghorizonte.de\/blog\/#\/schema\/person\/f2bccafdfb2ccdbd7b08e104f8f3f5f4"},"headline":"Ostbhutan: Unsere Bhutan Reise mit berghorizonte durch den Wilden Osten","datePublished":"2023-06-24T11:53:01+00:00","dateModified":"2023-11-10T17:34:32+00:00","mainEntityOfPage":{"@id":"https:\/\/www.berghorizonte.de\/blog\/ostbhutan-unsere-bhutan-reise-mit-berghorizonte-durch-den-wilden-osten\/"},"wordCount":653,"publisher":{"@id":"https:\/\/www.berghorizonte.de\/blog\/#organization"},"image":{"@id":"https:\/\/www.berghorizonte.de\/blog\/ostbhutan-unsere-bhutan-reise-mit-berghorizonte-durch-den-wilden-osten\/#primaryimage"},"thumbnailUrl":"https:\/\/www.berghorizonte.de\/blog\/wp-content\/uploads\/2023\/06\/DSC_3914-2-scaled.jpg","keywords":["Bhutan","Bhutan Bewertung","Bhutan Durchquerung","Bhutan Erlebnisbericht","Bhutan Feedback","Bhutan G\u00e4stebuch","Bhutan Reise","Bhutan Reisebericht","Bhutan Reisen","Bhutan Reisen &amp; Trekking","Bhutanreise","Bumthang"],"articleSection":["G\u00e4stebuch","Reiseberichte &amp; News"],"inLanguage":"de"},{"@type":"WebPage","@id":"https:\/\/www.berghorizonte.de\/blog\/ostbhutan-unsere-bhutan-reise-mit-berghorizonte-durch-den-wilden-osten\/","url":"https:\/\/www.berghorizonte.de\/blog\/ostbhutan-unsere-bhutan-reise-mit-berghorizonte-durch-den-wilden-osten\/","name":"Unsere Bhutan Reise mit berghorizonte durch Ostbhutan","isPartOf":{"@id":"https:\/\/www.berghorizonte.de\/blog\/#website"},"primaryImageOfPage":{"@id":"https:\/\/www.berghorizonte.de\/blog\/ostbhutan-unsere-bhutan-reise-mit-berghorizonte-durch-den-wilden-osten\/#primaryimage"},"image":{"@id":"https:\/\/www.berghorizonte.de\/blog\/ostbhutan-unsere-bhutan-reise-mit-berghorizonte-durch-den-wilden-osten\/#primaryimage"},"thumbnailUrl":"https:\/\/www.berghorizonte.de\/blog\/wp-content\/uploads\/2023\/06\/DSC_3914-2-scaled.jpg","datePublished":"2023-06-24T11:53:01+00:00","dateModified":"2023-11-10T17:34:32+00:00","description":"Unsere Bhutan Reise mt berghorizonte durch den Wilden Osten. Wir waren rund um zufrieden mit unserer Reise \u00fcber berghorizonte in Ostbhutan","breadcrumb":{"@id":"https:\/\/www.berghorizonte.de\/blog\/ostbhutan-unsere-bhutan-reise-mit-berghorizonte-durch-den-wilden-osten\/#breadcrumb"},"inLanguage":"de","potentialAction":[{"@type":"ReadAction","target":["https:\/\/www.berghorizonte.de\/blog\/ostbhutan-unsere-bhutan-reise-mit-berghorizonte-durch-den-wilden-osten\/"]}]},{"@type":"ImageObject","inLanguage":"de","@id":"https:\/\/www.berghorizonte.de\/blog\/ostbhutan-unsere-bhutan-reise-mit-berghorizonte-durch-den-wilden-osten\/#primaryimage","url":"https:\/\/www.berghorizonte.de\/blog\/wp-content\/uploads\/2023\/06\/DSC_3914-2-scaled.jpg","contentUrl":"https:\/\/www.berghorizonte.de\/blog\/wp-content\/uploads\/2023\/06\/DSC_3914-2-scaled.jpg","width":2560,"height":1701,"caption":"Punakha Dzong"},{"@type":"BreadcrumbList","@id":"https:\/\/www.berghorizonte.de\/blog\/ostbhutan-unsere-bhutan-reise-mit-berghorizonte-durch-den-wilden-osten\/#breadcrumb","itemListElement":[{"@type":"ListItem","position":1,"name":"Home","item":"https:\/\/www.berghorizonte.de\/blog\/"},{"@type":"ListItem","position":2,"name":"Ostbhutan: Unsere Bhutan Reise mit berghorizonte durch den Wilden Osten"}]},{"@type":"WebSite","@id":"https:\/\/www.berghorizonte.de\/blog\/#website","url":"https:\/\/www.berghorizonte.de\/blog\/","name":"Reiseblog","description":"Erfahrungen, G\u00e4stebuch und Feedbacks alles rund ums Reisen, Wandern, Trekking in Bhutan, Nepal, Peru, Myanmar...","publisher":{"@id":"https:\/\/www.berghorizonte.de\/blog\/#organization"},"potentialAction":[{"@type":"SearchAction","target":{"@type":"EntryPoint","urlTemplate":"https:\/\/www.berghorizonte.de\/blog\/?s={search_term_string}"},"query-input":{"@type":"PropertyValueSpecification","valueRequired":true,"valueName":"search_term_string"}}],"inLanguage":"de"},{"@type":"Organization","@id":"https:\/\/www.berghorizonte.de\/blog\/#organization","name":"berghorizonte","url":"https:\/\/www.berghorizonte.de\/blog\/","logo":{"@type":"ImageObject","inLanguage":"de","@id":"https:\/\/www.berghorizonte.de\/blog\/#\/schema\/logo\/image\/","url":"https:\/\/www.berghorizonte.de\/blog\/wp-content\/uploads\/2014\/11\/berghorizonte_logo_k.jpg","contentUrl":"https:\/\/www.berghorizonte.de\/blog\/wp-content\/uploads\/2014\/11\/berghorizonte_logo_k.jpg","width":425,"height":236,"caption":"berghorizonte"},"image":{"@id":"https:\/\/www.berghorizonte.de\/blog\/#\/schema\/logo\/image\/"}},{"@type":"Person","@id":"https:\/\/www.berghorizonte.de\/blog\/#\/schema\/person\/f2bccafdfb2ccdbd7b08e104f8f3f5f4","name":"G\u00e4stebuchbeitrag","image":{"@type":"ImageObject","inLanguage":"de","@id":"https:\/\/secure.gravatar.com\/avatar\/2f7ccc3d22d720ff556bf57349708a254825802eaef24c77c3f8936cd3048f39?s=96&d=mm&r=g","url":"https:\/\/secure.gravatar.com\/avatar\/2f7ccc3d22d720ff556bf57349708a254825802eaef24c77c3f8936cd3048f39?s=96&d=mm&r=g","contentUrl":"https:\/\/secure.gravatar.com\/avatar\/2f7ccc3d22d720ff556bf57349708a254825802eaef24c77c3f8936cd3048f39?s=96&d=mm&r=g","caption":"G\u00e4stebuchbeitrag"},"url":"https:\/\/www.berghorizonte.de\/blog\/author\/gast\/"}]}},"_links":{"self":[{"href":"https:\/\/www.berghorizonte.de\/blog\/wp-json\/wp\/v2\/posts\/5147","targetHints":{"allow":["GET"]}}],"collection":[{"href":"https:\/\/www.berghorizonte.de\/blog\/wp-json\/wp\/v2\/posts"}],"about":[{"href":"https:\/\/www.berghorizonte.de\/blog\/wp-json\/wp\/v2\/types\/post"}],"author":[{"embeddable":true,"href":"https:\/\/www.berghorizonte.de\/blog\/wp-json\/wp\/v2\/users\/5"}],"replies":[{"embeddable":true,"href":"https:\/\/www.berghorizonte.de\/blog\/wp-json\/wp\/v2\/comments?post=5147"}],"version-history":[{"count":13,"href":"https:\/\/www.berghorizonte.de\/blog\/wp-json\/wp\/v2\/posts\/5147\/revisions"}],"predecessor-version":[{"id":5170,"href":"https:\/\/www.berghorizonte.de\/blog\/wp-json\/wp\/v2\/posts\/5147\/revisions\/5170"}],"wp:featuredmedia":[{"embeddable":true,"href":"https:\/\/www.berghorizonte.de\/blog\/wp-json\/wp\/v2\/media\/5158"}],"wp:attachment":[{"href":"https:\/\/www.berghorizonte.de\/blog\/wp-json\/wp\/v2\/media?parent=5147"}],"wp:term":[{"taxonomy":"category","embeddable":true,"href":"https:\/\/www.berghorizonte.de\/blog\/wp-json\/wp\/v2\/categories?post=5147"},{"taxonomy":"post_tag","embeddable":true,"href":"https:\/\/www.berghorizonte.de\/blog\/wp-json\/wp\/v2\/tags?post=5147"}],"curies":[{"name":"wp","href":"https:\/\/api.w.org\/{rel}","templated":true}]}}