{"id":5201,"date":"2023-09-05T19:29:18","date_gmt":"2023-09-05T17:29:18","guid":{"rendered":"https:\/\/www.berghorizonte.de\/blog\/?p=5201"},"modified":"2023-11-10T19:33:26","modified_gmt":"2023-11-10T17:33:26","slug":"unsere-bhutan-reise","status":"publish","type":"post","link":"https:\/\/www.berghorizonte.de\/blog\/unsere-bhutan-reise\/","title":{"rendered":"Unsere Bhutan Reise"},"content":{"rendered":"<p>Liebe Frau Sedlatzek, lieber Herr Schubert,<\/p>\n<p>Unsere Bhutan Reise mit Ihnen war wieder einmal ein unvergessliches Abenteuer. Obwohl wir bereits einige Wochen zur\u00fcck sind, verweilen unsere Gedanken noch immer in diesem faszinierenden Land. Von dem atemberaubenden Anflug auf Paro bis hin zum Panorama-R\u00fcckflug entlang des majest\u00e4tischen Himalayas war unsere Reise von einem H\u00f6hepunkt zum n\u00e4chsten gespickt. Die Organisation war tadellos, und die Auswahl der Unterk\u00fcnfte lie\u00df keine W\u00fcnsche offen.<\/p>\n<p>Wie vorab angek\u00fcndigt, empfing uns unser Guide bei unserer Ankunft. Sonam, ein junger, charismatischer Mann, beherrschte nicht nur hervorragend Englisch, sondern schien auch unsere Gedanken lesen zu k\u00f6nnen. Mit ihm hatten wir auf unserer Tour eine Menge Spa\u00df. Unser Fahrer, ein leidenschaftlicher Bogensch\u00fctze und ehemaliger professioneller Tempelt\u00e4nzer, der sogar vor dem Dalai Lama auftrat und ein tiefgl\u00e4ubiger Buddhist ist, vervollkommnete unser Team. Die beiden erg\u00e4nzten sich perfekt und erm\u00f6glichten uns tiefgehende Einblicke in das Leben, die Familien, die Kultur und das Land. Selbst auf der abenteuerlichen Fahrt von Punakha bis Bumthang f\u00fchlten wir uns stets sicher und bestens betreut.<\/p>\n<h3>Das berghorizonte Team zeichnete sich durch Professionalit\u00e4t in allen Belangen aus &#8211; sei es das Personal, die Ausstattung oder die Organisation. Wir begegneten auch anderen Guides von Ihnen, die \u00e4u\u00dferst herzlich, informativ und \u00e4u\u00dferst kundenorientiert waren.<\/h3>\n<p>Bhutan ist ein Land, das man unbedingt gesehen und erlebt haben muss. Die freundlichen und offenen Menschen, die nie scheu vor Kontakten sind und immer bereit f\u00fcr Gespr\u00e4che sind, beeindruckten uns zutiefst. Unsere beiden F\u00fchrer brachten uns immer wieder mit Einheimischen in Kontakt, was zu wundervollen Erlebnissen und Gespr\u00e4chen f\u00fchrte. Besonders ber\u00fchrend war unser Treffen mit einer jungen Nonne. Die Landschaft ist schlichtweg atemberaubend, sauber und die Unterk\u00fcnfte waren erstklassig. In einigen F\u00e4llen erhielten wir sogar unerwartete Upgrades, die uns den Luxus genie\u00dfen lie\u00dfen. Das chili-gew\u00fcrzte Essen war k\u00f6stlich, und das Nationalgericht Ema Datsi war f\u00fcr uns ein absolutes Muss, selbst wenn es manchmal so scharf war, dass wir kaum Luft bekamen.<\/p>\n<p>Das Wetter begleitete uns von Anfang bis Ende mit strahlendem Sonnenschein und angenehmen Temperaturen zwischen 20-25 Grad tags\u00fcber, w\u00e4hrend es nachts gelegentlich frostig wurde &#8211; f\u00fcr uns war dies perfekt, besonders f\u00fcr meine Leidenschaft, die Fotografie, die zu einzigartigen Aufnahmen f\u00fchrte. Zum Abschluss unserer Reise besuchten wir das Klosterfest, definitiv ein H\u00f6hepunkt. Hier verbrachten wir fast einen ganzen Tag und wurden am n\u00e4chsten Morgen von unseren F\u00fchrern zum Dzong begleitet, um den Lama bei seinen Gebeten zu erleben. Es war beeindruckend zu sehen, wie Tausende von Menschen unter dem riesigen ausgerollten Tangkas ihren Segen holten. Dies bildete einen wunderbaren Abschluss unserer Reise, bevor es am n\u00e4chsten Tag zur\u00fcck nach Paro und schlie\u00dflich \u00fcber Delhi nach Hause ging.<\/p>\n<p>Alles in allem war es eine erlebnisreiche Reise, perfekt organisiert und begleitet von \u00fcberaus freundlichen und zuvorkommenden Guides, die uns unvergessliche Erlebnisse und Erinnerungen bescherten. Das Programm war ausgewogen mit l\u00e4ngeren Wanderungen, vielen Stopps, Picknicks, Besichtigungen und faszinierenden Geschichten \u00fcber das Land. Wir sind schlichtweg begeistert.<\/p>\n<p>Herzlichen Dank an Sie beide daf\u00fcr, dass Sie uns auf dieses wundersch\u00f6ne Land aufmerksam gemacht haben, f\u00fcr die erstklassige Organisation und die empfehlenswerten Abl\u00e4ufe und Hotels. Einfach gro\u00dfartig!<\/p>\n<p>Ihr G\u00e4ste R. u A.<\/p>\n\n\t\t<style type=\"text\/css\">\n\t\t\t#gallery-1 {\n\t\t\t\tmargin: auto;\n\t\t\t}\n\t\t\t#gallery-1 .gallery-item {\n\t\t\t\tfloat: left;\n\t\t\t\tmargin-top: 10px;\n\t\t\t\ttext-align: center;\n\t\t\t\twidth: 33%;\n\t\t\t}\n\t\t\t#gallery-1 img {\n\t\t\t\tborder: 2px solid #cfcfcf;\n\t\t\t}\n\t\t\t#gallery-1 .gallery-caption {\n\t\t\t\tmargin-left: 0;\n\t\t\t}\n\t\t\t\/* see gallery_shortcode() in wp-includes\/media.php *\/\n\t\t<\/style>\n\t\t<div id='gallery-1' class='gallery galleryid-5201 gallery-columns-3 gallery-size-large'><dl class='gallery-item'>\n\t\t\t<dt class='gallery-icon landscape'>\n\t\t\t\t<a data-rel=\"iLightbox[postimages]\" data-title=\"Chili Bhutan\" data-caption=\"\" href='https:\/\/www.berghorizonte.de\/blog\/wp-content\/uploads\/2023\/09\/Chili-Bhutan-scaled.jpg'><img decoding=\"async\" width=\"1024\" height=\"683\" src=\"https:\/\/www.berghorizonte.de\/blog\/wp-content\/uploads\/2023\/09\/Chili-Bhutan-1024x683.jpg\" class=\"attachment-large size-large\" alt=\"\" srcset=\"https:\/\/www.berghorizonte.de\/blog\/wp-content\/uploads\/2023\/09\/Chili-Bhutan-200x133.jpg 200w, https:\/\/www.berghorizonte.de\/blog\/wp-content\/uploads\/2023\/09\/Chili-Bhutan-300x200.jpg 300w, https:\/\/www.berghorizonte.de\/blog\/wp-content\/uploads\/2023\/09\/Chili-Bhutan-400x267.jpg 400w, https:\/\/www.berghorizonte.de\/blog\/wp-content\/uploads\/2023\/09\/Chili-Bhutan-600x400.jpg 600w, https:\/\/www.berghorizonte.de\/blog\/wp-content\/uploads\/2023\/09\/Chili-Bhutan-768x512.jpg 768w, https:\/\/www.berghorizonte.de\/blog\/wp-content\/uploads\/2023\/09\/Chili-Bhutan-800x533.jpg 800w, https:\/\/www.berghorizonte.de\/blog\/wp-content\/uploads\/2023\/09\/Chili-Bhutan-1024x683.jpg 1024w, https:\/\/www.berghorizonte.de\/blog\/wp-content\/uploads\/2023\/09\/Chili-Bhutan-1200x800.jpg 1200w, https:\/\/www.berghorizonte.de\/blog\/wp-content\/uploads\/2023\/09\/Chili-Bhutan-1536x1024.jpg 1536w\" sizes=\"(max-width: 1024px) 100vw, 1024px\" \/><\/a>\n\t\t\t<\/dt><\/dl><dl class='gallery-item'>\n\t\t\t<dt class='gallery-icon landscape'>\n\t\t\t\t<a data-rel=\"iLightbox[postimages]\" data-title=\"Bhutan Klosterfest mit berghorizonte\" data-caption=\"\" href='https:\/\/www.berghorizonte.de\/blog\/wp-content\/uploads\/2023\/09\/Bhutan-Klosterfest-mit-berghorizonte-scaled.jpg'><img decoding=\"async\" width=\"1024\" height=\"683\" src=\"https:\/\/www.berghorizonte.de\/blog\/wp-content\/uploads\/2023\/09\/Bhutan-Klosterfest-mit-berghorizonte-1024x683.jpg\" class=\"attachment-large size-large\" alt=\"\" srcset=\"https:\/\/www.berghorizonte.de\/blog\/wp-content\/uploads\/2023\/09\/Bhutan-Klosterfest-mit-berghorizonte-200x133.jpg 200w, https:\/\/www.berghorizonte.de\/blog\/wp-content\/uploads\/2023\/09\/Bhutan-Klosterfest-mit-berghorizonte-300x200.jpg 300w, https:\/\/www.berghorizonte.de\/blog\/wp-content\/uploads\/2023\/09\/Bhutan-Klosterfest-mit-berghorizonte-400x267.jpg 400w, https:\/\/www.berghorizonte.de\/blog\/wp-content\/uploads\/2023\/09\/Bhutan-Klosterfest-mit-berghorizonte-600x400.jpg 600w, https:\/\/www.berghorizonte.de\/blog\/wp-content\/uploads\/2023\/09\/Bhutan-Klosterfest-mit-berghorizonte-768x512.jpg 768w, https:\/\/www.berghorizonte.de\/blog\/wp-content\/uploads\/2023\/09\/Bhutan-Klosterfest-mit-berghorizonte-800x533.jpg 800w, https:\/\/www.berghorizonte.de\/blog\/wp-content\/uploads\/2023\/09\/Bhutan-Klosterfest-mit-berghorizonte-1024x683.jpg 1024w, https:\/\/www.berghorizonte.de\/blog\/wp-content\/uploads\/2023\/09\/Bhutan-Klosterfest-mit-berghorizonte-1200x800.jpg 1200w, https:\/\/www.berghorizonte.de\/blog\/wp-content\/uploads\/2023\/09\/Bhutan-Klosterfest-mit-berghorizonte-1536x1024.jpg 1536w\" sizes=\"(max-width: 1024px) 100vw, 1024px\" \/><\/a>\n\t\t\t<\/dt><\/dl><dl class='gallery-item'>\n\t\t\t<dt class='gallery-icon landscape'>\n\t\t\t\t<a data-rel=\"iLightbox[postimages]\" data-title=\"Chele La Bhutan\" data-caption=\"\" href='https:\/\/www.berghorizonte.de\/blog\/wp-content\/uploads\/2023\/09\/Chele-La-Bhutan-scaled.jpg'><img decoding=\"async\" width=\"1024\" height=\"678\" src=\"https:\/\/www.berghorizonte.de\/blog\/wp-content\/uploads\/2023\/09\/Chele-La-Bhutan-1024x678.jpg\" class=\"attachment-large size-large\" alt=\"\" srcset=\"https:\/\/www.berghorizonte.de\/blog\/wp-content\/uploads\/2023\/09\/Chele-La-Bhutan-200x132.jpg 200w, https:\/\/www.berghorizonte.de\/blog\/wp-content\/uploads\/2023\/09\/Chele-La-Bhutan-300x199.jpg 300w, https:\/\/www.berghorizonte.de\/blog\/wp-content\/uploads\/2023\/09\/Chele-La-Bhutan-400x265.jpg 400w, https:\/\/www.berghorizonte.de\/blog\/wp-content\/uploads\/2023\/09\/Chele-La-Bhutan-600x397.jpg 600w, https:\/\/www.berghorizonte.de\/blog\/wp-content\/uploads\/2023\/09\/Chele-La-Bhutan-768x509.jpg 768w, https:\/\/www.berghorizonte.de\/blog\/wp-content\/uploads\/2023\/09\/Chele-La-Bhutan-800x530.jpg 800w, https:\/\/www.berghorizonte.de\/blog\/wp-content\/uploads\/2023\/09\/Chele-La-Bhutan-1024x678.jpg 1024w, https:\/\/www.berghorizonte.de\/blog\/wp-content\/uploads\/2023\/09\/Chele-La-Bhutan-1200x795.jpg 1200w, https:\/\/www.berghorizonte.de\/blog\/wp-content\/uploads\/2023\/09\/Chele-La-Bhutan-1536x1017.jpg 1536w\" sizes=\"(max-width: 1024px) 100vw, 1024px\" \/><\/a>\n\t\t\t<\/dt><\/dl><br style=\"clear: both\" \/>\n\t\t<\/div>\n\n","protected":false},"excerpt":{"rendered":"<p>Unsere Bhutan Reise mit Ihnen war wieder einmal ein unvergessliches Abenteuer.<\/p>\n","protected":false},"author":5,"featured_media":5204,"comment_status":"closed","ping_status":"open","sticky":false,"template":"","format":"standard","meta":{"footnotes":""},"categories":[5,6],"tags":[455,31,456],"class_list":["post-5201","post","type-post","status-publish","format-standard","has-post-thumbnail","hentry","category-gastebuch-2","category-nepal","tag-bhutan-reise-feedback","tag-bhutan-reisen","tag-bhutan-urlaub"],"yoast_head":"<!-- This site is optimized with the Yoast SEO plugin v27.5 - https:\/\/yoast.com\/product\/yoast-seo-wordpress\/ -->\n<title>Unsere Bhutan Reise mit Ihnen war wieder einmal ein Abenteuer<\/title>\n<meta name=\"description\" content=\"Das Bhutan berghorizonte Team zeichnete sich durch Professionalit\u00e4t in allen Belangen aus - sei es das Personal, die Ausstattung etc.\" \/>\n<meta name=\"robots\" content=\"index, follow, max-snippet:-1, max-image-preview:large, max-video-preview:-1\" \/>\n<link rel=\"canonical\" href=\"https:\/\/www.berghorizonte.de\/blog\/unsere-bhutan-reise\/\" \/>\n<meta property=\"og:locale\" content=\"de_DE\" \/>\n<meta property=\"og:type\" content=\"article\" \/>\n<meta property=\"og:title\" content=\"Unsere Bhutan Reise mit Ihnen war wieder einmal ein Abenteuer\" \/>\n<meta property=\"og:description\" content=\"Das Bhutan berghorizonte Team zeichnete sich durch Professionalit\u00e4t in allen Belangen aus - sei es das Personal, die Ausstattung etc.\" \/>\n<meta property=\"og:url\" content=\"https:\/\/www.berghorizonte.de\/blog\/unsere-bhutan-reise\/\" \/>\n<meta property=\"og:site_name\" content=\"Reiseblog\" \/>\n<meta property=\"article:published_time\" content=\"2023-09-05T17:29:18+00:00\" \/>\n<meta property=\"article:modified_time\" content=\"2023-11-10T17:33:26+00:00\" \/>\n<meta property=\"og:image\" content=\"https:\/\/www.berghorizonte.de\/blog\/wp-content\/uploads\/2023\/09\/Bhutan-Klosterfest-mit-berghorizonte-1024x683.jpg\" \/>\n\t<meta property=\"og:image:width\" content=\"1024\" \/>\n\t<meta property=\"og:image:height\" content=\"683\" \/>\n\t<meta property=\"og:image:type\" content=\"image\/jpeg\" \/>\n<meta name=\"author\" content=\"G\u00e4stebuchbeitrag\" \/>\n<meta name=\"twitter:label1\" content=\"Verfasst von\" \/>\n\t<meta name=\"twitter:data1\" content=\"G\u00e4stebuchbeitrag\" \/>\n\t<meta name=\"twitter:label2\" content=\"Gesch\u00e4tzte Lesezeit\" \/>\n\t<meta name=\"twitter:data2\" content=\"3\u00a0Minuten\" \/>\n<script type=\"application\/ld+json\" class=\"yoast-schema-graph\">{\"@context\":\"https:\\\/\\\/schema.org\",\"@graph\":[{\"@type\":\"Article\",\"@id\":\"https:\\\/\\\/www.berghorizonte.de\\\/blog\\\/unsere-bhutan-reise\\\/#article\",\"isPartOf\":{\"@id\":\"https:\\\/\\\/www.berghorizonte.de\\\/blog\\\/unsere-bhutan-reise\\\/\"},\"author\":{\"name\":\"G\u00e4stebuchbeitrag\",\"@id\":\"https:\\\/\\\/www.berghorizonte.de\\\/blog\\\/#\\\/schema\\\/person\\\/f2bccafdfb2ccdbd7b08e104f8f3f5f4\"},\"headline\":\"Unsere Bhutan Reise\",\"datePublished\":\"2023-09-05T17:29:18+00:00\",\"dateModified\":\"2023-11-10T17:33:26+00:00\",\"mainEntityOfPage\":{\"@id\":\"https:\\\/\\\/www.berghorizonte.de\\\/blog\\\/unsere-bhutan-reise\\\/\"},\"wordCount\":570,\"publisher\":{\"@id\":\"https:\\\/\\\/www.berghorizonte.de\\\/blog\\\/#organization\"},\"image\":{\"@id\":\"https:\\\/\\\/www.berghorizonte.de\\\/blog\\\/unsere-bhutan-reise\\\/#primaryimage\"},\"thumbnailUrl\":\"https:\\\/\\\/www.berghorizonte.de\\\/blog\\\/wp-content\\\/uploads\\\/2023\\\/09\\\/Bhutan-Klosterfest-mit-berghorizonte-scaled.jpg\",\"keywords\":[\"Bhutan Reise Feedback\",\"Bhutan Reisen\",\"Bhutan Urlaub\"],\"articleSection\":[\"G\u00e4stebuch\",\"Reiseberichte &amp; News\"],\"inLanguage\":\"de\"},{\"@type\":\"WebPage\",\"@id\":\"https:\\\/\\\/www.berghorizonte.de\\\/blog\\\/unsere-bhutan-reise\\\/\",\"url\":\"https:\\\/\\\/www.berghorizonte.de\\\/blog\\\/unsere-bhutan-reise\\\/\",\"name\":\"Unsere Bhutan Reise mit Ihnen war wieder einmal ein Abenteuer\",\"isPartOf\":{\"@id\":\"https:\\\/\\\/www.berghorizonte.de\\\/blog\\\/#website\"},\"primaryImageOfPage\":{\"@id\":\"https:\\\/\\\/www.berghorizonte.de\\\/blog\\\/unsere-bhutan-reise\\\/#primaryimage\"},\"image\":{\"@id\":\"https:\\\/\\\/www.berghorizonte.de\\\/blog\\\/unsere-bhutan-reise\\\/#primaryimage\"},\"thumbnailUrl\":\"https:\\\/\\\/www.berghorizonte.de\\\/blog\\\/wp-content\\\/uploads\\\/2023\\\/09\\\/Bhutan-Klosterfest-mit-berghorizonte-scaled.jpg\",\"datePublished\":\"2023-09-05T17:29:18+00:00\",\"dateModified\":\"2023-11-10T17:33:26+00:00\",\"description\":\"Das Bhutan berghorizonte Team zeichnete sich durch Professionalit\u00e4t in allen Belangen aus - sei es das Personal, die Ausstattung etc.\",\"breadcrumb\":{\"@id\":\"https:\\\/\\\/www.berghorizonte.de\\\/blog\\\/unsere-bhutan-reise\\\/#breadcrumb\"},\"inLanguage\":\"de\",\"potentialAction\":[{\"@type\":\"ReadAction\",\"target\":[\"https:\\\/\\\/www.berghorizonte.de\\\/blog\\\/unsere-bhutan-reise\\\/\"]}]},{\"@type\":\"ImageObject\",\"inLanguage\":\"de\",\"@id\":\"https:\\\/\\\/www.berghorizonte.de\\\/blog\\\/unsere-bhutan-reise\\\/#primaryimage\",\"url\":\"https:\\\/\\\/www.berghorizonte.de\\\/blog\\\/wp-content\\\/uploads\\\/2023\\\/09\\\/Bhutan-Klosterfest-mit-berghorizonte-scaled.jpg\",\"contentUrl\":\"https:\\\/\\\/www.berghorizonte.de\\\/blog\\\/wp-content\\\/uploads\\\/2023\\\/09\\\/Bhutan-Klosterfest-mit-berghorizonte-scaled.jpg\",\"width\":2560,\"height\":1707},{\"@type\":\"BreadcrumbList\",\"@id\":\"https:\\\/\\\/www.berghorizonte.de\\\/blog\\\/unsere-bhutan-reise\\\/#breadcrumb\",\"itemListElement\":[{\"@type\":\"ListItem\",\"position\":1,\"name\":\"Home\",\"item\":\"https:\\\/\\\/www.berghorizonte.de\\\/blog\\\/\"},{\"@type\":\"ListItem\",\"position\":2,\"name\":\"Unsere Bhutan Reise\"}]},{\"@type\":\"WebSite\",\"@id\":\"https:\\\/\\\/www.berghorizonte.de\\\/blog\\\/#website\",\"url\":\"https:\\\/\\\/www.berghorizonte.de\\\/blog\\\/\",\"name\":\"Reiseblog\",\"description\":\"Erfahrungen, G\u00e4stebuch und Feedbacks alles rund ums Reisen, Wandern, Trekking in Bhutan, Nepal, Peru, Myanmar...\",\"publisher\":{\"@id\":\"https:\\\/\\\/www.berghorizonte.de\\\/blog\\\/#organization\"},\"potentialAction\":[{\"@type\":\"SearchAction\",\"target\":{\"@type\":\"EntryPoint\",\"urlTemplate\":\"https:\\\/\\\/www.berghorizonte.de\\\/blog\\\/?s={search_term_string}\"},\"query-input\":{\"@type\":\"PropertyValueSpecification\",\"valueRequired\":true,\"valueName\":\"search_term_string\"}}],\"inLanguage\":\"de\"},{\"@type\":\"Organization\",\"@id\":\"https:\\\/\\\/www.berghorizonte.de\\\/blog\\\/#organization\",\"name\":\"berghorizonte\",\"url\":\"https:\\\/\\\/www.berghorizonte.de\\\/blog\\\/\",\"logo\":{\"@type\":\"ImageObject\",\"inLanguage\":\"de\",\"@id\":\"https:\\\/\\\/www.berghorizonte.de\\\/blog\\\/#\\\/schema\\\/logo\\\/image\\\/\",\"url\":\"https:\\\/\\\/www.berghorizonte.de\\\/blog\\\/wp-content\\\/uploads\\\/2014\\\/11\\\/berghorizonte_logo_k.jpg\",\"contentUrl\":\"https:\\\/\\\/www.berghorizonte.de\\\/blog\\\/wp-content\\\/uploads\\\/2014\\\/11\\\/berghorizonte_logo_k.jpg\",\"width\":425,\"height\":236,\"caption\":\"berghorizonte\"},\"image\":{\"@id\":\"https:\\\/\\\/www.berghorizonte.de\\\/blog\\\/#\\\/schema\\\/logo\\\/image\\\/\"}},{\"@type\":\"Person\",\"@id\":\"https:\\\/\\\/www.berghorizonte.de\\\/blog\\\/#\\\/schema\\\/person\\\/f2bccafdfb2ccdbd7b08e104f8f3f5f4\",\"name\":\"G\u00e4stebuchbeitrag\",\"image\":{\"@type\":\"ImageObject\",\"inLanguage\":\"de\",\"@id\":\"https:\\\/\\\/secure.gravatar.com\\\/avatar\\\/2f7ccc3d22d720ff556bf57349708a254825802eaef24c77c3f8936cd3048f39?s=96&d=mm&r=g\",\"url\":\"https:\\\/\\\/secure.gravatar.com\\\/avatar\\\/2f7ccc3d22d720ff556bf57349708a254825802eaef24c77c3f8936cd3048f39?s=96&d=mm&r=g\",\"contentUrl\":\"https:\\\/\\\/secure.gravatar.com\\\/avatar\\\/2f7ccc3d22d720ff556bf57349708a254825802eaef24c77c3f8936cd3048f39?s=96&d=mm&r=g\",\"caption\":\"G\u00e4stebuchbeitrag\"},\"url\":\"https:\\\/\\\/www.berghorizonte.de\\\/blog\\\/author\\\/gast\\\/\"}]}<\/script>\n<!-- \/ Yoast SEO plugin. -->","yoast_head_json":{"title":"Unsere Bhutan Reise mit Ihnen war wieder einmal ein Abenteuer","description":"Das Bhutan berghorizonte Team zeichnete sich durch Professionalit\u00e4t in allen Belangen aus - sei es das Personal, die Ausstattung etc.","robots":{"index":"index","follow":"follow","max-snippet":"max-snippet:-1","max-image-preview":"max-image-preview:large","max-video-preview":"max-video-preview:-1"},"canonical":"https:\/\/www.berghorizonte.de\/blog\/unsere-bhutan-reise\/","og_locale":"de_DE","og_type":"article","og_title":"Unsere Bhutan Reise mit Ihnen war wieder einmal ein Abenteuer","og_description":"Das Bhutan berghorizonte Team zeichnete sich durch Professionalit\u00e4t in allen Belangen aus - sei es das Personal, die Ausstattung etc.","og_url":"https:\/\/www.berghorizonte.de\/blog\/unsere-bhutan-reise\/","og_site_name":"Reiseblog","article_published_time":"2023-09-05T17:29:18+00:00","article_modified_time":"2023-11-10T17:33:26+00:00","og_image":[{"width":1024,"height":683,"url":"https:\/\/www.berghorizonte.de\/blog\/wp-content\/uploads\/2023\/09\/Bhutan-Klosterfest-mit-berghorizonte-1024x683.jpg","type":"image\/jpeg"}],"author":"G\u00e4stebuchbeitrag","twitter_misc":{"Verfasst von":"G\u00e4stebuchbeitrag","Gesch\u00e4tzte Lesezeit":"3\u00a0Minuten"},"schema":{"@context":"https:\/\/schema.org","@graph":[{"@type":"Article","@id":"https:\/\/www.berghorizonte.de\/blog\/unsere-bhutan-reise\/#article","isPartOf":{"@id":"https:\/\/www.berghorizonte.de\/blog\/unsere-bhutan-reise\/"},"author":{"name":"G\u00e4stebuchbeitrag","@id":"https:\/\/www.berghorizonte.de\/blog\/#\/schema\/person\/f2bccafdfb2ccdbd7b08e104f8f3f5f4"},"headline":"Unsere Bhutan Reise","datePublished":"2023-09-05T17:29:18+00:00","dateModified":"2023-11-10T17:33:26+00:00","mainEntityOfPage":{"@id":"https:\/\/www.berghorizonte.de\/blog\/unsere-bhutan-reise\/"},"wordCount":570,"publisher":{"@id":"https:\/\/www.berghorizonte.de\/blog\/#organization"},"image":{"@id":"https:\/\/www.berghorizonte.de\/blog\/unsere-bhutan-reise\/#primaryimage"},"thumbnailUrl":"https:\/\/www.berghorizonte.de\/blog\/wp-content\/uploads\/2023\/09\/Bhutan-Klosterfest-mit-berghorizonte-scaled.jpg","keywords":["Bhutan Reise Feedback","Bhutan Reisen","Bhutan Urlaub"],"articleSection":["G\u00e4stebuch","Reiseberichte &amp; News"],"inLanguage":"de"},{"@type":"WebPage","@id":"https:\/\/www.berghorizonte.de\/blog\/unsere-bhutan-reise\/","url":"https:\/\/www.berghorizonte.de\/blog\/unsere-bhutan-reise\/","name":"Unsere Bhutan Reise mit Ihnen war wieder einmal ein Abenteuer","isPartOf":{"@id":"https:\/\/www.berghorizonte.de\/blog\/#website"},"primaryImageOfPage":{"@id":"https:\/\/www.berghorizonte.de\/blog\/unsere-bhutan-reise\/#primaryimage"},"image":{"@id":"https:\/\/www.berghorizonte.de\/blog\/unsere-bhutan-reise\/#primaryimage"},"thumbnailUrl":"https:\/\/www.berghorizonte.de\/blog\/wp-content\/uploads\/2023\/09\/Bhutan-Klosterfest-mit-berghorizonte-scaled.jpg","datePublished":"2023-09-05T17:29:18+00:00","dateModified":"2023-11-10T17:33:26+00:00","description":"Das Bhutan berghorizonte Team zeichnete sich durch Professionalit\u00e4t in allen Belangen aus - sei es das Personal, die Ausstattung etc.","breadcrumb":{"@id":"https:\/\/www.berghorizonte.de\/blog\/unsere-bhutan-reise\/#breadcrumb"},"inLanguage":"de","potentialAction":[{"@type":"ReadAction","target":["https:\/\/www.berghorizonte.de\/blog\/unsere-bhutan-reise\/"]}]},{"@type":"ImageObject","inLanguage":"de","@id":"https:\/\/www.berghorizonte.de\/blog\/unsere-bhutan-reise\/#primaryimage","url":"https:\/\/www.berghorizonte.de\/blog\/wp-content\/uploads\/2023\/09\/Bhutan-Klosterfest-mit-berghorizonte-scaled.jpg","contentUrl":"https:\/\/www.berghorizonte.de\/blog\/wp-content\/uploads\/2023\/09\/Bhutan-Klosterfest-mit-berghorizonte-scaled.jpg","width":2560,"height":1707},{"@type":"BreadcrumbList","@id":"https:\/\/www.berghorizonte.de\/blog\/unsere-bhutan-reise\/#breadcrumb","itemListElement":[{"@type":"ListItem","position":1,"name":"Home","item":"https:\/\/www.berghorizonte.de\/blog\/"},{"@type":"ListItem","position":2,"name":"Unsere Bhutan Reise"}]},{"@type":"WebSite","@id":"https:\/\/www.berghorizonte.de\/blog\/#website","url":"https:\/\/www.berghorizonte.de\/blog\/","name":"Reiseblog","description":"Erfahrungen, G\u00e4stebuch und Feedbacks alles rund ums Reisen, Wandern, Trekking in Bhutan, Nepal, Peru, Myanmar...","publisher":{"@id":"https:\/\/www.berghorizonte.de\/blog\/#organization"},"potentialAction":[{"@type":"SearchAction","target":{"@type":"EntryPoint","urlTemplate":"https:\/\/www.berghorizonte.de\/blog\/?s={search_term_string}"},"query-input":{"@type":"PropertyValueSpecification","valueRequired":true,"valueName":"search_term_string"}}],"inLanguage":"de"},{"@type":"Organization","@id":"https:\/\/www.berghorizonte.de\/blog\/#organization","name":"berghorizonte","url":"https:\/\/www.berghorizonte.de\/blog\/","logo":{"@type":"ImageObject","inLanguage":"de","@id":"https:\/\/www.berghorizonte.de\/blog\/#\/schema\/logo\/image\/","url":"https:\/\/www.berghorizonte.de\/blog\/wp-content\/uploads\/2014\/11\/berghorizonte_logo_k.jpg","contentUrl":"https:\/\/www.berghorizonte.de\/blog\/wp-content\/uploads\/2014\/11\/berghorizonte_logo_k.jpg","width":425,"height":236,"caption":"berghorizonte"},"image":{"@id":"https:\/\/www.berghorizonte.de\/blog\/#\/schema\/logo\/image\/"}},{"@type":"Person","@id":"https:\/\/www.berghorizonte.de\/blog\/#\/schema\/person\/f2bccafdfb2ccdbd7b08e104f8f3f5f4","name":"G\u00e4stebuchbeitrag","image":{"@type":"ImageObject","inLanguage":"de","@id":"https:\/\/secure.gravatar.com\/avatar\/2f7ccc3d22d720ff556bf57349708a254825802eaef24c77c3f8936cd3048f39?s=96&d=mm&r=g","url":"https:\/\/secure.gravatar.com\/avatar\/2f7ccc3d22d720ff556bf57349708a254825802eaef24c77c3f8936cd3048f39?s=96&d=mm&r=g","contentUrl":"https:\/\/secure.gravatar.com\/avatar\/2f7ccc3d22d720ff556bf57349708a254825802eaef24c77c3f8936cd3048f39?s=96&d=mm&r=g","caption":"G\u00e4stebuchbeitrag"},"url":"https:\/\/www.berghorizonte.de\/blog\/author\/gast\/"}]}},"_links":{"self":[{"href":"https:\/\/www.berghorizonte.de\/blog\/wp-json\/wp\/v2\/posts\/5201","targetHints":{"allow":["GET"]}}],"collection":[{"href":"https:\/\/www.berghorizonte.de\/blog\/wp-json\/wp\/v2\/posts"}],"about":[{"href":"https:\/\/www.berghorizonte.de\/blog\/wp-json\/wp\/v2\/types\/post"}],"author":[{"embeddable":true,"href":"https:\/\/www.berghorizonte.de\/blog\/wp-json\/wp\/v2\/users\/5"}],"replies":[{"embeddable":true,"href":"https:\/\/www.berghorizonte.de\/blog\/wp-json\/wp\/v2\/comments?post=5201"}],"version-history":[{"count":3,"href":"https:\/\/www.berghorizonte.de\/blog\/wp-json\/wp\/v2\/posts\/5201\/revisions"}],"predecessor-version":[{"id":5207,"href":"https:\/\/www.berghorizonte.de\/blog\/wp-json\/wp\/v2\/posts\/5201\/revisions\/5207"}],"wp:featuredmedia":[{"embeddable":true,"href":"https:\/\/www.berghorizonte.de\/blog\/wp-json\/wp\/v2\/media\/5204"}],"wp:attachment":[{"href":"https:\/\/www.berghorizonte.de\/blog\/wp-json\/wp\/v2\/media?parent=5201"}],"wp:term":[{"taxonomy":"category","embeddable":true,"href":"https:\/\/www.berghorizonte.de\/blog\/wp-json\/wp\/v2\/categories?post=5201"},{"taxonomy":"post_tag","embeddable":true,"href":"https:\/\/www.berghorizonte.de\/blog\/wp-json\/wp\/v2\/tags?post=5201"}],"curies":[{"name":"wp","href":"https:\/\/api.w.org\/{rel}","templated":true}]}}