{"id":5211,"date":"2023-09-17T12:26:18","date_gmt":"2023-09-17T10:26:18","guid":{"rendered":"https:\/\/www.berghorizonte.de\/blog\/?p=5211"},"modified":"2023-11-10T19:33:14","modified_gmt":"2023-11-10T17:33:14","slug":"trekking-zum-mt-everest-alleinreisende-mit-guide-traeger-und-den-mountain-lodges-of-nepal","status":"publish","type":"post","link":"https:\/\/www.berghorizonte.de\/blog\/trekking-zum-mt-everest-alleinreisende-mit-guide-traeger-und-den-mountain-lodges-of-nepal\/","title":{"rendered":"Trekking zum Mt. Everest: Alleinreisende mit Guide\/Tr\u00e4ger und den Mountain Lodges of Nepal"},"content":{"rendered":"<h3>Komforttrekking mit den Mountain Lodges of Nepal: Im Land der Sherpa \u2013 Trekking zum Mount Everest mit 5* Bewertung<\/h3>\n<p>Erstmal vorweg: Ich (w, 41) bin keine Sportlerin, auch keine regelm\u00e4\u00dfige Trekkerin (ich war zuvor noch nicht einmal auf der Zugspitze) und ich kann auch nicht behaupten, dass es schon immer mein Traum gewesen sei, zum Everest Base Camp zu wandern. Ich bin einfach gerne in der Natur unterwegs, wandere gerne und zu manchen Herausforderungen bringt einen das Leben selbst. Die Idee, zum Everest Base Camp zu wandern, ist erst in den letzten zwei Jah- ren gewachsen. Dementsprechend war ich auf die Erfahrung eines guten Reiseveranstalters angewiesen. Durch Mund-zu-Mund-Propaganda kam ich zum berghorizonte-Team, das von Anfang an auf meine W\u00fcnsche eingegangen ist, meine Bed\u00fcrfnisse ber\u00fccksichtigt, alle Fragen geduldig beantwortet und viele \u00c4ngste ausger\u00e4umt hat.<\/p>\n<p>Nach der Ankunft auf dem Flughafen von Kathmandu Mitte April 2023, wo ich von meinem Guide Pemba abgeholt wurde, ging es ins Hotel und zur Einweisung in den Himalaya-Trip. Noch in der Nacht folgte dann mit \u201egreat expectations\u201c eine abenteuerliche Autofahrt von Kathmandu nach Ramechhap, um von dort nach Lukla zu fliegen, wo wir unseren Tr\u00e4ger tra- fen und mit dem Aufstieg begannen.<\/p>\n<p>Ich bin froh, dass ich viel Zeit (19 Tage) f\u00fcr die Tour hatte und mein Guide und ich nur zu zweit unterwegs waren. Dadurch konnten wir vom EBC-Highway abweichen, Nebenstrecken oder Yak-Trampelpfade laufen und die sich hochschl\u00e4ngelnde Menschenreihe umgehen. Au- \u00dferdem war so die Akklimatisierung perfekt und bis auf einmal Kopfschmerzen und \u00dcbelkeit war von H\u00f6henkrankheit nichts zu sp\u00fcren.<\/p>\n<p>Es ging also von Lukla \u00fcber Phakding und Monjo nach Namche Bazaar, wo wir zur Akklima- tisierung zwei N\u00e4chte blieben und einen \u201eAbstecher\u201c zum Everest View Hotel (leider hielt es nicht, was sein Name versprach) und nach Khumjung machten. Eine weitere Akklimatisie- rung fand in Thame statt. Von dort aus stiegen wir im Schnee auf den Sunder Peak.<\/p>\n<div id=\"attachment_5214\" style=\"width: 310px\" class=\"wp-caption alignnone\"><a href=\"https:\/\/www.berghorizonte.de\/blog\/wp-content\/uploads\/2023\/09\/Thame-scaled.jpeg\"><img decoding=\"async\" aria-describedby=\"caption-attachment-5214\" class=\"wp-image-5214 size-medium\" src=\"https:\/\/www.berghorizonte.de\/blog\/wp-content\/uploads\/2023\/09\/Thame-300x225.jpeg\" alt=\"Schnee in Thame \" width=\"300\" height=\"225\" srcset=\"https:\/\/www.berghorizonte.de\/blog\/wp-content\/uploads\/2023\/09\/Thame-200x150.jpeg 200w, https:\/\/www.berghorizonte.de\/blog\/wp-content\/uploads\/2023\/09\/Thame-300x225.jpeg 300w, https:\/\/www.berghorizonte.de\/blog\/wp-content\/uploads\/2023\/09\/Thame-400x300.jpeg 400w, https:\/\/www.berghorizonte.de\/blog\/wp-content\/uploads\/2023\/09\/Thame-600x450.jpeg 600w, https:\/\/www.berghorizonte.de\/blog\/wp-content\/uploads\/2023\/09\/Thame-768x576.jpeg 768w, https:\/\/www.berghorizonte.de\/blog\/wp-content\/uploads\/2023\/09\/Thame-800x600.jpeg 800w, https:\/\/www.berghorizonte.de\/blog\/wp-content\/uploads\/2023\/09\/Thame-1024x768.jpeg 1024w, https:\/\/www.berghorizonte.de\/blog\/wp-content\/uploads\/2023\/09\/Thame-1200x900.jpeg 1200w, https:\/\/www.berghorizonte.de\/blog\/wp-content\/uploads\/2023\/09\/Thame-1536x1152.jpeg 1536w\" sizes=\"(max-width: 300px) 100vw, 300px\" \/><\/a><p id=\"caption-attachment-5214\" class=\"wp-caption-text\">Schnee in Thame<\/p><\/div>\n<p>\u00dcber Mende, Tashinga, Deboche wanderten wir anschlie\u00dfend nach Pangboche und Dingbo- che (von dort stiegen wir auf den Nangkartshang Peak), wo wir wieder jeweils zwei N\u00e4chte zur Akklimatisierung verbrachten. Von Lobuche ging es morgens fr\u00fch \u00fcber Gorakshep und den Khumbu-Gletscher zum Everest Base Camp. Dort angekommen konnte ich es kaum glauben, dass ich es tats\u00e4chlich geschafft habe. Wir trafen Pembas Bruder, der gerade f\u00fcr die folgende Nacht einen Aufstieg ins Camp 2 vorbereitete, und konnten mit der Tr\u00e4germann- schaft Dal Bhat essen.<\/p>\n<p>Mein absolutes Highlight aber waren am folgenden Tag der fr\u00fchmorgendliche Aufstieg bei Schnee und Nebel von Gorakshep aus auf den Kala Patthar und der Blick auf die Gipfel rund um den Everest, als sich der Nebel und die Wolken im Morgengrauen lichteten.<\/p>\n<p>Ab da ging es wieder abw\u00e4rts: \u00fcber Phortse und Namche nach Lukla. Zur\u00fcck in Kathmandu hatte ich noch drei Tage Zeit, um mir die Stadt anzuschauen. Mit einem deutschsprachigen Reisef\u00fchrer besuchte ich eine hinduistische Tempelanlage, die Stadt Bhaktapur sowie die be- deutende Bodnath-Stupa.<\/p>\n<p>Auf dem Weg hat Pemba versucht, mir die Kultur der Sherpa und den Buddhismus n\u00e4her zu bringen. So a\u00dfen wir mittags bei der einheimischen Bev\u00f6lkerung (Sherpa-Stew, Dal Bhat und Knoblauchsuppe bleiben meine favourites), besuchten eine Reihe von Kl\u00f6stern, taten etwas f\u00fcr unser Karma, indem wir stets links an den Gebetsm\u00fchlen, Mani-Mauern und Stupas vor- beigingen. Er machte mich auf die Arbeitsweise der Sherpa, z.B. das \u00dcberwintern der Kartof- feln im Acker, etc. aufmerksam.<\/p>\n<p>Im Ama Dablam und Everest Base Camp konnten wir mit den Tr\u00e4germannschaften Tee\/Kaffee trinken und Mittag essen. Wir besuchten ein Museum \u00fcber die Sherpa-Kultur, ein weiteres \u00fcber die Sherpa, mit deren Hilfe die Expeditionsteilnehmer die Gipfel der Riesen erklimmen, und ein Informationszentrum \u00fcber das Recyceln vom Everest-M\u00fcll. Ich fand es eindrucksvoll, den Wechsel der Vegetation und die Tiere, die Naks, Yaks, den Himalaya- Tahr, Fasan, die Adler etc. zu sehen.<\/p>\n<div id=\"attachment_5219\" style=\"width: 235px\" class=\"wp-caption alignnone\"><a href=\"https:\/\/www.berghorizonte.de\/blog\/wp-content\/uploads\/2023\/09\/OM_1694945050587-scaled.jpeg\"><img decoding=\"async\" aria-describedby=\"caption-attachment-5219\" class=\"wp-image-5219 size-medium\" src=\"https:\/\/www.berghorizonte.de\/blog\/wp-content\/uploads\/2023\/09\/OM_1694945050587-225x300.jpeg\" alt=\"\" width=\"225\" height=\"300\" srcset=\"https:\/\/www.berghorizonte.de\/blog\/wp-content\/uploads\/2023\/09\/OM_1694945050587-200x267.jpeg 200w, https:\/\/www.berghorizonte.de\/blog\/wp-content\/uploads\/2023\/09\/OM_1694945050587-225x300.jpeg 225w, https:\/\/www.berghorizonte.de\/blog\/wp-content\/uploads\/2023\/09\/OM_1694945050587-400x533.jpeg 400w, https:\/\/www.berghorizonte.de\/blog\/wp-content\/uploads\/2023\/09\/OM_1694945050587-600x800.jpeg 600w, https:\/\/www.berghorizonte.de\/blog\/wp-content\/uploads\/2023\/09\/OM_1694945050587-768x1024.jpeg 768w, https:\/\/www.berghorizonte.de\/blog\/wp-content\/uploads\/2023\/09\/OM_1694945050587-800x1067.jpeg 800w, https:\/\/www.berghorizonte.de\/blog\/wp-content\/uploads\/2023\/09\/OM_1694945050587-1152x1536.jpeg 1152w, https:\/\/www.berghorizonte.de\/blog\/wp-content\/uploads\/2023\/09\/OM_1694945050587-1200x1600.jpeg 1200w, https:\/\/www.berghorizonte.de\/blog\/wp-content\/uploads\/2023\/09\/OM_1694945050587-1536x2048.jpeg 1536w, https:\/\/www.berghorizonte.de\/blog\/wp-content\/uploads\/2023\/09\/OM_1694945050587-scaled.jpeg 1920w\" sizes=\"(max-width: 225px) 100vw, 225px\" \/><\/a><p id=\"caption-attachment-5219\" class=\"wp-caption-text\">Dingboche Ri (5100m) als Akklimatisierungstour<\/p><\/div>\n<p>Wettertechnisch haben wir alles mitgenommen: vom strahlenden Sonnenschein und T-Shirt- Wetter \u00fcber Regen, Gewitter bis hin zu Schneefall. \u00dcberhaupt war es die K\u00e4lte in den Unter- k\u00fcnften, die mir am meisten zu schaffen machte. Zum Gl\u00fcck gab es in den Lodges Heizde- cken oder W\u00e4rmflaschen und weiter oben meinen warmen Schlafsack. Die <a href=\"https:\/\/mountainlodgesofnepal.com\/\">Mountain Lodges of Nepal<\/a> werden von herzlichen und \u00e4u\u00dferst gastfreundlichen Betreibern geleitet, die f\u00fcr sehr gutes Essen sorgen. F\u00fcr mich wurde eines Abends extra noch eine Knoblauchsuppe gekocht, als ich mit Kopfschmerzen und \u00dcbelkeit k\u00e4mpfte. Weiter oben sind die Unterk\u00fcnfte verst\u00e4nd- licherweise weniger komfortabel.<\/p>\n<p>Negativ in Erinnerung bleiben werden mir r\u00fccksichtslose Wanderer, die den Tr\u00e4gern nicht aus dem Weg gehen, und Touristen, welche sich in den Lodges, in denen es bestes Essen gab, dar\u00fcber beschweren, dass das Porridge nicht englisch, das Risotto nicht italienisch genug sei.<br \/>\nMein Fazit: Man muss kein super Sportler sein, um das Everest Base Camp zu erreichen, aber man sollte sich nach M\u00f6glichkeit genug Zeit nehmen, um das Trekking genie\u00dfen zu k\u00f6nnen. Als eigentlich fitter und gesunder Mensch hat es mir gut getan zu sp\u00fcren, was es bedeutet, wenn man \u2013 hier Gott sei Dank nur aufgrund der H\u00f6he \u2013 k\u00f6rperlich an seine Grenzen kommt, jeder noch so kleine Schritt hart erk\u00e4mpft ist, man jeden Atemzug bewusst wahrnimmt, und ferner was es bedeutet, wirklich langsam zu laufen. Die Anstrengung wurde stets mit einer beeindruckenden Aussicht belohnt \u2013 egal bei welchem Wetter. <a href=\"https:\/\/www.berghorizonte.de\/\">Berghorizonte<\/a> kann ich mit bester 5* Bewertung sehr gut empfehlen.<\/p>\n\n\t\t<style type=\"text\/css\">\n\t\t\t#gallery-1 {\n\t\t\t\tmargin: auto;\n\t\t\t}\n\t\t\t#gallery-1 .gallery-item {\n\t\t\t\tfloat: left;\n\t\t\t\tmargin-top: 10px;\n\t\t\t\ttext-align: center;\n\t\t\t\twidth: 33%;\n\t\t\t}\n\t\t\t#gallery-1 img {\n\t\t\t\tborder: 2px solid #cfcfcf;\n\t\t\t}\n\t\t\t#gallery-1 .gallery-caption {\n\t\t\t\tmargin-left: 0;\n\t\t\t}\n\t\t\t\/* see gallery_shortcode() in wp-includes\/media.php *\/\n\t\t<\/style>\n\t\t<div id='gallery-1' class='gallery galleryid-5211 gallery-columns-3 gallery-size-large'><dl class='gallery-item'>\n\t\t\t<dt class='gallery-icon landscape'>\n\t\t\t\t<a data-rel=\"iLightbox[postimages]\" data-title=\"OM_1694945088129\" data-caption=\"Kartoffelernte der Sherpas\" href='https:\/\/www.berghorizonte.de\/blog\/wp-content\/uploads\/2023\/09\/OM_1694945088129-scaled.jpeg'><img decoding=\"async\" width=\"1024\" height=\"768\" src=\"https:\/\/www.berghorizonte.de\/blog\/wp-content\/uploads\/2023\/09\/OM_1694945088129-1024x768.jpeg\" class=\"attachment-large size-large\" alt=\"\" aria-describedby=\"gallery-1-5215\" srcset=\"https:\/\/www.berghorizonte.de\/blog\/wp-content\/uploads\/2023\/09\/OM_1694945088129-200x150.jpeg 200w, https:\/\/www.berghorizonte.de\/blog\/wp-content\/uploads\/2023\/09\/OM_1694945088129-300x225.jpeg 300w, https:\/\/www.berghorizonte.de\/blog\/wp-content\/uploads\/2023\/09\/OM_1694945088129-400x300.jpeg 400w, https:\/\/www.berghorizonte.de\/blog\/wp-content\/uploads\/2023\/09\/OM_1694945088129-600x450.jpeg 600w, https:\/\/www.berghorizonte.de\/blog\/wp-content\/uploads\/2023\/09\/OM_1694945088129-768x576.jpeg 768w, https:\/\/www.berghorizonte.de\/blog\/wp-content\/uploads\/2023\/09\/OM_1694945088129-800x600.jpeg 800w, https:\/\/www.berghorizonte.de\/blog\/wp-content\/uploads\/2023\/09\/OM_1694945088129-1024x768.jpeg 1024w, https:\/\/www.berghorizonte.de\/blog\/wp-content\/uploads\/2023\/09\/OM_1694945088129-1200x900.jpeg 1200w, https:\/\/www.berghorizonte.de\/blog\/wp-content\/uploads\/2023\/09\/OM_1694945088129-1536x1152.jpeg 1536w\" sizes=\"(max-width: 1024px) 100vw, 1024px\" \/><\/a>\n\t\t\t<\/dt>\n\t\t\t\t<dd class='wp-caption-text gallery-caption' id='gallery-1-5215'>\n\t\t\t\tKartoffelernte der Sherpas\n\t\t\t\t<\/dd><\/dl><dl class='gallery-item'>\n\t\t\t<dt class='gallery-icon landscape'>\n\t\t\t\t<a data-rel=\"iLightbox[postimages]\" data-title=\"Schnee in Thame\" data-caption=\"Neuschnee in Thame\" href='https:\/\/www.berghorizonte.de\/blog\/wp-content\/uploads\/2023\/09\/Thame-scaled.jpeg'><img decoding=\"async\" width=\"1024\" height=\"768\" src=\"https:\/\/www.berghorizonte.de\/blog\/wp-content\/uploads\/2023\/09\/Thame-1024x768.jpeg\" class=\"attachment-large size-large\" alt=\"\" aria-describedby=\"gallery-1-5214\" srcset=\"https:\/\/www.berghorizonte.de\/blog\/wp-content\/uploads\/2023\/09\/Thame-200x150.jpeg 200w, https:\/\/www.berghorizonte.de\/blog\/wp-content\/uploads\/2023\/09\/Thame-300x225.jpeg 300w, https:\/\/www.berghorizonte.de\/blog\/wp-content\/uploads\/2023\/09\/Thame-400x300.jpeg 400w, https:\/\/www.berghorizonte.de\/blog\/wp-content\/uploads\/2023\/09\/Thame-600x450.jpeg 600w, https:\/\/www.berghorizonte.de\/blog\/wp-content\/uploads\/2023\/09\/Thame-768x576.jpeg 768w, https:\/\/www.berghorizonte.de\/blog\/wp-content\/uploads\/2023\/09\/Thame-800x600.jpeg 800w, https:\/\/www.berghorizonte.de\/blog\/wp-content\/uploads\/2023\/09\/Thame-1024x768.jpeg 1024w, https:\/\/www.berghorizonte.de\/blog\/wp-content\/uploads\/2023\/09\/Thame-1200x900.jpeg 1200w, https:\/\/www.berghorizonte.de\/blog\/wp-content\/uploads\/2023\/09\/Thame-1536x1152.jpeg 1536w\" sizes=\"(max-width: 1024px) 100vw, 1024px\" \/><\/a>\n\t\t\t<\/dt>\n\t\t\t\t<dd class='wp-caption-text gallery-caption' id='gallery-1-5214'>\n\t\t\t\tNeuschnee in Thame\n\t\t\t\t<\/dd><\/dl><dl class='gallery-item'>\n\t\t\t<dt class='gallery-icon landscape'>\n\t\t\t\t<a data-rel=\"iLightbox[postimages]\" data-title=\"Sonnenaufgang Everest\" data-caption=\"Everest im Morgenlicht\" href='https:\/\/www.berghorizonte.de\/blog\/wp-content\/uploads\/2023\/09\/Sonnenaufgang-Everest-scaled.jpeg'><img decoding=\"async\" width=\"1024\" height=\"768\" src=\"https:\/\/www.berghorizonte.de\/blog\/wp-content\/uploads\/2023\/09\/Sonnenaufgang-Everest-1024x768.jpeg\" class=\"attachment-large size-large\" alt=\"\" aria-describedby=\"gallery-1-5213\" srcset=\"https:\/\/www.berghorizonte.de\/blog\/wp-content\/uploads\/2023\/09\/Sonnenaufgang-Everest-200x150.jpeg 200w, https:\/\/www.berghorizonte.de\/blog\/wp-content\/uploads\/2023\/09\/Sonnenaufgang-Everest-300x225.jpeg 300w, https:\/\/www.berghorizonte.de\/blog\/wp-content\/uploads\/2023\/09\/Sonnenaufgang-Everest-400x300.jpeg 400w, https:\/\/www.berghorizonte.de\/blog\/wp-content\/uploads\/2023\/09\/Sonnenaufgang-Everest-600x450.jpeg 600w, https:\/\/www.berghorizonte.de\/blog\/wp-content\/uploads\/2023\/09\/Sonnenaufgang-Everest-768x576.jpeg 768w, https:\/\/www.berghorizonte.de\/blog\/wp-content\/uploads\/2023\/09\/Sonnenaufgang-Everest-800x600.jpeg 800w, https:\/\/www.berghorizonte.de\/blog\/wp-content\/uploads\/2023\/09\/Sonnenaufgang-Everest-1024x768.jpeg 1024w, https:\/\/www.berghorizonte.de\/blog\/wp-content\/uploads\/2023\/09\/Sonnenaufgang-Everest-1200x900.jpeg 1200w, https:\/\/www.berghorizonte.de\/blog\/wp-content\/uploads\/2023\/09\/Sonnenaufgang-Everest-1536x1152.jpeg 1536w\" sizes=\"(max-width: 1024px) 100vw, 1024px\" \/><\/a>\n\t\t\t<\/dt>\n\t\t\t\t<dd class='wp-caption-text gallery-caption' id='gallery-1-5213'>\n\t\t\t\tEverest im Morgenlicht\n\t\t\t\t<\/dd><\/dl><br style=\"clear: both\" \/>\n\t\t<\/div>\n\n","protected":false},"excerpt":{"rendered":"<p>Komforttrekking mit den Mountain Lodges of Nepal: Im Land der Sherpa \u2013 Trekking zum Mount Everest mit 5* Bewertung Erstmal vorweg: Ich (w, 41) bin  [&#8230;]<\/p>\n","protected":false},"author":5,"featured_media":5213,"comment_status":"closed","ping_status":"open","sticky":false,"template":"","format":"standard","meta":{"footnotes":""},"categories":[5,6],"tags":[458,25,282,184,29,55,36,457,24,84,120,23,164,30],"class_list":["post-5211","post","type-post","status-publish","format-standard","has-post-thumbnail","hentry","category-gastebuch-2","category-nepal","tag-5-trekking","tag-everest","tag-everest-base-camp","tag-everest-trek","tag-everest-trekking","tag-gastefeedback","tag-komforttrekking","tag-mountain-logdes-of-nepal","tag-nepal-2","tag-nepal-feedback","tag-nepal-reisebericht","tag-nepal-reisen","tag-trekking","tag-yeti-mountain-home-komfortlodge-everest-trekking-by-berghorizonte"],"yoast_head":"<!-- This site is optimized with the Yoast SEO plugin v27.5 - https:\/\/yoast.com\/product\/yoast-seo-wordpress\/ -->\n<title>Everest Trekking mit 5* Bewertung Mountain Lodges of Nepal<\/title>\n<meta name=\"description\" content=\"Alleinreisende mit Guide und Tr\u00e4ger in den Mountain Lodges of Nepal Everest Trekking mit 5* Bewertung - Reisen Nepal mit berghorizonte\" \/>\n<meta name=\"robots\" content=\"index, follow, max-snippet:-1, max-image-preview:large, max-video-preview:-1\" \/>\n<link rel=\"canonical\" href=\"https:\/\/www.berghorizonte.de\/blog\/trekking-zum-mt-everest-alleinreisende-mit-guide-traeger-und-den-mountain-lodges-of-nepal\/\" \/>\n<meta property=\"og:locale\" content=\"de_DE\" \/>\n<meta property=\"og:type\" content=\"article\" \/>\n<meta property=\"og:title\" content=\"Everest Trekking mit 5* Bewertung Mountain Lodges of Nepal\" \/>\n<meta property=\"og:description\" content=\"Alleinreisende mit Guide und Tr\u00e4ger in den Mountain Lodges of Nepal Everest Trekking mit 5* Bewertung - Reisen Nepal mit berghorizonte\" \/>\n<meta property=\"og:url\" content=\"https:\/\/www.berghorizonte.de\/blog\/trekking-zum-mt-everest-alleinreisende-mit-guide-traeger-und-den-mountain-lodges-of-nepal\/\" \/>\n<meta property=\"og:site_name\" content=\"Reiseblog\" \/>\n<meta property=\"article:published_time\" content=\"2023-09-17T10:26:18+00:00\" \/>\n<meta property=\"article:modified_time\" content=\"2023-11-10T17:33:14+00:00\" \/>\n<meta property=\"og:image\" content=\"https:\/\/www.berghorizonte.de\/blog\/wp-content\/uploads\/2023\/09\/Sonnenaufgang-Everest-scaled.jpeg\" \/>\n\t<meta property=\"og:image:width\" content=\"2560\" \/>\n\t<meta property=\"og:image:height\" content=\"1920\" \/>\n\t<meta property=\"og:image:type\" content=\"image\/jpeg\" \/>\n<meta name=\"author\" content=\"G\u00e4stebuchbeitrag\" \/>\n<meta name=\"twitter:label1\" content=\"Verfasst von\" \/>\n\t<meta name=\"twitter:data1\" content=\"G\u00e4stebuchbeitrag\" \/>\n\t<meta name=\"twitter:label2\" content=\"Gesch\u00e4tzte Lesezeit\" \/>\n\t<meta name=\"twitter:data2\" content=\"5\u00a0Minuten\" \/>\n<script type=\"application\/ld+json\" class=\"yoast-schema-graph\">{\"@context\":\"https:\\\/\\\/schema.org\",\"@graph\":[{\"@type\":\"Article\",\"@id\":\"https:\\\/\\\/www.berghorizonte.de\\\/blog\\\/trekking-zum-mt-everest-alleinreisende-mit-guide-traeger-und-den-mountain-lodges-of-nepal\\\/#article\",\"isPartOf\":{\"@id\":\"https:\\\/\\\/www.berghorizonte.de\\\/blog\\\/trekking-zum-mt-everest-alleinreisende-mit-guide-traeger-und-den-mountain-lodges-of-nepal\\\/\"},\"author\":{\"name\":\"G\u00e4stebuchbeitrag\",\"@id\":\"https:\\\/\\\/www.berghorizonte.de\\\/blog\\\/#\\\/schema\\\/person\\\/f2bccafdfb2ccdbd7b08e104f8f3f5f4\"},\"headline\":\"Trekking zum Mt. Everest: Alleinreisende mit Guide\\\/Tr\u00e4ger und den Mountain Lodges of Nepal\",\"datePublished\":\"2023-09-17T10:26:18+00:00\",\"dateModified\":\"2023-11-10T17:33:14+00:00\",\"mainEntityOfPage\":{\"@id\":\"https:\\\/\\\/www.berghorizonte.de\\\/blog\\\/trekking-zum-mt-everest-alleinreisende-mit-guide-traeger-und-den-mountain-lodges-of-nepal\\\/\"},\"wordCount\":954,\"publisher\":{\"@id\":\"https:\\\/\\\/www.berghorizonte.de\\\/blog\\\/#organization\"},\"image\":{\"@id\":\"https:\\\/\\\/www.berghorizonte.de\\\/blog\\\/trekking-zum-mt-everest-alleinreisende-mit-guide-traeger-und-den-mountain-lodges-of-nepal\\\/#primaryimage\"},\"thumbnailUrl\":\"https:\\\/\\\/www.berghorizonte.de\\\/blog\\\/wp-content\\\/uploads\\\/2023\\\/09\\\/Sonnenaufgang-Everest-scaled.jpeg\",\"keywords\":[\"5* Trekking\",\"Everest\",\"Everest Base Camp\",\"Everest Trek\",\"Everest Trekking\",\"G\u00e4stefeedback\",\"Komforttrekking\",\"Mountain Logdes of Nepal\",\"Nepal\",\"Nepal Feedback\",\"Nepal Reisebericht\",\"Nepal-Reisen\",\"Trekking\",\"Yeti Mountain Home Komfortlodge Everest Trekking by berghorizonte\"],\"articleSection\":[\"G\u00e4stebuch\",\"Reiseberichte &amp; News\"],\"inLanguage\":\"de\"},{\"@type\":\"WebPage\",\"@id\":\"https:\\\/\\\/www.berghorizonte.de\\\/blog\\\/trekking-zum-mt-everest-alleinreisende-mit-guide-traeger-und-den-mountain-lodges-of-nepal\\\/\",\"url\":\"https:\\\/\\\/www.berghorizonte.de\\\/blog\\\/trekking-zum-mt-everest-alleinreisende-mit-guide-traeger-und-den-mountain-lodges-of-nepal\\\/\",\"name\":\"Everest Trekking mit 5* Bewertung Mountain Lodges of Nepal\",\"isPartOf\":{\"@id\":\"https:\\\/\\\/www.berghorizonte.de\\\/blog\\\/#website\"},\"primaryImageOfPage\":{\"@id\":\"https:\\\/\\\/www.berghorizonte.de\\\/blog\\\/trekking-zum-mt-everest-alleinreisende-mit-guide-traeger-und-den-mountain-lodges-of-nepal\\\/#primaryimage\"},\"image\":{\"@id\":\"https:\\\/\\\/www.berghorizonte.de\\\/blog\\\/trekking-zum-mt-everest-alleinreisende-mit-guide-traeger-und-den-mountain-lodges-of-nepal\\\/#primaryimage\"},\"thumbnailUrl\":\"https:\\\/\\\/www.berghorizonte.de\\\/blog\\\/wp-content\\\/uploads\\\/2023\\\/09\\\/Sonnenaufgang-Everest-scaled.jpeg\",\"datePublished\":\"2023-09-17T10:26:18+00:00\",\"dateModified\":\"2023-11-10T17:33:14+00:00\",\"description\":\"Alleinreisende mit Guide und Tr\u00e4ger in den Mountain Lodges of Nepal Everest Trekking mit 5* Bewertung - Reisen Nepal mit berghorizonte\",\"breadcrumb\":{\"@id\":\"https:\\\/\\\/www.berghorizonte.de\\\/blog\\\/trekking-zum-mt-everest-alleinreisende-mit-guide-traeger-und-den-mountain-lodges-of-nepal\\\/#breadcrumb\"},\"inLanguage\":\"de\",\"potentialAction\":[{\"@type\":\"ReadAction\",\"target\":[\"https:\\\/\\\/www.berghorizonte.de\\\/blog\\\/trekking-zum-mt-everest-alleinreisende-mit-guide-traeger-und-den-mountain-lodges-of-nepal\\\/\"]}]},{\"@type\":\"ImageObject\",\"inLanguage\":\"de\",\"@id\":\"https:\\\/\\\/www.berghorizonte.de\\\/blog\\\/trekking-zum-mt-everest-alleinreisende-mit-guide-traeger-und-den-mountain-lodges-of-nepal\\\/#primaryimage\",\"url\":\"https:\\\/\\\/www.berghorizonte.de\\\/blog\\\/wp-content\\\/uploads\\\/2023\\\/09\\\/Sonnenaufgang-Everest-scaled.jpeg\",\"contentUrl\":\"https:\\\/\\\/www.berghorizonte.de\\\/blog\\\/wp-content\\\/uploads\\\/2023\\\/09\\\/Sonnenaufgang-Everest-scaled.jpeg\",\"width\":2560,\"height\":1920,\"caption\":\"Everest im Morgenlicht\"},{\"@type\":\"BreadcrumbList\",\"@id\":\"https:\\\/\\\/www.berghorizonte.de\\\/blog\\\/trekking-zum-mt-everest-alleinreisende-mit-guide-traeger-und-den-mountain-lodges-of-nepal\\\/#breadcrumb\",\"itemListElement\":[{\"@type\":\"ListItem\",\"position\":1,\"name\":\"Home\",\"item\":\"https:\\\/\\\/www.berghorizonte.de\\\/blog\\\/\"},{\"@type\":\"ListItem\",\"position\":2,\"name\":\"Trekking zum Mt. Everest: Alleinreisende mit Guide\\\/Tr\u00e4ger und den Mountain Lodges of Nepal\"}]},{\"@type\":\"WebSite\",\"@id\":\"https:\\\/\\\/www.berghorizonte.de\\\/blog\\\/#website\",\"url\":\"https:\\\/\\\/www.berghorizonte.de\\\/blog\\\/\",\"name\":\"Reiseblog\",\"description\":\"Erfahrungen, G\u00e4stebuch und Feedbacks alles rund ums Reisen, Wandern, Trekking in Bhutan, Nepal, Peru, Myanmar...\",\"publisher\":{\"@id\":\"https:\\\/\\\/www.berghorizonte.de\\\/blog\\\/#organization\"},\"potentialAction\":[{\"@type\":\"SearchAction\",\"target\":{\"@type\":\"EntryPoint\",\"urlTemplate\":\"https:\\\/\\\/www.berghorizonte.de\\\/blog\\\/?s={search_term_string}\"},\"query-input\":{\"@type\":\"PropertyValueSpecification\",\"valueRequired\":true,\"valueName\":\"search_term_string\"}}],\"inLanguage\":\"de\"},{\"@type\":\"Organization\",\"@id\":\"https:\\\/\\\/www.berghorizonte.de\\\/blog\\\/#organization\",\"name\":\"berghorizonte\",\"url\":\"https:\\\/\\\/www.berghorizonte.de\\\/blog\\\/\",\"logo\":{\"@type\":\"ImageObject\",\"inLanguage\":\"de\",\"@id\":\"https:\\\/\\\/www.berghorizonte.de\\\/blog\\\/#\\\/schema\\\/logo\\\/image\\\/\",\"url\":\"https:\\\/\\\/www.berghorizonte.de\\\/blog\\\/wp-content\\\/uploads\\\/2014\\\/11\\\/berghorizonte_logo_k.jpg\",\"contentUrl\":\"https:\\\/\\\/www.berghorizonte.de\\\/blog\\\/wp-content\\\/uploads\\\/2014\\\/11\\\/berghorizonte_logo_k.jpg\",\"width\":425,\"height\":236,\"caption\":\"berghorizonte\"},\"image\":{\"@id\":\"https:\\\/\\\/www.berghorizonte.de\\\/blog\\\/#\\\/schema\\\/logo\\\/image\\\/\"}},{\"@type\":\"Person\",\"@id\":\"https:\\\/\\\/www.berghorizonte.de\\\/blog\\\/#\\\/schema\\\/person\\\/f2bccafdfb2ccdbd7b08e104f8f3f5f4\",\"name\":\"G\u00e4stebuchbeitrag\",\"image\":{\"@type\":\"ImageObject\",\"inLanguage\":\"de\",\"@id\":\"https:\\\/\\\/secure.gravatar.com\\\/avatar\\\/2f7ccc3d22d720ff556bf57349708a254825802eaef24c77c3f8936cd3048f39?s=96&d=mm&r=g\",\"url\":\"https:\\\/\\\/secure.gravatar.com\\\/avatar\\\/2f7ccc3d22d720ff556bf57349708a254825802eaef24c77c3f8936cd3048f39?s=96&d=mm&r=g\",\"contentUrl\":\"https:\\\/\\\/secure.gravatar.com\\\/avatar\\\/2f7ccc3d22d720ff556bf57349708a254825802eaef24c77c3f8936cd3048f39?s=96&d=mm&r=g\",\"caption\":\"G\u00e4stebuchbeitrag\"},\"url\":\"https:\\\/\\\/www.berghorizonte.de\\\/blog\\\/author\\\/gast\\\/\"}]}<\/script>\n<!-- \/ Yoast SEO plugin. -->","yoast_head_json":{"title":"Everest Trekking mit 5* Bewertung Mountain Lodges of Nepal","description":"Alleinreisende mit Guide und Tr\u00e4ger in den Mountain Lodges of Nepal Everest Trekking mit 5* Bewertung - Reisen Nepal mit berghorizonte","robots":{"index":"index","follow":"follow","max-snippet":"max-snippet:-1","max-image-preview":"max-image-preview:large","max-video-preview":"max-video-preview:-1"},"canonical":"https:\/\/www.berghorizonte.de\/blog\/trekking-zum-mt-everest-alleinreisende-mit-guide-traeger-und-den-mountain-lodges-of-nepal\/","og_locale":"de_DE","og_type":"article","og_title":"Everest Trekking mit 5* Bewertung Mountain Lodges of Nepal","og_description":"Alleinreisende mit Guide und Tr\u00e4ger in den Mountain Lodges of Nepal Everest Trekking mit 5* Bewertung - Reisen Nepal mit berghorizonte","og_url":"https:\/\/www.berghorizonte.de\/blog\/trekking-zum-mt-everest-alleinreisende-mit-guide-traeger-und-den-mountain-lodges-of-nepal\/","og_site_name":"Reiseblog","article_published_time":"2023-09-17T10:26:18+00:00","article_modified_time":"2023-11-10T17:33:14+00:00","og_image":[{"width":2560,"height":1920,"url":"https:\/\/www.berghorizonte.de\/blog\/wp-content\/uploads\/2023\/09\/Sonnenaufgang-Everest-scaled.jpeg","type":"image\/jpeg"}],"author":"G\u00e4stebuchbeitrag","twitter_misc":{"Verfasst von":"G\u00e4stebuchbeitrag","Gesch\u00e4tzte Lesezeit":"5\u00a0Minuten"},"schema":{"@context":"https:\/\/schema.org","@graph":[{"@type":"Article","@id":"https:\/\/www.berghorizonte.de\/blog\/trekking-zum-mt-everest-alleinreisende-mit-guide-traeger-und-den-mountain-lodges-of-nepal\/#article","isPartOf":{"@id":"https:\/\/www.berghorizonte.de\/blog\/trekking-zum-mt-everest-alleinreisende-mit-guide-traeger-und-den-mountain-lodges-of-nepal\/"},"author":{"name":"G\u00e4stebuchbeitrag","@id":"https:\/\/www.berghorizonte.de\/blog\/#\/schema\/person\/f2bccafdfb2ccdbd7b08e104f8f3f5f4"},"headline":"Trekking zum Mt. Everest: Alleinreisende mit Guide\/Tr\u00e4ger und den Mountain Lodges of Nepal","datePublished":"2023-09-17T10:26:18+00:00","dateModified":"2023-11-10T17:33:14+00:00","mainEntityOfPage":{"@id":"https:\/\/www.berghorizonte.de\/blog\/trekking-zum-mt-everest-alleinreisende-mit-guide-traeger-und-den-mountain-lodges-of-nepal\/"},"wordCount":954,"publisher":{"@id":"https:\/\/www.berghorizonte.de\/blog\/#organization"},"image":{"@id":"https:\/\/www.berghorizonte.de\/blog\/trekking-zum-mt-everest-alleinreisende-mit-guide-traeger-und-den-mountain-lodges-of-nepal\/#primaryimage"},"thumbnailUrl":"https:\/\/www.berghorizonte.de\/blog\/wp-content\/uploads\/2023\/09\/Sonnenaufgang-Everest-scaled.jpeg","keywords":["5* Trekking","Everest","Everest Base Camp","Everest Trek","Everest Trekking","G\u00e4stefeedback","Komforttrekking","Mountain Logdes of Nepal","Nepal","Nepal Feedback","Nepal Reisebericht","Nepal-Reisen","Trekking","Yeti Mountain Home Komfortlodge Everest Trekking by berghorizonte"],"articleSection":["G\u00e4stebuch","Reiseberichte &amp; News"],"inLanguage":"de"},{"@type":"WebPage","@id":"https:\/\/www.berghorizonte.de\/blog\/trekking-zum-mt-everest-alleinreisende-mit-guide-traeger-und-den-mountain-lodges-of-nepal\/","url":"https:\/\/www.berghorizonte.de\/blog\/trekking-zum-mt-everest-alleinreisende-mit-guide-traeger-und-den-mountain-lodges-of-nepal\/","name":"Everest Trekking mit 5* Bewertung Mountain Lodges of Nepal","isPartOf":{"@id":"https:\/\/www.berghorizonte.de\/blog\/#website"},"primaryImageOfPage":{"@id":"https:\/\/www.berghorizonte.de\/blog\/trekking-zum-mt-everest-alleinreisende-mit-guide-traeger-und-den-mountain-lodges-of-nepal\/#primaryimage"},"image":{"@id":"https:\/\/www.berghorizonte.de\/blog\/trekking-zum-mt-everest-alleinreisende-mit-guide-traeger-und-den-mountain-lodges-of-nepal\/#primaryimage"},"thumbnailUrl":"https:\/\/www.berghorizonte.de\/blog\/wp-content\/uploads\/2023\/09\/Sonnenaufgang-Everest-scaled.jpeg","datePublished":"2023-09-17T10:26:18+00:00","dateModified":"2023-11-10T17:33:14+00:00","description":"Alleinreisende mit Guide und Tr\u00e4ger in den Mountain Lodges of Nepal Everest Trekking mit 5* Bewertung - Reisen Nepal mit berghorizonte","breadcrumb":{"@id":"https:\/\/www.berghorizonte.de\/blog\/trekking-zum-mt-everest-alleinreisende-mit-guide-traeger-und-den-mountain-lodges-of-nepal\/#breadcrumb"},"inLanguage":"de","potentialAction":[{"@type":"ReadAction","target":["https:\/\/www.berghorizonte.de\/blog\/trekking-zum-mt-everest-alleinreisende-mit-guide-traeger-und-den-mountain-lodges-of-nepal\/"]}]},{"@type":"ImageObject","inLanguage":"de","@id":"https:\/\/www.berghorizonte.de\/blog\/trekking-zum-mt-everest-alleinreisende-mit-guide-traeger-und-den-mountain-lodges-of-nepal\/#primaryimage","url":"https:\/\/www.berghorizonte.de\/blog\/wp-content\/uploads\/2023\/09\/Sonnenaufgang-Everest-scaled.jpeg","contentUrl":"https:\/\/www.berghorizonte.de\/blog\/wp-content\/uploads\/2023\/09\/Sonnenaufgang-Everest-scaled.jpeg","width":2560,"height":1920,"caption":"Everest im Morgenlicht"},{"@type":"BreadcrumbList","@id":"https:\/\/www.berghorizonte.de\/blog\/trekking-zum-mt-everest-alleinreisende-mit-guide-traeger-und-den-mountain-lodges-of-nepal\/#breadcrumb","itemListElement":[{"@type":"ListItem","position":1,"name":"Home","item":"https:\/\/www.berghorizonte.de\/blog\/"},{"@type":"ListItem","position":2,"name":"Trekking zum Mt. Everest: Alleinreisende mit Guide\/Tr\u00e4ger und den Mountain Lodges of Nepal"}]},{"@type":"WebSite","@id":"https:\/\/www.berghorizonte.de\/blog\/#website","url":"https:\/\/www.berghorizonte.de\/blog\/","name":"Reiseblog","description":"Erfahrungen, G\u00e4stebuch und Feedbacks alles rund ums Reisen, Wandern, Trekking in Bhutan, Nepal, Peru, Myanmar...","publisher":{"@id":"https:\/\/www.berghorizonte.de\/blog\/#organization"},"potentialAction":[{"@type":"SearchAction","target":{"@type":"EntryPoint","urlTemplate":"https:\/\/www.berghorizonte.de\/blog\/?s={search_term_string}"},"query-input":{"@type":"PropertyValueSpecification","valueRequired":true,"valueName":"search_term_string"}}],"inLanguage":"de"},{"@type":"Organization","@id":"https:\/\/www.berghorizonte.de\/blog\/#organization","name":"berghorizonte","url":"https:\/\/www.berghorizonte.de\/blog\/","logo":{"@type":"ImageObject","inLanguage":"de","@id":"https:\/\/www.berghorizonte.de\/blog\/#\/schema\/logo\/image\/","url":"https:\/\/www.berghorizonte.de\/blog\/wp-content\/uploads\/2014\/11\/berghorizonte_logo_k.jpg","contentUrl":"https:\/\/www.berghorizonte.de\/blog\/wp-content\/uploads\/2014\/11\/berghorizonte_logo_k.jpg","width":425,"height":236,"caption":"berghorizonte"},"image":{"@id":"https:\/\/www.berghorizonte.de\/blog\/#\/schema\/logo\/image\/"}},{"@type":"Person","@id":"https:\/\/www.berghorizonte.de\/blog\/#\/schema\/person\/f2bccafdfb2ccdbd7b08e104f8f3f5f4","name":"G\u00e4stebuchbeitrag","image":{"@type":"ImageObject","inLanguage":"de","@id":"https:\/\/secure.gravatar.com\/avatar\/2f7ccc3d22d720ff556bf57349708a254825802eaef24c77c3f8936cd3048f39?s=96&d=mm&r=g","url":"https:\/\/secure.gravatar.com\/avatar\/2f7ccc3d22d720ff556bf57349708a254825802eaef24c77c3f8936cd3048f39?s=96&d=mm&r=g","contentUrl":"https:\/\/secure.gravatar.com\/avatar\/2f7ccc3d22d720ff556bf57349708a254825802eaef24c77c3f8936cd3048f39?s=96&d=mm&r=g","caption":"G\u00e4stebuchbeitrag"},"url":"https:\/\/www.berghorizonte.de\/blog\/author\/gast\/"}]}},"_links":{"self":[{"href":"https:\/\/www.berghorizonte.de\/blog\/wp-json\/wp\/v2\/posts\/5211","targetHints":{"allow":["GET"]}}],"collection":[{"href":"https:\/\/www.berghorizonte.de\/blog\/wp-json\/wp\/v2\/posts"}],"about":[{"href":"https:\/\/www.berghorizonte.de\/blog\/wp-json\/wp\/v2\/types\/post"}],"author":[{"embeddable":true,"href":"https:\/\/www.berghorizonte.de\/blog\/wp-json\/wp\/v2\/users\/5"}],"replies":[{"embeddable":true,"href":"https:\/\/www.berghorizonte.de\/blog\/wp-json\/wp\/v2\/comments?post=5211"}],"version-history":[{"count":7,"href":"https:\/\/www.berghorizonte.de\/blog\/wp-json\/wp\/v2\/posts\/5211\/revisions"}],"predecessor-version":[{"id":5225,"href":"https:\/\/www.berghorizonte.de\/blog\/wp-json\/wp\/v2\/posts\/5211\/revisions\/5225"}],"wp:featuredmedia":[{"embeddable":true,"href":"https:\/\/www.berghorizonte.de\/blog\/wp-json\/wp\/v2\/media\/5213"}],"wp:attachment":[{"href":"https:\/\/www.berghorizonte.de\/blog\/wp-json\/wp\/v2\/media?parent=5211"}],"wp:term":[{"taxonomy":"category","embeddable":true,"href":"https:\/\/www.berghorizonte.de\/blog\/wp-json\/wp\/v2\/categories?post=5211"},{"taxonomy":"post_tag","embeddable":true,"href":"https:\/\/www.berghorizonte.de\/blog\/wp-json\/wp\/v2\/tags?post=5211"}],"curies":[{"name":"wp","href":"https:\/\/api.w.org\/{rel}","templated":true}]}}