{"id":5394,"date":"2025-06-30T11:28:33","date_gmt":"2025-06-30T09:28:33","guid":{"rendered":"https:\/\/www.berghorizonte.de\/blog\/?p=5394"},"modified":"2025-06-30T11:32:17","modified_gmt":"2025-06-30T09:32:17","slug":"nepal-reisebericht-zum-everest-base-camp","status":"publish","type":"post","link":"https:\/\/www.berghorizonte.de\/blog\/nepal-reisebericht-zum-everest-base-camp\/","title":{"rendered":"Nepal Reisebericht zum Everest Base Camp"},"content":{"rendered":"<p>\u201eNamaste. Welcome to Nepal.\u201c Mit diesen Worten begr\u00fc\u00dft mich Bergf\u00fchrer Saroj Kulung am Internationalen Flughafen von\u00a0Kathmandu\u00a0und legt mir freundschaftlich einen Khata, den traditionellen Begr\u00fc\u00dfungsschal, um den Hals. Er bedeutet Positivit\u00e4t und Gl\u00fcck, und Gl\u00fcck kann ich in den n\u00e4chsten vierzehn Tagen wahrlich brauchen.<\/p>\n<p>Schon beim Passieren der Sicherheitsschleusen bin ich froh, bei diesem Trip auf\u00a0<a href=\"https:\/\/www.berghorizonte.de\/\" target=\"_blank\" rel=\"noopener\"><strong>Berghorizonte<\/strong><\/a>\u00a0gesetzt zu haben. Der Outdoor-Reiseveranstalter aus F\u00fcssen ist ein erfahrener Spezialist der Himalaya Region und wei\u00df, wie man Neuank\u00f6mmlinge \u00fcber die H\u00fcrden der Einreiseformalit\u00e4ten hebt. Wo andere Flugg\u00e4ste noch r\u00e4tseln, ob sie erst das Immigrations-Formular ausf\u00fcllen oder zum Schalter der Visum-Geb\u00fchr rennen sollen, wartet bereits ein freundlicher Officer auf mich, um mir die Formalit\u00e4ten einfach abzunehmen. Danach geht es an der Warteschlange vorbei, direkt in die Arme meines Bergf\u00fchrers, der uns mit dem Taxi ins Hotel bringt.<\/p>\n<p>Weiterlesen unter:<\/p>\n<h3><a href=\"https:\/\/www.turnagain.de\/far-away\/everest-base-camp-trekking\/\" target=\"_blank\" rel=\"noopener\">https:\/\/www.turnagain.de\/far-away\/everest-base-camp-trekking\/<\/a><\/h3>\n","protected":false},"excerpt":{"rendered":"<p>Der Outdoor-Reiseveranstalter aus F\u00fcssen ist ein erfahrener Spezialist der Himalaya Region und wei\u00df, wie man Neuank\u00f6mmlinge \u00fcber die H\u00fcrden der Einreiseformalit\u00e4ten hebt.<\/p>\n","protected":false},"author":5,"featured_media":4730,"comment_status":"closed","ping_status":"open","sticky":false,"template":"","format":"standard","meta":{"footnotes":""},"categories":[6],"tags":[25,295,465,453,24,164],"class_list":["post-5394","post","type-post","status-publish","format-standard","has-post-thumbnail","hentry","category-nepal","tag-everest","tag-komfort-lodge-trekking","tag-komfort-trek","tag-mountain-lodge-nepal","tag-nepal-2","tag-trekking"],"yoast_head":"<!-- This site is optimized with the Yoast SEO plugin v27.5 - https:\/\/yoast.com\/product\/yoast-seo-wordpress\/ -->\n<title>Trekking und Reisen | berghorizonte.de<\/title>\n<meta name=\"description\" content=\"Reisebericht Everest Komfort Trekking Nepal mit berghorizonte dem Spezialisten f\u00fcr Nepal Reisen und Trekking\" \/>\n<meta name=\"robots\" content=\"index, follow, max-snippet:-1, max-image-preview:large, max-video-preview:-1\" \/>\n<link rel=\"canonical\" href=\"https:\/\/www.berghorizonte.de\/blog\/nepal-reisebericht-zum-everest-base-camp\/\" \/>\n<meta property=\"og:locale\" content=\"de_DE\" \/>\n<meta property=\"og:type\" content=\"article\" \/>\n<meta property=\"og:title\" content=\"Trekking und Reisen | berghorizonte.de\" \/>\n<meta property=\"og:description\" content=\"Reisebericht Everest Komfort Trekking Nepal mit berghorizonte dem Spezialisten f\u00fcr Nepal Reisen und Trekking\" \/>\n<meta property=\"og:url\" content=\"https:\/\/www.berghorizonte.de\/blog\/nepal-reisebericht-zum-everest-base-camp\/\" \/>\n<meta property=\"og:site_name\" content=\"Reiseblog\" \/>\n<meta property=\"article:published_time\" content=\"2025-06-30T09:28:33+00:00\" \/>\n<meta property=\"article:modified_time\" content=\"2025-06-30T09:32:17+00:00\" \/>\n<meta property=\"og:image\" content=\"https:\/\/www.berghorizonte.de\/blog\/wp-content\/uploads\/2019\/05\/Nepal-Trekking-zum-Everest-Chitwan-Safari-mit-berghorizonte-11-1024x768.jpg\" \/>\n\t<meta property=\"og:image:width\" content=\"1024\" \/>\n\t<meta property=\"og:image:height\" content=\"768\" \/>\n\t<meta property=\"og:image:type\" content=\"image\/jpeg\" \/>\n<meta name=\"author\" content=\"G\u00e4stebuchbeitrag\" \/>\n<meta name=\"twitter:label1\" content=\"Verfasst von\" \/>\n\t<meta name=\"twitter:data1\" content=\"G\u00e4stebuchbeitrag\" \/>\n\t<meta name=\"twitter:label2\" content=\"Gesch\u00e4tzte Lesezeit\" \/>\n\t<meta name=\"twitter:data2\" content=\"1\u00a0Minute\" \/>\n<script type=\"application\/ld+json\" class=\"yoast-schema-graph\">{\"@context\":\"https:\\\/\\\/schema.org\",\"@graph\":[{\"@type\":\"Article\",\"@id\":\"https:\\\/\\\/www.berghorizonte.de\\\/blog\\\/nepal-reisebericht-zum-everest-base-camp\\\/#article\",\"isPartOf\":{\"@id\":\"https:\\\/\\\/www.berghorizonte.de\\\/blog\\\/nepal-reisebericht-zum-everest-base-camp\\\/\"},\"author\":{\"name\":\"G\u00e4stebuchbeitrag\",\"@id\":\"https:\\\/\\\/www.berghorizonte.de\\\/blog\\\/#\\\/schema\\\/person\\\/f2bccafdfb2ccdbd7b08e104f8f3f5f4\"},\"headline\":\"Nepal Reisebericht zum Everest Base Camp\",\"datePublished\":\"2025-06-30T09:28:33+00:00\",\"dateModified\":\"2025-06-30T09:32:17+00:00\",\"mainEntityOfPage\":{\"@id\":\"https:\\\/\\\/www.berghorizonte.de\\\/blog\\\/nepal-reisebericht-zum-everest-base-camp\\\/\"},\"wordCount\":166,\"publisher\":{\"@id\":\"https:\\\/\\\/www.berghorizonte.de\\\/blog\\\/#organization\"},\"image\":{\"@id\":\"https:\\\/\\\/www.berghorizonte.de\\\/blog\\\/nepal-reisebericht-zum-everest-base-camp\\\/#primaryimage\"},\"thumbnailUrl\":\"https:\\\/\\\/www.berghorizonte.de\\\/blog\\\/wp-content\\\/uploads\\\/2019\\\/05\\\/Nepal-Trekking-zum-Everest-Chitwan-Safari-mit-berghorizonte-11-1024x768.jpg\",\"keywords\":[\"Everest\",\"Komfort Lodge Trekking\",\"Komfort Trek\",\"Mountain Lodge Nepal\",\"Nepal\",\"Trekking\"],\"articleSection\":[\"Reiseberichte &amp; News\"],\"inLanguage\":\"de\"},{\"@type\":\"WebPage\",\"@id\":\"https:\\\/\\\/www.berghorizonte.de\\\/blog\\\/nepal-reisebericht-zum-everest-base-camp\\\/\",\"url\":\"https:\\\/\\\/www.berghorizonte.de\\\/blog\\\/nepal-reisebericht-zum-everest-base-camp\\\/\",\"name\":\"Trekking und Reisen | berghorizonte.de\",\"isPartOf\":{\"@id\":\"https:\\\/\\\/www.berghorizonte.de\\\/blog\\\/#website\"},\"primaryImageOfPage\":{\"@id\":\"https:\\\/\\\/www.berghorizonte.de\\\/blog\\\/nepal-reisebericht-zum-everest-base-camp\\\/#primaryimage\"},\"image\":{\"@id\":\"https:\\\/\\\/www.berghorizonte.de\\\/blog\\\/nepal-reisebericht-zum-everest-base-camp\\\/#primaryimage\"},\"thumbnailUrl\":\"https:\\\/\\\/www.berghorizonte.de\\\/blog\\\/wp-content\\\/uploads\\\/2019\\\/05\\\/Nepal-Trekking-zum-Everest-Chitwan-Safari-mit-berghorizonte-11-1024x768.jpg\",\"datePublished\":\"2025-06-30T09:28:33+00:00\",\"dateModified\":\"2025-06-30T09:32:17+00:00\",\"description\":\"Reisebericht Everest Komfort Trekking Nepal mit berghorizonte dem Spezialisten f\u00fcr Nepal Reisen und Trekking\",\"breadcrumb\":{\"@id\":\"https:\\\/\\\/www.berghorizonte.de\\\/blog\\\/nepal-reisebericht-zum-everest-base-camp\\\/#breadcrumb\"},\"inLanguage\":\"de\",\"potentialAction\":[{\"@type\":\"ReadAction\",\"target\":[\"https:\\\/\\\/www.berghorizonte.de\\\/blog\\\/nepal-reisebericht-zum-everest-base-camp\\\/\"]}]},{\"@type\":\"ImageObject\",\"inLanguage\":\"de\",\"@id\":\"https:\\\/\\\/www.berghorizonte.de\\\/blog\\\/nepal-reisebericht-zum-everest-base-camp\\\/#primaryimage\",\"url\":\"https:\\\/\\\/www.berghorizonte.de\\\/blog\\\/wp-content\\\/uploads\\\/2019\\\/05\\\/Nepal-Trekking-zum-Everest-Chitwan-Safari-mit-berghorizonte-11-1024x768.jpg\",\"contentUrl\":\"https:\\\/\\\/www.berghorizonte.de\\\/blog\\\/wp-content\\\/uploads\\\/2019\\\/05\\\/Nepal-Trekking-zum-Everest-Chitwan-Safari-mit-berghorizonte-11-1024x768.jpg\",\"width\":1024,\"height\":768,\"caption\":\"Everest Base Camp\"},{\"@type\":\"BreadcrumbList\",\"@id\":\"https:\\\/\\\/www.berghorizonte.de\\\/blog\\\/nepal-reisebericht-zum-everest-base-camp\\\/#breadcrumb\",\"itemListElement\":[{\"@type\":\"ListItem\",\"position\":1,\"name\":\"Home\",\"item\":\"https:\\\/\\\/www.berghorizonte.de\\\/blog\\\/\"},{\"@type\":\"ListItem\",\"position\":2,\"name\":\"Nepal Reisebericht zum Everest Base Camp\"}]},{\"@type\":\"WebSite\",\"@id\":\"https:\\\/\\\/www.berghorizonte.de\\\/blog\\\/#website\",\"url\":\"https:\\\/\\\/www.berghorizonte.de\\\/blog\\\/\",\"name\":\"Reiseblog\",\"description\":\"Erfahrungen, G\u00e4stebuch und Feedbacks alles rund ums Reisen, Wandern, Trekking in Bhutan, Nepal, Peru, Myanmar...\",\"publisher\":{\"@id\":\"https:\\\/\\\/www.berghorizonte.de\\\/blog\\\/#organization\"},\"potentialAction\":[{\"@type\":\"SearchAction\",\"target\":{\"@type\":\"EntryPoint\",\"urlTemplate\":\"https:\\\/\\\/www.berghorizonte.de\\\/blog\\\/?s={search_term_string}\"},\"query-input\":{\"@type\":\"PropertyValueSpecification\",\"valueRequired\":true,\"valueName\":\"search_term_string\"}}],\"inLanguage\":\"de\"},{\"@type\":\"Organization\",\"@id\":\"https:\\\/\\\/www.berghorizonte.de\\\/blog\\\/#organization\",\"name\":\"berghorizonte\",\"url\":\"https:\\\/\\\/www.berghorizonte.de\\\/blog\\\/\",\"logo\":{\"@type\":\"ImageObject\",\"inLanguage\":\"de\",\"@id\":\"https:\\\/\\\/www.berghorizonte.de\\\/blog\\\/#\\\/schema\\\/logo\\\/image\\\/\",\"url\":\"https:\\\/\\\/www.berghorizonte.de\\\/blog\\\/wp-content\\\/uploads\\\/2014\\\/11\\\/berghorizonte_logo_k.jpg\",\"contentUrl\":\"https:\\\/\\\/www.berghorizonte.de\\\/blog\\\/wp-content\\\/uploads\\\/2014\\\/11\\\/berghorizonte_logo_k.jpg\",\"width\":425,\"height\":236,\"caption\":\"berghorizonte\"},\"image\":{\"@id\":\"https:\\\/\\\/www.berghorizonte.de\\\/blog\\\/#\\\/schema\\\/logo\\\/image\\\/\"}},{\"@type\":\"Person\",\"@id\":\"https:\\\/\\\/www.berghorizonte.de\\\/blog\\\/#\\\/schema\\\/person\\\/f2bccafdfb2ccdbd7b08e104f8f3f5f4\",\"name\":\"G\u00e4stebuchbeitrag\",\"image\":{\"@type\":\"ImageObject\",\"inLanguage\":\"de\",\"@id\":\"https:\\\/\\\/secure.gravatar.com\\\/avatar\\\/2f7ccc3d22d720ff556bf57349708a254825802eaef24c77c3f8936cd3048f39?s=96&d=mm&r=g\",\"url\":\"https:\\\/\\\/secure.gravatar.com\\\/avatar\\\/2f7ccc3d22d720ff556bf57349708a254825802eaef24c77c3f8936cd3048f39?s=96&d=mm&r=g\",\"contentUrl\":\"https:\\\/\\\/secure.gravatar.com\\\/avatar\\\/2f7ccc3d22d720ff556bf57349708a254825802eaef24c77c3f8936cd3048f39?s=96&d=mm&r=g\",\"caption\":\"G\u00e4stebuchbeitrag\"},\"url\":\"https:\\\/\\\/www.berghorizonte.de\\\/blog\\\/author\\\/gast\\\/\"}]}<\/script>\n<!-- \/ Yoast SEO plugin. -->","yoast_head_json":{"title":"Trekking und Reisen | berghorizonte.de","description":"Reisebericht Everest Komfort Trekking Nepal mit berghorizonte dem Spezialisten f\u00fcr Nepal Reisen und Trekking","robots":{"index":"index","follow":"follow","max-snippet":"max-snippet:-1","max-image-preview":"max-image-preview:large","max-video-preview":"max-video-preview:-1"},"canonical":"https:\/\/www.berghorizonte.de\/blog\/nepal-reisebericht-zum-everest-base-camp\/","og_locale":"de_DE","og_type":"article","og_title":"Trekking und Reisen | berghorizonte.de","og_description":"Reisebericht Everest Komfort Trekking Nepal mit berghorizonte dem Spezialisten f\u00fcr Nepal Reisen und Trekking","og_url":"https:\/\/www.berghorizonte.de\/blog\/nepal-reisebericht-zum-everest-base-camp\/","og_site_name":"Reiseblog","article_published_time":"2025-06-30T09:28:33+00:00","article_modified_time":"2025-06-30T09:32:17+00:00","og_image":[{"width":1024,"height":768,"url":"https:\/\/www.berghorizonte.de\/blog\/wp-content\/uploads\/2019\/05\/Nepal-Trekking-zum-Everest-Chitwan-Safari-mit-berghorizonte-11-1024x768.jpg","type":"image\/jpeg"}],"author":"G\u00e4stebuchbeitrag","twitter_misc":{"Verfasst von":"G\u00e4stebuchbeitrag","Gesch\u00e4tzte Lesezeit":"1\u00a0Minute"},"schema":{"@context":"https:\/\/schema.org","@graph":[{"@type":"Article","@id":"https:\/\/www.berghorizonte.de\/blog\/nepal-reisebericht-zum-everest-base-camp\/#article","isPartOf":{"@id":"https:\/\/www.berghorizonte.de\/blog\/nepal-reisebericht-zum-everest-base-camp\/"},"author":{"name":"G\u00e4stebuchbeitrag","@id":"https:\/\/www.berghorizonte.de\/blog\/#\/schema\/person\/f2bccafdfb2ccdbd7b08e104f8f3f5f4"},"headline":"Nepal Reisebericht zum Everest Base Camp","datePublished":"2025-06-30T09:28:33+00:00","dateModified":"2025-06-30T09:32:17+00:00","mainEntityOfPage":{"@id":"https:\/\/www.berghorizonte.de\/blog\/nepal-reisebericht-zum-everest-base-camp\/"},"wordCount":166,"publisher":{"@id":"https:\/\/www.berghorizonte.de\/blog\/#organization"},"image":{"@id":"https:\/\/www.berghorizonte.de\/blog\/nepal-reisebericht-zum-everest-base-camp\/#primaryimage"},"thumbnailUrl":"https:\/\/www.berghorizonte.de\/blog\/wp-content\/uploads\/2019\/05\/Nepal-Trekking-zum-Everest-Chitwan-Safari-mit-berghorizonte-11-1024x768.jpg","keywords":["Everest","Komfort Lodge Trekking","Komfort Trek","Mountain Lodge Nepal","Nepal","Trekking"],"articleSection":["Reiseberichte &amp; News"],"inLanguage":"de"},{"@type":"WebPage","@id":"https:\/\/www.berghorizonte.de\/blog\/nepal-reisebericht-zum-everest-base-camp\/","url":"https:\/\/www.berghorizonte.de\/blog\/nepal-reisebericht-zum-everest-base-camp\/","name":"Trekking und Reisen | berghorizonte.de","isPartOf":{"@id":"https:\/\/www.berghorizonte.de\/blog\/#website"},"primaryImageOfPage":{"@id":"https:\/\/www.berghorizonte.de\/blog\/nepal-reisebericht-zum-everest-base-camp\/#primaryimage"},"image":{"@id":"https:\/\/www.berghorizonte.de\/blog\/nepal-reisebericht-zum-everest-base-camp\/#primaryimage"},"thumbnailUrl":"https:\/\/www.berghorizonte.de\/blog\/wp-content\/uploads\/2019\/05\/Nepal-Trekking-zum-Everest-Chitwan-Safari-mit-berghorizonte-11-1024x768.jpg","datePublished":"2025-06-30T09:28:33+00:00","dateModified":"2025-06-30T09:32:17+00:00","description":"Reisebericht Everest Komfort Trekking Nepal mit berghorizonte dem Spezialisten f\u00fcr Nepal Reisen und Trekking","breadcrumb":{"@id":"https:\/\/www.berghorizonte.de\/blog\/nepal-reisebericht-zum-everest-base-camp\/#breadcrumb"},"inLanguage":"de","potentialAction":[{"@type":"ReadAction","target":["https:\/\/www.berghorizonte.de\/blog\/nepal-reisebericht-zum-everest-base-camp\/"]}]},{"@type":"ImageObject","inLanguage":"de","@id":"https:\/\/www.berghorizonte.de\/blog\/nepal-reisebericht-zum-everest-base-camp\/#primaryimage","url":"https:\/\/www.berghorizonte.de\/blog\/wp-content\/uploads\/2019\/05\/Nepal-Trekking-zum-Everest-Chitwan-Safari-mit-berghorizonte-11-1024x768.jpg","contentUrl":"https:\/\/www.berghorizonte.de\/blog\/wp-content\/uploads\/2019\/05\/Nepal-Trekking-zum-Everest-Chitwan-Safari-mit-berghorizonte-11-1024x768.jpg","width":1024,"height":768,"caption":"Everest Base Camp"},{"@type":"BreadcrumbList","@id":"https:\/\/www.berghorizonte.de\/blog\/nepal-reisebericht-zum-everest-base-camp\/#breadcrumb","itemListElement":[{"@type":"ListItem","position":1,"name":"Home","item":"https:\/\/www.berghorizonte.de\/blog\/"},{"@type":"ListItem","position":2,"name":"Nepal Reisebericht zum Everest Base Camp"}]},{"@type":"WebSite","@id":"https:\/\/www.berghorizonte.de\/blog\/#website","url":"https:\/\/www.berghorizonte.de\/blog\/","name":"Reiseblog","description":"Erfahrungen, G\u00e4stebuch und Feedbacks alles rund ums Reisen, Wandern, Trekking in Bhutan, Nepal, Peru, Myanmar...","publisher":{"@id":"https:\/\/www.berghorizonte.de\/blog\/#organization"},"potentialAction":[{"@type":"SearchAction","target":{"@type":"EntryPoint","urlTemplate":"https:\/\/www.berghorizonte.de\/blog\/?s={search_term_string}"},"query-input":{"@type":"PropertyValueSpecification","valueRequired":true,"valueName":"search_term_string"}}],"inLanguage":"de"},{"@type":"Organization","@id":"https:\/\/www.berghorizonte.de\/blog\/#organization","name":"berghorizonte","url":"https:\/\/www.berghorizonte.de\/blog\/","logo":{"@type":"ImageObject","inLanguage":"de","@id":"https:\/\/www.berghorizonte.de\/blog\/#\/schema\/logo\/image\/","url":"https:\/\/www.berghorizonte.de\/blog\/wp-content\/uploads\/2014\/11\/berghorizonte_logo_k.jpg","contentUrl":"https:\/\/www.berghorizonte.de\/blog\/wp-content\/uploads\/2014\/11\/berghorizonte_logo_k.jpg","width":425,"height":236,"caption":"berghorizonte"},"image":{"@id":"https:\/\/www.berghorizonte.de\/blog\/#\/schema\/logo\/image\/"}},{"@type":"Person","@id":"https:\/\/www.berghorizonte.de\/blog\/#\/schema\/person\/f2bccafdfb2ccdbd7b08e104f8f3f5f4","name":"G\u00e4stebuchbeitrag","image":{"@type":"ImageObject","inLanguage":"de","@id":"https:\/\/secure.gravatar.com\/avatar\/2f7ccc3d22d720ff556bf57349708a254825802eaef24c77c3f8936cd3048f39?s=96&d=mm&r=g","url":"https:\/\/secure.gravatar.com\/avatar\/2f7ccc3d22d720ff556bf57349708a254825802eaef24c77c3f8936cd3048f39?s=96&d=mm&r=g","contentUrl":"https:\/\/secure.gravatar.com\/avatar\/2f7ccc3d22d720ff556bf57349708a254825802eaef24c77c3f8936cd3048f39?s=96&d=mm&r=g","caption":"G\u00e4stebuchbeitrag"},"url":"https:\/\/www.berghorizonte.de\/blog\/author\/gast\/"}]}},"_links":{"self":[{"href":"https:\/\/www.berghorizonte.de\/blog\/wp-json\/wp\/v2\/posts\/5394","targetHints":{"allow":["GET"]}}],"collection":[{"href":"https:\/\/www.berghorizonte.de\/blog\/wp-json\/wp\/v2\/posts"}],"about":[{"href":"https:\/\/www.berghorizonte.de\/blog\/wp-json\/wp\/v2\/types\/post"}],"author":[{"embeddable":true,"href":"https:\/\/www.berghorizonte.de\/blog\/wp-json\/wp\/v2\/users\/5"}],"replies":[{"embeddable":true,"href":"https:\/\/www.berghorizonte.de\/blog\/wp-json\/wp\/v2\/comments?post=5394"}],"version-history":[{"count":4,"href":"https:\/\/www.berghorizonte.de\/blog\/wp-json\/wp\/v2\/posts\/5394\/revisions"}],"predecessor-version":[{"id":5398,"href":"https:\/\/www.berghorizonte.de\/blog\/wp-json\/wp\/v2\/posts\/5394\/revisions\/5398"}],"wp:featuredmedia":[{"embeddable":true,"href":"https:\/\/www.berghorizonte.de\/blog\/wp-json\/wp\/v2\/media\/4730"}],"wp:attachment":[{"href":"https:\/\/www.berghorizonte.de\/blog\/wp-json\/wp\/v2\/media?parent=5394"}],"wp:term":[{"taxonomy":"category","embeddable":true,"href":"https:\/\/www.berghorizonte.de\/blog\/wp-json\/wp\/v2\/categories?post=5394"},{"taxonomy":"post_tag","embeddable":true,"href":"https:\/\/www.berghorizonte.de\/blog\/wp-json\/wp\/v2\/tags?post=5394"}],"curies":[{"name":"wp","href":"https:\/\/api.w.org\/{rel}","templated":true}]}}