{"id":5399,"date":"2025-06-30T11:40:33","date_gmt":"2025-06-30T09:40:33","guid":{"rendered":"https:\/\/www.berghorizonte.de\/blog\/?p=5399"},"modified":"2025-06-30T11:45:17","modified_gmt":"2025-06-30T09:45:17","slug":"bhutan-reisebericht-hoehepunkte-bhutans","status":"publish","type":"post","link":"https:\/\/www.berghorizonte.de\/blog\/bhutan-reisebericht-hoehepunkte-bhutans\/","title":{"rendered":"Bhutan Reisebericht: H\u00f6hepunkte Bhutans"},"content":{"rendered":"<p>Bhutan pr\u00e4sentiert sich immer wieder als gro\u00dfe B\u00fchne mit paradiesischen Ausma\u00dfen. \u00dcberall bl\u00fcht Weihnachtsstern, Farmer arbeiten auf Reisterrassen, hin und wieder kreuzen Pferde oder K\u00fche unseren Weg. Die Sonne strahlt mit unserer Laune um die Wette und treibt die Temperaturen auf angenehme 20 Grad. Wir besuchen den buddhischen Khamsum Yulley Namgyel Choeten und haben Gl\u00fcck, dass gerade eine Zeremonie mit Trommeln, Fl\u00f6ten und Trompeten abgehalten wird. Ein h\u00f6chst meditativer Augenblick, der entschleunigt, genauso wie der Ausblick auf die wundersch\u00f6ne Berg- und Tallandschaft. Wir wandern zur\u00fcck entlang der Reisterrassen, \u00fcberqueren eine typische Himalaya-H\u00e4ngebr\u00fccke, besuchen ein Nonnenkloster, halten Picknick auf einem Aussichtsplatz, und wandern bis zur Dhumra Farm zur\u00fcck, die f\u00fcr immer einen Platz in meinem Herzen haben wird.<\/p>\n<p>Kompletten Reisebericht lesen:<\/p>\n<h3><span style=\"color: #0000ff;\"><a style=\"color: #0000ff;\" href=\"https:\/\/www.turnagain.de\/far-away\/hoehepunkte-bhutans\/\" target=\"_blank\" rel=\"noopener\">https:\/\/www.turnagain.de\/far-away\/hoehepunkte-bhutans\/<\/a><\/span><\/h3>\n<p>Dieser Artikel entstand mit Unterst\u00fctzung von Berghorizonte aus F\u00fcssen. Mein Dank gilt den drei Hotelpartnern, dem\u00a0<strong><a href=\"https:\/\/www.zhiwalingascent.com\/\" data-type=\"link\" data-id=\"https:\/\/www.zhiwalingascent.com\">Zhiwaling Ascent<\/a><\/strong>, der einzigartigen\u00a0<strong><a href=\"http:\/\/dhumrafarm.com\/\" data-type=\"link\" data-id=\"http:\/\/dhumrafarm.com\">Dhumra Farm<\/a><\/strong>\u00a0und dem\u00a0<strong><a href=\"https:\/\/www.marriott.com\/en-us\/hotels\/pbhmd-le-meridien-thimphu\/overview\/\" data-type=\"link\" data-id=\"https:\/\/www.marriott.com\/en-us\/hotels\/pbhmd-le-meridien-thimphu\/overview\/\">Le M\u00e9ridien in Paro<\/a><\/strong>. Danke an Patricia und Christian von\u00a0<strong><a href=\"https:\/\/www.berghorizonte.de\/\" data-type=\"link\" data-id=\"https:\/\/www.berghorizonte.de\">Berghorizonte<\/a><\/strong> f\u00fcr die \u00dcberzeugungsarbeit und den gemeinsamen Abend in Thimphu.<\/p>\n<p>Bhutan Reisen finden Sie unter: <a href=\"https:\/\/www.bhutan-horizonte.de\/de\" target=\"_blank\" rel=\"noopener\"><strong>https:\/\/www.bhutan-horizonte.de\/de<\/strong><\/a><\/p>\n","protected":false},"excerpt":{"rendered":"<p>Unsere Bhutan Reise mit berghorizonte: Ihr alle habt aus einem Urlaub eine Reise werden lassen, die in meinem Kopf nicht anh\u00e4lt, sondern weitergeht.<\/p>\n","protected":false},"author":5,"featured_media":4846,"comment_status":"closed","ping_status":"open","sticky":false,"template":"","format":"standard","meta":{"footnotes":""},"categories":[6],"tags":[19,62,180,75,35,31,99],"class_list":["post-5399","post","type-post","status-publish","format-standard","has-post-thumbnail","hentry","category-nepal","tag-bhutan","tag-bhutan-bewertung","tag-bhutan-erlebnisbericht","tag-bhutan-feedback","tag-bhutan-reise","tag-bhutan-reisen","tag-bhutan-reisen-trekking"],"yoast_head":"<!-- This site is optimized with the Yoast SEO plugin v27.5 - https:\/\/yoast.com\/product\/yoast-seo-wordpress\/ -->\n<title>Bhutan Trekking und Reisen | berghorizonte.de<\/title>\n<meta name=\"description\" content=\"Dieser Artikel entstand mit Unterst\u00fctzung von Berghorizonte aus F\u00fcssen. Danke an Patricia und Christian von Berghorizonte f\u00fcr die Reise\" \/>\n<meta name=\"robots\" content=\"index, follow, max-snippet:-1, max-image-preview:large, max-video-preview:-1\" \/>\n<link rel=\"canonical\" href=\"https:\/\/www.berghorizonte.de\/blog\/bhutan-reisebericht-hoehepunkte-bhutans\/\" \/>\n<meta property=\"og:locale\" content=\"de_DE\" \/>\n<meta property=\"og:type\" content=\"article\" \/>\n<meta property=\"og:title\" content=\"Bhutan Trekking und Reisen | berghorizonte.de\" \/>\n<meta property=\"og:description\" content=\"Dieser Artikel entstand mit Unterst\u00fctzung von Berghorizonte aus F\u00fcssen. Danke an Patricia und Christian von Berghorizonte f\u00fcr die Reise\" \/>\n<meta property=\"og:url\" content=\"https:\/\/www.berghorizonte.de\/blog\/bhutan-reisebericht-hoehepunkte-bhutans\/\" \/>\n<meta property=\"og:site_name\" content=\"Reiseblog\" \/>\n<meta property=\"article:published_time\" content=\"2025-06-30T09:40:33+00:00\" \/>\n<meta property=\"article:modified_time\" content=\"2025-06-30T09:45:17+00:00\" \/>\n<meta property=\"og:image\" content=\"https:\/\/www.berghorizonte.de\/blog\/wp-content\/uploads\/2020\/01\/CHA03093-1024x683-1.jpg\" \/>\n\t<meta property=\"og:image:width\" content=\"1024\" \/>\n\t<meta property=\"og:image:height\" content=\"683\" \/>\n\t<meta property=\"og:image:type\" content=\"image\/jpeg\" \/>\n<meta name=\"author\" content=\"G\u00e4stebuchbeitrag\" \/>\n<meta name=\"twitter:label1\" content=\"Verfasst von\" \/>\n\t<meta name=\"twitter:data1\" content=\"G\u00e4stebuchbeitrag\" \/>\n\t<meta name=\"twitter:label2\" content=\"Gesch\u00e4tzte Lesezeit\" \/>\n\t<meta name=\"twitter:data2\" content=\"1\u00a0Minute\" \/>\n<script type=\"application\/ld+json\" class=\"yoast-schema-graph\">{\"@context\":\"https:\\\/\\\/schema.org\",\"@graph\":[{\"@type\":\"Article\",\"@id\":\"https:\\\/\\\/www.berghorizonte.de\\\/blog\\\/bhutan-reisebericht-hoehepunkte-bhutans\\\/#article\",\"isPartOf\":{\"@id\":\"https:\\\/\\\/www.berghorizonte.de\\\/blog\\\/bhutan-reisebericht-hoehepunkte-bhutans\\\/\"},\"author\":{\"name\":\"G\u00e4stebuchbeitrag\",\"@id\":\"https:\\\/\\\/www.berghorizonte.de\\\/blog\\\/#\\\/schema\\\/person\\\/f2bccafdfb2ccdbd7b08e104f8f3f5f4\"},\"headline\":\"Bhutan Reisebericht: H\u00f6hepunkte Bhutans\",\"datePublished\":\"2025-06-30T09:40:33+00:00\",\"dateModified\":\"2025-06-30T09:45:17+00:00\",\"mainEntityOfPage\":{\"@id\":\"https:\\\/\\\/www.berghorizonte.de\\\/blog\\\/bhutan-reisebericht-hoehepunkte-bhutans\\\/\"},\"wordCount\":203,\"publisher\":{\"@id\":\"https:\\\/\\\/www.berghorizonte.de\\\/blog\\\/#organization\"},\"image\":{\"@id\":\"https:\\\/\\\/www.berghorizonte.de\\\/blog\\\/bhutan-reisebericht-hoehepunkte-bhutans\\\/#primaryimage\"},\"thumbnailUrl\":\"https:\\\/\\\/www.berghorizonte.de\\\/blog\\\/wp-content\\\/uploads\\\/2020\\\/01\\\/CHA03093-1024x683-1.jpg\",\"keywords\":[\"Bhutan\",\"Bhutan Bewertung\",\"Bhutan Erlebnisbericht\",\"Bhutan Feedback\",\"Bhutan Reise\",\"Bhutan Reisen\",\"Bhutan Reisen &amp; Trekking\"],\"articleSection\":[\"Reiseberichte &amp; News\"],\"inLanguage\":\"de\"},{\"@type\":\"WebPage\",\"@id\":\"https:\\\/\\\/www.berghorizonte.de\\\/blog\\\/bhutan-reisebericht-hoehepunkte-bhutans\\\/\",\"url\":\"https:\\\/\\\/www.berghorizonte.de\\\/blog\\\/bhutan-reisebericht-hoehepunkte-bhutans\\\/\",\"name\":\"Bhutan Trekking und Reisen | berghorizonte.de\",\"isPartOf\":{\"@id\":\"https:\\\/\\\/www.berghorizonte.de\\\/blog\\\/#website\"},\"primaryImageOfPage\":{\"@id\":\"https:\\\/\\\/www.berghorizonte.de\\\/blog\\\/bhutan-reisebericht-hoehepunkte-bhutans\\\/#primaryimage\"},\"image\":{\"@id\":\"https:\\\/\\\/www.berghorizonte.de\\\/blog\\\/bhutan-reisebericht-hoehepunkte-bhutans\\\/#primaryimage\"},\"thumbnailUrl\":\"https:\\\/\\\/www.berghorizonte.de\\\/blog\\\/wp-content\\\/uploads\\\/2020\\\/01\\\/CHA03093-1024x683-1.jpg\",\"datePublished\":\"2025-06-30T09:40:33+00:00\",\"dateModified\":\"2025-06-30T09:45:17+00:00\",\"description\":\"Dieser Artikel entstand mit Unterst\u00fctzung von Berghorizonte aus F\u00fcssen. Danke an Patricia und Christian von Berghorizonte f\u00fcr die Reise\",\"breadcrumb\":{\"@id\":\"https:\\\/\\\/www.berghorizonte.de\\\/blog\\\/bhutan-reisebericht-hoehepunkte-bhutans\\\/#breadcrumb\"},\"inLanguage\":\"de\",\"potentialAction\":[{\"@type\":\"ReadAction\",\"target\":[\"https:\\\/\\\/www.berghorizonte.de\\\/blog\\\/bhutan-reisebericht-hoehepunkte-bhutans\\\/\"]}]},{\"@type\":\"ImageObject\",\"inLanguage\":\"de\",\"@id\":\"https:\\\/\\\/www.berghorizonte.de\\\/blog\\\/bhutan-reisebericht-hoehepunkte-bhutans\\\/#primaryimage\",\"url\":\"https:\\\/\\\/www.berghorizonte.de\\\/blog\\\/wp-content\\\/uploads\\\/2020\\\/01\\\/CHA03093-1024x683-1.jpg\",\"contentUrl\":\"https:\\\/\\\/www.berghorizonte.de\\\/blog\\\/wp-content\\\/uploads\\\/2020\\\/01\\\/CHA03093-1024x683-1.jpg\",\"width\":1024,\"height\":683,\"caption\":\"Buddha Point in Thimphu\"},{\"@type\":\"BreadcrumbList\",\"@id\":\"https:\\\/\\\/www.berghorizonte.de\\\/blog\\\/bhutan-reisebericht-hoehepunkte-bhutans\\\/#breadcrumb\",\"itemListElement\":[{\"@type\":\"ListItem\",\"position\":1,\"name\":\"Home\",\"item\":\"https:\\\/\\\/www.berghorizonte.de\\\/blog\\\/\"},{\"@type\":\"ListItem\",\"position\":2,\"name\":\"Bhutan Reisebericht: H\u00f6hepunkte Bhutans\"}]},{\"@type\":\"WebSite\",\"@id\":\"https:\\\/\\\/www.berghorizonte.de\\\/blog\\\/#website\",\"url\":\"https:\\\/\\\/www.berghorizonte.de\\\/blog\\\/\",\"name\":\"Reiseblog\",\"description\":\"Erfahrungen, G\u00e4stebuch und Feedbacks alles rund ums Reisen, Wandern, Trekking in Bhutan, Nepal, Peru, Myanmar...\",\"publisher\":{\"@id\":\"https:\\\/\\\/www.berghorizonte.de\\\/blog\\\/#organization\"},\"potentialAction\":[{\"@type\":\"SearchAction\",\"target\":{\"@type\":\"EntryPoint\",\"urlTemplate\":\"https:\\\/\\\/www.berghorizonte.de\\\/blog\\\/?s={search_term_string}\"},\"query-input\":{\"@type\":\"PropertyValueSpecification\",\"valueRequired\":true,\"valueName\":\"search_term_string\"}}],\"inLanguage\":\"de\"},{\"@type\":\"Organization\",\"@id\":\"https:\\\/\\\/www.berghorizonte.de\\\/blog\\\/#organization\",\"name\":\"berghorizonte\",\"url\":\"https:\\\/\\\/www.berghorizonte.de\\\/blog\\\/\",\"logo\":{\"@type\":\"ImageObject\",\"inLanguage\":\"de\",\"@id\":\"https:\\\/\\\/www.berghorizonte.de\\\/blog\\\/#\\\/schema\\\/logo\\\/image\\\/\",\"url\":\"https:\\\/\\\/www.berghorizonte.de\\\/blog\\\/wp-content\\\/uploads\\\/2014\\\/11\\\/berghorizonte_logo_k.jpg\",\"contentUrl\":\"https:\\\/\\\/www.berghorizonte.de\\\/blog\\\/wp-content\\\/uploads\\\/2014\\\/11\\\/berghorizonte_logo_k.jpg\",\"width\":425,\"height\":236,\"caption\":\"berghorizonte\"},\"image\":{\"@id\":\"https:\\\/\\\/www.berghorizonte.de\\\/blog\\\/#\\\/schema\\\/logo\\\/image\\\/\"}},{\"@type\":\"Person\",\"@id\":\"https:\\\/\\\/www.berghorizonte.de\\\/blog\\\/#\\\/schema\\\/person\\\/f2bccafdfb2ccdbd7b08e104f8f3f5f4\",\"name\":\"G\u00e4stebuchbeitrag\",\"image\":{\"@type\":\"ImageObject\",\"inLanguage\":\"de\",\"@id\":\"https:\\\/\\\/secure.gravatar.com\\\/avatar\\\/2f7ccc3d22d720ff556bf57349708a254825802eaef24c77c3f8936cd3048f39?s=96&d=mm&r=g\",\"url\":\"https:\\\/\\\/secure.gravatar.com\\\/avatar\\\/2f7ccc3d22d720ff556bf57349708a254825802eaef24c77c3f8936cd3048f39?s=96&d=mm&r=g\",\"contentUrl\":\"https:\\\/\\\/secure.gravatar.com\\\/avatar\\\/2f7ccc3d22d720ff556bf57349708a254825802eaef24c77c3f8936cd3048f39?s=96&d=mm&r=g\",\"caption\":\"G\u00e4stebuchbeitrag\"},\"url\":\"https:\\\/\\\/www.berghorizonte.de\\\/blog\\\/author\\\/gast\\\/\"}]}<\/script>\n<!-- \/ Yoast SEO plugin. -->","yoast_head_json":{"title":"Bhutan Trekking und Reisen | berghorizonte.de","description":"Dieser Artikel entstand mit Unterst\u00fctzung von Berghorizonte aus F\u00fcssen. Danke an Patricia und Christian von Berghorizonte f\u00fcr die Reise","robots":{"index":"index","follow":"follow","max-snippet":"max-snippet:-1","max-image-preview":"max-image-preview:large","max-video-preview":"max-video-preview:-1"},"canonical":"https:\/\/www.berghorizonte.de\/blog\/bhutan-reisebericht-hoehepunkte-bhutans\/","og_locale":"de_DE","og_type":"article","og_title":"Bhutan Trekking und Reisen | berghorizonte.de","og_description":"Dieser Artikel entstand mit Unterst\u00fctzung von Berghorizonte aus F\u00fcssen. Danke an Patricia und Christian von Berghorizonte f\u00fcr die Reise","og_url":"https:\/\/www.berghorizonte.de\/blog\/bhutan-reisebericht-hoehepunkte-bhutans\/","og_site_name":"Reiseblog","article_published_time":"2025-06-30T09:40:33+00:00","article_modified_time":"2025-06-30T09:45:17+00:00","og_image":[{"width":1024,"height":683,"url":"https:\/\/www.berghorizonte.de\/blog\/wp-content\/uploads\/2020\/01\/CHA03093-1024x683-1.jpg","type":"image\/jpeg"}],"author":"G\u00e4stebuchbeitrag","twitter_misc":{"Verfasst von":"G\u00e4stebuchbeitrag","Gesch\u00e4tzte Lesezeit":"1\u00a0Minute"},"schema":{"@context":"https:\/\/schema.org","@graph":[{"@type":"Article","@id":"https:\/\/www.berghorizonte.de\/blog\/bhutan-reisebericht-hoehepunkte-bhutans\/#article","isPartOf":{"@id":"https:\/\/www.berghorizonte.de\/blog\/bhutan-reisebericht-hoehepunkte-bhutans\/"},"author":{"name":"G\u00e4stebuchbeitrag","@id":"https:\/\/www.berghorizonte.de\/blog\/#\/schema\/person\/f2bccafdfb2ccdbd7b08e104f8f3f5f4"},"headline":"Bhutan Reisebericht: H\u00f6hepunkte Bhutans","datePublished":"2025-06-30T09:40:33+00:00","dateModified":"2025-06-30T09:45:17+00:00","mainEntityOfPage":{"@id":"https:\/\/www.berghorizonte.de\/blog\/bhutan-reisebericht-hoehepunkte-bhutans\/"},"wordCount":203,"publisher":{"@id":"https:\/\/www.berghorizonte.de\/blog\/#organization"},"image":{"@id":"https:\/\/www.berghorizonte.de\/blog\/bhutan-reisebericht-hoehepunkte-bhutans\/#primaryimage"},"thumbnailUrl":"https:\/\/www.berghorizonte.de\/blog\/wp-content\/uploads\/2020\/01\/CHA03093-1024x683-1.jpg","keywords":["Bhutan","Bhutan Bewertung","Bhutan Erlebnisbericht","Bhutan Feedback","Bhutan Reise","Bhutan Reisen","Bhutan Reisen &amp; Trekking"],"articleSection":["Reiseberichte &amp; News"],"inLanguage":"de"},{"@type":"WebPage","@id":"https:\/\/www.berghorizonte.de\/blog\/bhutan-reisebericht-hoehepunkte-bhutans\/","url":"https:\/\/www.berghorizonte.de\/blog\/bhutan-reisebericht-hoehepunkte-bhutans\/","name":"Bhutan Trekking und Reisen | berghorizonte.de","isPartOf":{"@id":"https:\/\/www.berghorizonte.de\/blog\/#website"},"primaryImageOfPage":{"@id":"https:\/\/www.berghorizonte.de\/blog\/bhutan-reisebericht-hoehepunkte-bhutans\/#primaryimage"},"image":{"@id":"https:\/\/www.berghorizonte.de\/blog\/bhutan-reisebericht-hoehepunkte-bhutans\/#primaryimage"},"thumbnailUrl":"https:\/\/www.berghorizonte.de\/blog\/wp-content\/uploads\/2020\/01\/CHA03093-1024x683-1.jpg","datePublished":"2025-06-30T09:40:33+00:00","dateModified":"2025-06-30T09:45:17+00:00","description":"Dieser Artikel entstand mit Unterst\u00fctzung von Berghorizonte aus F\u00fcssen. Danke an Patricia und Christian von Berghorizonte f\u00fcr die Reise","breadcrumb":{"@id":"https:\/\/www.berghorizonte.de\/blog\/bhutan-reisebericht-hoehepunkte-bhutans\/#breadcrumb"},"inLanguage":"de","potentialAction":[{"@type":"ReadAction","target":["https:\/\/www.berghorizonte.de\/blog\/bhutan-reisebericht-hoehepunkte-bhutans\/"]}]},{"@type":"ImageObject","inLanguage":"de","@id":"https:\/\/www.berghorizonte.de\/blog\/bhutan-reisebericht-hoehepunkte-bhutans\/#primaryimage","url":"https:\/\/www.berghorizonte.de\/blog\/wp-content\/uploads\/2020\/01\/CHA03093-1024x683-1.jpg","contentUrl":"https:\/\/www.berghorizonte.de\/blog\/wp-content\/uploads\/2020\/01\/CHA03093-1024x683-1.jpg","width":1024,"height":683,"caption":"Buddha Point in Thimphu"},{"@type":"BreadcrumbList","@id":"https:\/\/www.berghorizonte.de\/blog\/bhutan-reisebericht-hoehepunkte-bhutans\/#breadcrumb","itemListElement":[{"@type":"ListItem","position":1,"name":"Home","item":"https:\/\/www.berghorizonte.de\/blog\/"},{"@type":"ListItem","position":2,"name":"Bhutan Reisebericht: H\u00f6hepunkte Bhutans"}]},{"@type":"WebSite","@id":"https:\/\/www.berghorizonte.de\/blog\/#website","url":"https:\/\/www.berghorizonte.de\/blog\/","name":"Reiseblog","description":"Erfahrungen, G\u00e4stebuch und Feedbacks alles rund ums Reisen, Wandern, Trekking in Bhutan, Nepal, Peru, Myanmar...","publisher":{"@id":"https:\/\/www.berghorizonte.de\/blog\/#organization"},"potentialAction":[{"@type":"SearchAction","target":{"@type":"EntryPoint","urlTemplate":"https:\/\/www.berghorizonte.de\/blog\/?s={search_term_string}"},"query-input":{"@type":"PropertyValueSpecification","valueRequired":true,"valueName":"search_term_string"}}],"inLanguage":"de"},{"@type":"Organization","@id":"https:\/\/www.berghorizonte.de\/blog\/#organization","name":"berghorizonte","url":"https:\/\/www.berghorizonte.de\/blog\/","logo":{"@type":"ImageObject","inLanguage":"de","@id":"https:\/\/www.berghorizonte.de\/blog\/#\/schema\/logo\/image\/","url":"https:\/\/www.berghorizonte.de\/blog\/wp-content\/uploads\/2014\/11\/berghorizonte_logo_k.jpg","contentUrl":"https:\/\/www.berghorizonte.de\/blog\/wp-content\/uploads\/2014\/11\/berghorizonte_logo_k.jpg","width":425,"height":236,"caption":"berghorizonte"},"image":{"@id":"https:\/\/www.berghorizonte.de\/blog\/#\/schema\/logo\/image\/"}},{"@type":"Person","@id":"https:\/\/www.berghorizonte.de\/blog\/#\/schema\/person\/f2bccafdfb2ccdbd7b08e104f8f3f5f4","name":"G\u00e4stebuchbeitrag","image":{"@type":"ImageObject","inLanguage":"de","@id":"https:\/\/secure.gravatar.com\/avatar\/2f7ccc3d22d720ff556bf57349708a254825802eaef24c77c3f8936cd3048f39?s=96&d=mm&r=g","url":"https:\/\/secure.gravatar.com\/avatar\/2f7ccc3d22d720ff556bf57349708a254825802eaef24c77c3f8936cd3048f39?s=96&d=mm&r=g","contentUrl":"https:\/\/secure.gravatar.com\/avatar\/2f7ccc3d22d720ff556bf57349708a254825802eaef24c77c3f8936cd3048f39?s=96&d=mm&r=g","caption":"G\u00e4stebuchbeitrag"},"url":"https:\/\/www.berghorizonte.de\/blog\/author\/gast\/"}]}},"_links":{"self":[{"href":"https:\/\/www.berghorizonte.de\/blog\/wp-json\/wp\/v2\/posts\/5399","targetHints":{"allow":["GET"]}}],"collection":[{"href":"https:\/\/www.berghorizonte.de\/blog\/wp-json\/wp\/v2\/posts"}],"about":[{"href":"https:\/\/www.berghorizonte.de\/blog\/wp-json\/wp\/v2\/types\/post"}],"author":[{"embeddable":true,"href":"https:\/\/www.berghorizonte.de\/blog\/wp-json\/wp\/v2\/users\/5"}],"replies":[{"embeddable":true,"href":"https:\/\/www.berghorizonte.de\/blog\/wp-json\/wp\/v2\/comments?post=5399"}],"version-history":[{"count":6,"href":"https:\/\/www.berghorizonte.de\/blog\/wp-json\/wp\/v2\/posts\/5399\/revisions"}],"predecessor-version":[{"id":5405,"href":"https:\/\/www.berghorizonte.de\/blog\/wp-json\/wp\/v2\/posts\/5399\/revisions\/5405"}],"wp:featuredmedia":[{"embeddable":true,"href":"https:\/\/www.berghorizonte.de\/blog\/wp-json\/wp\/v2\/media\/4846"}],"wp:attachment":[{"href":"https:\/\/www.berghorizonte.de\/blog\/wp-json\/wp\/v2\/media?parent=5399"}],"wp:term":[{"taxonomy":"category","embeddable":true,"href":"https:\/\/www.berghorizonte.de\/blog\/wp-json\/wp\/v2\/categories?post=5399"},{"taxonomy":"post_tag","embeddable":true,"href":"https:\/\/www.berghorizonte.de\/blog\/wp-json\/wp\/v2\/tags?post=5399"}],"curies":[{"name":"wp","href":"https:\/\/api.w.org\/{rel}","templated":true}]}}