{"id":619,"date":"2014-04-17T19:59:02","date_gmt":"2014-04-17T17:59:02","guid":{"rendered":"https:\/\/www.berghorizonte.de\/blog\/?p=619"},"modified":"2014-05-12T11:59:57","modified_gmt":"2014-05-12T09:59:57","slug":"feedback-bhutan-rundreise-in-einer-kleingruppe","status":"publish","type":"post","link":"https:\/\/www.berghorizonte.de\/blog\/feedback-bhutan-rundreise-in-einer-kleingruppe\/","title":{"rendered":"Feedback: Bhutan Rundreise in einer Kleingruppe"},"content":{"rendered":"<p>26.03.2014 | G\u00e4stefeedback \u00a0&#8211; Kleingruppen Rundreise<\/p>\n<p><a title=\"Bhutan - Die westlichen T\u00e4ler um Paro\" href=\"https:\/\/www.berghorizonte.de\/bhutan\/reiseangebot\/bhutan-reise-die-westlichen-taeler-eine-reise-mit-dem-punakha-klosterfest.html\" target=\"_blank\">Bhutan &#8211; Reise &#8222;Die westlichen T\u00e4ler&#8220; Eine Reise mit dem Punakha Klosterfest<\/a><\/p>\n<p>Liebe Patricia, lieber Herr Schubert,<\/p>\n<p>wir sind hoch zufrieden \u00fcber die Bhutan-Reise zur\u00fcck gekehrt. Danke f\u00fcr die tolle Reise!\u00a0Alles sehr gut geklappt, selbst beim Wetter.<\/p>\n<p>Ein paar kurze Bemerkungen, mehr auf Nachfrage gerne:<\/p>\n<p>Pema ist ein hervorragender Guide, sehr aufmerksam, neugierig mit viel Wissen. Zus\u00e4tzlich noch sehr einf\u00fchlsam. Und das alles trotz des gro\u00dfen Verlustes (Tod der Frau) und der schwierigen neuen Situation mit den Kindern. Deutsch mehr als 70% und beim Rest so souver\u00e4n, das es kein Problem gab.<\/p>\n<p>In unserer Gruppe wurde der gem\u00fctliche Ablauf (meist 2 Tage ohne Umzug) sehr begr\u00fc\u00dft. Eigentlich passt auch nur diese Gelassenheit (weniger, aber intensiver) zum Buddhismus. Sollten Sie als eine M\u00f6glichkeit ins Programm nehmen.<\/p>\n<p>Die Unterkunft im Haa-Tal war von Ihrer Art der Hit, das Drukschen nach Meinung von Frauke und mir als Abschluss deutlich authentischer als das Naksel.<\/p>\n<p>Das Eaton Smart in Delhi hat sich hervorragend um uns gek\u00fcmmert, so dass alles ohne Indien-Visum ging (statt dessen jeweils etwa 30 Min. Wartezeit, aber dann hatten wir auch schon die Bordkarte f\u00fcr den n\u00e4chsten Flug). Schien bei den Leuten selbstverst\u00e4ndlich. Einzige Schw\u00e4che: Die hatten keine Tipp-Box f\u00fcr die vielen netten Helfer.<\/p>\n<p>Das Trekking konnte tats\u00e4chlich nicht wie geplant laufen. Da war noch zu viel Schnee auf dem Pass. Netterweise konnte ich mich mit Pema am &#8222;Ruhetag&#8220; davon \u00fcberzeugen und wurde durch diese lange Wanderung (wieder bei tollem Wetter) voll entsch\u00e4digt. \u00dcbrigens bei Vollmond machen die D\u00f6rfler aus der Umgebung des Johmolhari am Basecamp ein Opfer-Fest (mit Tanz). Nach einer tollen Wanderung ein kr\u00f6nender Abschluss des Tages.<\/p>\n<p>Gibt es noch eine konkrete Frage? Vielleicht sehen wir uns ja schon anl\u00e4sslich des Deutschland-Besuchs von Pema.<\/p>\n<p>Viele Gr\u00fc\u00dfe aus K\u00f6ln<br \/>\nGerd B.<\/p>\n","protected":false},"excerpt":{"rendered":"<p>26.03.2014 | G\u00e4stefeedback \u00a0&#8211; Kleingruppen Rundreise Bhutan &#8211; Reise &#8222;Die westlichen T\u00e4ler&#8220; Eine Reise mit dem Punakha Klosterfest Liebe Patricia, lieber Herr Schubert, wir sind  [&#8230;]<\/p>\n","protected":false},"author":5,"featured_media":0,"comment_status":"open","ping_status":"open","sticky":false,"template":"","format":"standard","meta":{"footnotes":""},"categories":[5,16],"tags":[123,75,85],"class_list":["post-619","post","type-post","status-publish","format-standard","hentry","category-gastebuch-2","category-news","tag-bhutan-erfahrung","tag-bhutan-feedback","tag-bhutan-gastebuch"],"yoast_head":"<!-- This site is optimized with the Yoast SEO plugin v27.5 - https:\/\/yoast.com\/product\/yoast-seo-wordpress\/ -->\n<title>Trekking und Reisen | berghorizonte.de<\/title>\n<meta name=\"description\" content=\"Lieber Herr Schubert, wir sind hoch zufrieden \u00fcber die Bhutan-Rundreise zur\u00fcck gekehrt. Danke f\u00fcr die tolle Reise! Alles sehr gut geklappt...\" \/>\n<meta name=\"robots\" content=\"index, follow, max-snippet:-1, max-image-preview:large, max-video-preview:-1\" \/>\n<link rel=\"canonical\" href=\"https:\/\/www.berghorizonte.de\/blog\/feedback-bhutan-rundreise-in-einer-kleingruppe\/\" \/>\n<meta property=\"og:locale\" content=\"de_DE\" \/>\n<meta property=\"og:type\" content=\"article\" \/>\n<meta property=\"og:title\" content=\"Trekking und Reisen | berghorizonte.de\" \/>\n<meta property=\"og:description\" content=\"Lieber Herr Schubert, wir sind hoch zufrieden \u00fcber die Bhutan-Rundreise zur\u00fcck gekehrt. Danke f\u00fcr die tolle Reise! Alles sehr gut geklappt...\" \/>\n<meta property=\"og:url\" content=\"https:\/\/www.berghorizonte.de\/blog\/feedback-bhutan-rundreise-in-einer-kleingruppe\/\" \/>\n<meta property=\"og:site_name\" content=\"Reiseblog\" \/>\n<meta property=\"article:published_time\" content=\"2014-04-17T17:59:02+00:00\" \/>\n<meta property=\"article:modified_time\" content=\"2014-05-12T09:59:57+00:00\" \/>\n<meta name=\"author\" content=\"G\u00e4stebuchbeitrag\" \/>\n<meta name=\"twitter:label1\" content=\"Verfasst von\" \/>\n\t<meta name=\"twitter:data1\" content=\"G\u00e4stebuchbeitrag\" \/>\n\t<meta name=\"twitter:label2\" content=\"Gesch\u00e4tzte Lesezeit\" \/>\n\t<meta name=\"twitter:data2\" content=\"2\u00a0Minuten\" \/>\n<script type=\"application\/ld+json\" class=\"yoast-schema-graph\">{\"@context\":\"https:\\\/\\\/schema.org\",\"@graph\":[{\"@type\":\"Article\",\"@id\":\"https:\\\/\\\/www.berghorizonte.de\\\/blog\\\/feedback-bhutan-rundreise-in-einer-kleingruppe\\\/#article\",\"isPartOf\":{\"@id\":\"https:\\\/\\\/www.berghorizonte.de\\\/blog\\\/feedback-bhutan-rundreise-in-einer-kleingruppe\\\/\"},\"author\":{\"name\":\"G\u00e4stebuchbeitrag\",\"@id\":\"https:\\\/\\\/www.berghorizonte.de\\\/blog\\\/#\\\/schema\\\/person\\\/f2bccafdfb2ccdbd7b08e104f8f3f5f4\"},\"headline\":\"Feedback: Bhutan Rundreise in einer Kleingruppe\",\"datePublished\":\"2014-04-17T17:59:02+00:00\",\"dateModified\":\"2014-05-12T09:59:57+00:00\",\"mainEntityOfPage\":{\"@id\":\"https:\\\/\\\/www.berghorizonte.de\\\/blog\\\/feedback-bhutan-rundreise-in-einer-kleingruppe\\\/\"},\"wordCount\":322,\"commentCount\":0,\"publisher\":{\"@id\":\"https:\\\/\\\/www.berghorizonte.de\\\/blog\\\/#organization\"},\"keywords\":[\"Bhutan Erfahrung\",\"Bhutan Feedback\",\"Bhutan G\u00e4stebuch\"],\"articleSection\":[\"G\u00e4stebuch\",\"News\"],\"inLanguage\":\"de\",\"potentialAction\":[{\"@type\":\"CommentAction\",\"name\":\"Comment\",\"target\":[\"https:\\\/\\\/www.berghorizonte.de\\\/blog\\\/feedback-bhutan-rundreise-in-einer-kleingruppe\\\/#respond\"]}]},{\"@type\":\"WebPage\",\"@id\":\"https:\\\/\\\/www.berghorizonte.de\\\/blog\\\/feedback-bhutan-rundreise-in-einer-kleingruppe\\\/\",\"url\":\"https:\\\/\\\/www.berghorizonte.de\\\/blog\\\/feedback-bhutan-rundreise-in-einer-kleingruppe\\\/\",\"name\":\"Trekking und Reisen | berghorizonte.de\",\"isPartOf\":{\"@id\":\"https:\\\/\\\/www.berghorizonte.de\\\/blog\\\/#website\"},\"datePublished\":\"2014-04-17T17:59:02+00:00\",\"dateModified\":\"2014-05-12T09:59:57+00:00\",\"description\":\"Lieber Herr Schubert, wir sind hoch zufrieden \u00fcber die Bhutan-Rundreise zur\u00fcck gekehrt. Danke f\u00fcr die tolle Reise! Alles sehr gut geklappt...\",\"breadcrumb\":{\"@id\":\"https:\\\/\\\/www.berghorizonte.de\\\/blog\\\/feedback-bhutan-rundreise-in-einer-kleingruppe\\\/#breadcrumb\"},\"inLanguage\":\"de\",\"potentialAction\":[{\"@type\":\"ReadAction\",\"target\":[\"https:\\\/\\\/www.berghorizonte.de\\\/blog\\\/feedback-bhutan-rundreise-in-einer-kleingruppe\\\/\"]}]},{\"@type\":\"BreadcrumbList\",\"@id\":\"https:\\\/\\\/www.berghorizonte.de\\\/blog\\\/feedback-bhutan-rundreise-in-einer-kleingruppe\\\/#breadcrumb\",\"itemListElement\":[{\"@type\":\"ListItem\",\"position\":1,\"name\":\"Home\",\"item\":\"https:\\\/\\\/www.berghorizonte.de\\\/blog\\\/\"},{\"@type\":\"ListItem\",\"position\":2,\"name\":\"Feedback: Bhutan Rundreise in einer Kleingruppe\"}]},{\"@type\":\"WebSite\",\"@id\":\"https:\\\/\\\/www.berghorizonte.de\\\/blog\\\/#website\",\"url\":\"https:\\\/\\\/www.berghorizonte.de\\\/blog\\\/\",\"name\":\"Reiseblog\",\"description\":\"Erfahrungen, G\u00e4stebuch und Feedbacks alles rund ums Reisen, Wandern, Trekking in Bhutan, Nepal, Peru, Myanmar...\",\"publisher\":{\"@id\":\"https:\\\/\\\/www.berghorizonte.de\\\/blog\\\/#organization\"},\"potentialAction\":[{\"@type\":\"SearchAction\",\"target\":{\"@type\":\"EntryPoint\",\"urlTemplate\":\"https:\\\/\\\/www.berghorizonte.de\\\/blog\\\/?s={search_term_string}\"},\"query-input\":{\"@type\":\"PropertyValueSpecification\",\"valueRequired\":true,\"valueName\":\"search_term_string\"}}],\"inLanguage\":\"de\"},{\"@type\":\"Organization\",\"@id\":\"https:\\\/\\\/www.berghorizonte.de\\\/blog\\\/#organization\",\"name\":\"berghorizonte\",\"url\":\"https:\\\/\\\/www.berghorizonte.de\\\/blog\\\/\",\"logo\":{\"@type\":\"ImageObject\",\"inLanguage\":\"de\",\"@id\":\"https:\\\/\\\/www.berghorizonte.de\\\/blog\\\/#\\\/schema\\\/logo\\\/image\\\/\",\"url\":\"https:\\\/\\\/www.berghorizonte.de\\\/blog\\\/wp-content\\\/uploads\\\/2014\\\/11\\\/berghorizonte_logo_k.jpg\",\"contentUrl\":\"https:\\\/\\\/www.berghorizonte.de\\\/blog\\\/wp-content\\\/uploads\\\/2014\\\/11\\\/berghorizonte_logo_k.jpg\",\"width\":425,\"height\":236,\"caption\":\"berghorizonte\"},\"image\":{\"@id\":\"https:\\\/\\\/www.berghorizonte.de\\\/blog\\\/#\\\/schema\\\/logo\\\/image\\\/\"}},{\"@type\":\"Person\",\"@id\":\"https:\\\/\\\/www.berghorizonte.de\\\/blog\\\/#\\\/schema\\\/person\\\/f2bccafdfb2ccdbd7b08e104f8f3f5f4\",\"name\":\"G\u00e4stebuchbeitrag\",\"image\":{\"@type\":\"ImageObject\",\"inLanguage\":\"de\",\"@id\":\"https:\\\/\\\/secure.gravatar.com\\\/avatar\\\/2f7ccc3d22d720ff556bf57349708a254825802eaef24c77c3f8936cd3048f39?s=96&d=mm&r=g\",\"url\":\"https:\\\/\\\/secure.gravatar.com\\\/avatar\\\/2f7ccc3d22d720ff556bf57349708a254825802eaef24c77c3f8936cd3048f39?s=96&d=mm&r=g\",\"contentUrl\":\"https:\\\/\\\/secure.gravatar.com\\\/avatar\\\/2f7ccc3d22d720ff556bf57349708a254825802eaef24c77c3f8936cd3048f39?s=96&d=mm&r=g\",\"caption\":\"G\u00e4stebuchbeitrag\"},\"url\":\"https:\\\/\\\/www.berghorizonte.de\\\/blog\\\/author\\\/gast\\\/\"}]}<\/script>\n<!-- \/ Yoast SEO plugin. -->","yoast_head_json":{"title":"Trekking und Reisen | berghorizonte.de","description":"Lieber Herr Schubert, wir sind hoch zufrieden \u00fcber die Bhutan-Rundreise zur\u00fcck gekehrt. Danke f\u00fcr die tolle Reise! Alles sehr gut geklappt...","robots":{"index":"index","follow":"follow","max-snippet":"max-snippet:-1","max-image-preview":"max-image-preview:large","max-video-preview":"max-video-preview:-1"},"canonical":"https:\/\/www.berghorizonte.de\/blog\/feedback-bhutan-rundreise-in-einer-kleingruppe\/","og_locale":"de_DE","og_type":"article","og_title":"Trekking und Reisen | berghorizonte.de","og_description":"Lieber Herr Schubert, wir sind hoch zufrieden \u00fcber die Bhutan-Rundreise zur\u00fcck gekehrt. Danke f\u00fcr die tolle Reise! Alles sehr gut geklappt...","og_url":"https:\/\/www.berghorizonte.de\/blog\/feedback-bhutan-rundreise-in-einer-kleingruppe\/","og_site_name":"Reiseblog","article_published_time":"2014-04-17T17:59:02+00:00","article_modified_time":"2014-05-12T09:59:57+00:00","author":"G\u00e4stebuchbeitrag","twitter_misc":{"Verfasst von":"G\u00e4stebuchbeitrag","Gesch\u00e4tzte Lesezeit":"2\u00a0Minuten"},"schema":{"@context":"https:\/\/schema.org","@graph":[{"@type":"Article","@id":"https:\/\/www.berghorizonte.de\/blog\/feedback-bhutan-rundreise-in-einer-kleingruppe\/#article","isPartOf":{"@id":"https:\/\/www.berghorizonte.de\/blog\/feedback-bhutan-rundreise-in-einer-kleingruppe\/"},"author":{"name":"G\u00e4stebuchbeitrag","@id":"https:\/\/www.berghorizonte.de\/blog\/#\/schema\/person\/f2bccafdfb2ccdbd7b08e104f8f3f5f4"},"headline":"Feedback: Bhutan Rundreise in einer Kleingruppe","datePublished":"2014-04-17T17:59:02+00:00","dateModified":"2014-05-12T09:59:57+00:00","mainEntityOfPage":{"@id":"https:\/\/www.berghorizonte.de\/blog\/feedback-bhutan-rundreise-in-einer-kleingruppe\/"},"wordCount":322,"commentCount":0,"publisher":{"@id":"https:\/\/www.berghorizonte.de\/blog\/#organization"},"keywords":["Bhutan Erfahrung","Bhutan Feedback","Bhutan G\u00e4stebuch"],"articleSection":["G\u00e4stebuch","News"],"inLanguage":"de","potentialAction":[{"@type":"CommentAction","name":"Comment","target":["https:\/\/www.berghorizonte.de\/blog\/feedback-bhutan-rundreise-in-einer-kleingruppe\/#respond"]}]},{"@type":"WebPage","@id":"https:\/\/www.berghorizonte.de\/blog\/feedback-bhutan-rundreise-in-einer-kleingruppe\/","url":"https:\/\/www.berghorizonte.de\/blog\/feedback-bhutan-rundreise-in-einer-kleingruppe\/","name":"Trekking und Reisen | berghorizonte.de","isPartOf":{"@id":"https:\/\/www.berghorizonte.de\/blog\/#website"},"datePublished":"2014-04-17T17:59:02+00:00","dateModified":"2014-05-12T09:59:57+00:00","description":"Lieber Herr Schubert, wir sind hoch zufrieden \u00fcber die Bhutan-Rundreise zur\u00fcck gekehrt. Danke f\u00fcr die tolle Reise! Alles sehr gut geklappt...","breadcrumb":{"@id":"https:\/\/www.berghorizonte.de\/blog\/feedback-bhutan-rundreise-in-einer-kleingruppe\/#breadcrumb"},"inLanguage":"de","potentialAction":[{"@type":"ReadAction","target":["https:\/\/www.berghorizonte.de\/blog\/feedback-bhutan-rundreise-in-einer-kleingruppe\/"]}]},{"@type":"BreadcrumbList","@id":"https:\/\/www.berghorizonte.de\/blog\/feedback-bhutan-rundreise-in-einer-kleingruppe\/#breadcrumb","itemListElement":[{"@type":"ListItem","position":1,"name":"Home","item":"https:\/\/www.berghorizonte.de\/blog\/"},{"@type":"ListItem","position":2,"name":"Feedback: Bhutan Rundreise in einer Kleingruppe"}]},{"@type":"WebSite","@id":"https:\/\/www.berghorizonte.de\/blog\/#website","url":"https:\/\/www.berghorizonte.de\/blog\/","name":"Reiseblog","description":"Erfahrungen, G\u00e4stebuch und Feedbacks alles rund ums Reisen, Wandern, Trekking in Bhutan, Nepal, Peru, Myanmar...","publisher":{"@id":"https:\/\/www.berghorizonte.de\/blog\/#organization"},"potentialAction":[{"@type":"SearchAction","target":{"@type":"EntryPoint","urlTemplate":"https:\/\/www.berghorizonte.de\/blog\/?s={search_term_string}"},"query-input":{"@type":"PropertyValueSpecification","valueRequired":true,"valueName":"search_term_string"}}],"inLanguage":"de"},{"@type":"Organization","@id":"https:\/\/www.berghorizonte.de\/blog\/#organization","name":"berghorizonte","url":"https:\/\/www.berghorizonte.de\/blog\/","logo":{"@type":"ImageObject","inLanguage":"de","@id":"https:\/\/www.berghorizonte.de\/blog\/#\/schema\/logo\/image\/","url":"https:\/\/www.berghorizonte.de\/blog\/wp-content\/uploads\/2014\/11\/berghorizonte_logo_k.jpg","contentUrl":"https:\/\/www.berghorizonte.de\/blog\/wp-content\/uploads\/2014\/11\/berghorizonte_logo_k.jpg","width":425,"height":236,"caption":"berghorizonte"},"image":{"@id":"https:\/\/www.berghorizonte.de\/blog\/#\/schema\/logo\/image\/"}},{"@type":"Person","@id":"https:\/\/www.berghorizonte.de\/blog\/#\/schema\/person\/f2bccafdfb2ccdbd7b08e104f8f3f5f4","name":"G\u00e4stebuchbeitrag","image":{"@type":"ImageObject","inLanguage":"de","@id":"https:\/\/secure.gravatar.com\/avatar\/2f7ccc3d22d720ff556bf57349708a254825802eaef24c77c3f8936cd3048f39?s=96&d=mm&r=g","url":"https:\/\/secure.gravatar.com\/avatar\/2f7ccc3d22d720ff556bf57349708a254825802eaef24c77c3f8936cd3048f39?s=96&d=mm&r=g","contentUrl":"https:\/\/secure.gravatar.com\/avatar\/2f7ccc3d22d720ff556bf57349708a254825802eaef24c77c3f8936cd3048f39?s=96&d=mm&r=g","caption":"G\u00e4stebuchbeitrag"},"url":"https:\/\/www.berghorizonte.de\/blog\/author\/gast\/"}]}},"_links":{"self":[{"href":"https:\/\/www.berghorizonte.de\/blog\/wp-json\/wp\/v2\/posts\/619","targetHints":{"allow":["GET"]}}],"collection":[{"href":"https:\/\/www.berghorizonte.de\/blog\/wp-json\/wp\/v2\/posts"}],"about":[{"href":"https:\/\/www.berghorizonte.de\/blog\/wp-json\/wp\/v2\/types\/post"}],"author":[{"embeddable":true,"href":"https:\/\/www.berghorizonte.de\/blog\/wp-json\/wp\/v2\/users\/5"}],"replies":[{"embeddable":true,"href":"https:\/\/www.berghorizonte.de\/blog\/wp-json\/wp\/v2\/comments?post=619"}],"version-history":[{"count":7,"href":"https:\/\/www.berghorizonte.de\/blog\/wp-json\/wp\/v2\/posts\/619\/revisions"}],"predecessor-version":[{"id":621,"href":"https:\/\/www.berghorizonte.de\/blog\/wp-json\/wp\/v2\/posts\/619\/revisions\/621"}],"wp:attachment":[{"href":"https:\/\/www.berghorizonte.de\/blog\/wp-json\/wp\/v2\/media?parent=619"}],"wp:term":[{"taxonomy":"category","embeddable":true,"href":"https:\/\/www.berghorizonte.de\/blog\/wp-json\/wp\/v2\/categories?post=619"},{"taxonomy":"post_tag","embeddable":true,"href":"https:\/\/www.berghorizonte.de\/blog\/wp-json\/wp\/v2\/tags?post=619"}],"curies":[{"name":"wp","href":"https:\/\/api.w.org\/{rel}","templated":true}]}}