{"id":648,"date":"2014-05-04T22:10:35","date_gmt":"2014-05-04T20:10:35","guid":{"rendered":"https:\/\/www.berghorizonte.de\/blog\/?p=648"},"modified":"2017-10-12T13:25:24","modified_gmt":"2017-10-12T11:25:24","slug":"nepal-unsere-guides-und-trager-sind-versichert","status":"publish","type":"post","link":"https:\/\/www.berghorizonte.de\/blog\/nepal-unsere-guides-und-trager-sind-versichert\/","title":{"rendered":"Nepal: Unsere Bergf\u00fchrer und Tr\u00e4ger sind versichert !"},"content":{"rendered":"<p>Aktuelle Meldungen aus Nepal zeigen immer wieder auf, wie wichtig Nachhaltigkeit und ein fairer Umgang mit dem Bergvolk der Sherpa ist. Unsere berghorizonte Guides in Nepal und den Himalaya Regionen sind versichert und werden sozialgerecht entlohnt.<\/p>\n<p>Reisen &amp; Trekking in Nepal liegt im Trend! Reisen ist fast uneingeschr\u00e4nkt m\u00f6glich und durch neue Trekkingrouten wird Nepal immer beliebter. Zwangsl\u00e4ufig dr\u00e4ngen zudem immer mehr &#8222;Billiganbieter&#8220; auf den Markt und versuchen durch Preisdumping Kunden zu gewinnen &#8211; was passiert: Der Tourismusboom geht oft zu Lasten der einheimischen Bev\u00f6lkerung!<\/p>\n<p>Wir setzen uns f\u00fcr einen sozial- und umweltgerechten Tourismus ein, unterst\u00fctzen Projekte und sind f\u00fcr eine faire Entlohnung. Unsere Tr\u00e4ger und Sherpa Guides werden ausgebildet, ausger\u00fcstet und dazu versichert und in Notf\u00e4llen versorgt.<\/p>\n<p>Wir stehen f\u00fcr &#8211; by fair means<\/p>\n<p>Herzlichst, Ihr Christian Schubert<\/p>\n","protected":false},"excerpt":{"rendered":"<p>Aktuelle Meldungen aus Nepal zeigen immer wieder auf, wie wichtig Nachhaltigkeit und ein fairer Umgang mit dem Bergvolk der Sherpa ist. Unsere berghorizonte Guides in  [&#8230;]<\/p>\n","protected":false},"author":5,"featured_media":655,"comment_status":"open","ping_status":"open","sticky":false,"template":"","format":"standard","meta":{"footnotes":""},"categories":[16],"tags":[126,125],"class_list":["post-648","post","type-post","status-publish","format-standard","has-post-thumbnail","hentry","category-news","tag-nepal-bergfuhrer","tag-nepal-guides"],"yoast_head":"<!-- This site is optimized with the Yoast SEO plugin v27.5 - https:\/\/yoast.com\/product\/yoast-seo-wordpress\/ -->\n<title>Trekking und Reisen | berghorizonte.de<\/title>\n<meta name=\"description\" content=\"Nepal Bergf\u00fchrer, Guides, Nepal, Nepal Reisen\" \/>\n<meta name=\"robots\" content=\"index, follow, max-snippet:-1, max-image-preview:large, max-video-preview:-1\" \/>\n<link rel=\"canonical\" href=\"https:\/\/www.berghorizonte.de\/blog\/nepal-unsere-guides-und-trager-sind-versichert\/\" \/>\n<meta property=\"og:locale\" content=\"de_DE\" \/>\n<meta property=\"og:type\" content=\"article\" \/>\n<meta property=\"og:title\" content=\"Trekking und Reisen | berghorizonte.de\" \/>\n<meta property=\"og:description\" content=\"Nepal Bergf\u00fchrer, Guides, Nepal, Nepal Reisen\" \/>\n<meta property=\"og:url\" content=\"https:\/\/www.berghorizonte.de\/blog\/nepal-unsere-guides-und-trager-sind-versichert\/\" \/>\n<meta property=\"og:site_name\" content=\"Reiseblog\" \/>\n<meta property=\"article:published_time\" content=\"2014-05-04T20:10:35+00:00\" \/>\n<meta property=\"article:modified_time\" content=\"2017-10-12T11:25:24+00:00\" \/>\n<meta property=\"og:image\" content=\"https:\/\/www.berghorizonte.de\/blog\/wp-content\/uploads\/2014\/05\/Nepal_berghorizonte_Team_4.5.2014.jpg\" \/>\n\t<meta property=\"og:image:width\" content=\"960\" \/>\n\t<meta property=\"og:image:height\" content=\"717\" \/>\n\t<meta property=\"og:image:type\" content=\"image\/jpeg\" \/>\n<meta name=\"author\" content=\"G\u00e4stebuchbeitrag\" \/>\n<meta name=\"twitter:label1\" content=\"Verfasst von\" \/>\n\t<meta name=\"twitter:data1\" content=\"G\u00e4stebuchbeitrag\" \/>\n\t<meta name=\"twitter:label2\" content=\"Gesch\u00e4tzte Lesezeit\" \/>\n\t<meta name=\"twitter:data2\" content=\"1\u00a0Minute\" \/>\n<script type=\"application\/ld+json\" class=\"yoast-schema-graph\">{\"@context\":\"https:\\\/\\\/schema.org\",\"@graph\":[{\"@type\":\"Article\",\"@id\":\"https:\\\/\\\/www.berghorizonte.de\\\/blog\\\/nepal-unsere-guides-und-trager-sind-versichert\\\/#article\",\"isPartOf\":{\"@id\":\"https:\\\/\\\/www.berghorizonte.de\\\/blog\\\/nepal-unsere-guides-und-trager-sind-versichert\\\/\"},\"author\":{\"name\":\"G\u00e4stebuchbeitrag\",\"@id\":\"https:\\\/\\\/www.berghorizonte.de\\\/blog\\\/#\\\/schema\\\/person\\\/f2bccafdfb2ccdbd7b08e104f8f3f5f4\"},\"headline\":\"Nepal: Unsere Bergf\u00fchrer und Tr\u00e4ger sind versichert !\",\"datePublished\":\"2014-05-04T20:10:35+00:00\",\"dateModified\":\"2017-10-12T11:25:24+00:00\",\"mainEntityOfPage\":{\"@id\":\"https:\\\/\\\/www.berghorizonte.de\\\/blog\\\/nepal-unsere-guides-und-trager-sind-versichert\\\/\"},\"wordCount\":150,\"commentCount\":0,\"publisher\":{\"@id\":\"https:\\\/\\\/www.berghorizonte.de\\\/blog\\\/#organization\"},\"image\":{\"@id\":\"https:\\\/\\\/www.berghorizonte.de\\\/blog\\\/nepal-unsere-guides-und-trager-sind-versichert\\\/#primaryimage\"},\"thumbnailUrl\":\"https:\\\/\\\/www.berghorizonte.de\\\/blog\\\/wp-content\\\/uploads\\\/2014\\\/05\\\/Nepal_berghorizonte_Team_4.5.2014.jpg\",\"keywords\":[\"Nepal Bergf\u00fchrer\",\"Nepal Guides\"],\"articleSection\":[\"News\"],\"inLanguage\":\"de\",\"potentialAction\":[{\"@type\":\"CommentAction\",\"name\":\"Comment\",\"target\":[\"https:\\\/\\\/www.berghorizonte.de\\\/blog\\\/nepal-unsere-guides-und-trager-sind-versichert\\\/#respond\"]}]},{\"@type\":\"WebPage\",\"@id\":\"https:\\\/\\\/www.berghorizonte.de\\\/blog\\\/nepal-unsere-guides-und-trager-sind-versichert\\\/\",\"url\":\"https:\\\/\\\/www.berghorizonte.de\\\/blog\\\/nepal-unsere-guides-und-trager-sind-versichert\\\/\",\"name\":\"Trekking und Reisen | berghorizonte.de\",\"isPartOf\":{\"@id\":\"https:\\\/\\\/www.berghorizonte.de\\\/blog\\\/#website\"},\"primaryImageOfPage\":{\"@id\":\"https:\\\/\\\/www.berghorizonte.de\\\/blog\\\/nepal-unsere-guides-und-trager-sind-versichert\\\/#primaryimage\"},\"image\":{\"@id\":\"https:\\\/\\\/www.berghorizonte.de\\\/blog\\\/nepal-unsere-guides-und-trager-sind-versichert\\\/#primaryimage\"},\"thumbnailUrl\":\"https:\\\/\\\/www.berghorizonte.de\\\/blog\\\/wp-content\\\/uploads\\\/2014\\\/05\\\/Nepal_berghorizonte_Team_4.5.2014.jpg\",\"datePublished\":\"2014-05-04T20:10:35+00:00\",\"dateModified\":\"2017-10-12T11:25:24+00:00\",\"description\":\"Nepal Bergf\u00fchrer, Guides, Nepal, Nepal Reisen\",\"breadcrumb\":{\"@id\":\"https:\\\/\\\/www.berghorizonte.de\\\/blog\\\/nepal-unsere-guides-und-trager-sind-versichert\\\/#breadcrumb\"},\"inLanguage\":\"de\",\"potentialAction\":[{\"@type\":\"ReadAction\",\"target\":[\"https:\\\/\\\/www.berghorizonte.de\\\/blog\\\/nepal-unsere-guides-und-trager-sind-versichert\\\/\"]}]},{\"@type\":\"ImageObject\",\"inLanguage\":\"de\",\"@id\":\"https:\\\/\\\/www.berghorizonte.de\\\/blog\\\/nepal-unsere-guides-und-trager-sind-versichert\\\/#primaryimage\",\"url\":\"https:\\\/\\\/www.berghorizonte.de\\\/blog\\\/wp-content\\\/uploads\\\/2014\\\/05\\\/Nepal_berghorizonte_Team_4.5.2014.jpg\",\"contentUrl\":\"https:\\\/\\\/www.berghorizonte.de\\\/blog\\\/wp-content\\\/uploads\\\/2014\\\/05\\\/Nepal_berghorizonte_Team_4.5.2014.jpg\",\"width\":960,\"height\":717},{\"@type\":\"BreadcrumbList\",\"@id\":\"https:\\\/\\\/www.berghorizonte.de\\\/blog\\\/nepal-unsere-guides-und-trager-sind-versichert\\\/#breadcrumb\",\"itemListElement\":[{\"@type\":\"ListItem\",\"position\":1,\"name\":\"Home\",\"item\":\"https:\\\/\\\/www.berghorizonte.de\\\/blog\\\/\"},{\"@type\":\"ListItem\",\"position\":2,\"name\":\"Nepal: Unsere Bergf\u00fchrer und Tr\u00e4ger sind versichert !\"}]},{\"@type\":\"WebSite\",\"@id\":\"https:\\\/\\\/www.berghorizonte.de\\\/blog\\\/#website\",\"url\":\"https:\\\/\\\/www.berghorizonte.de\\\/blog\\\/\",\"name\":\"Reiseblog\",\"description\":\"Erfahrungen, G\u00e4stebuch und Feedbacks alles rund ums Reisen, Wandern, Trekking in Bhutan, Nepal, Peru, Myanmar...\",\"publisher\":{\"@id\":\"https:\\\/\\\/www.berghorizonte.de\\\/blog\\\/#organization\"},\"potentialAction\":[{\"@type\":\"SearchAction\",\"target\":{\"@type\":\"EntryPoint\",\"urlTemplate\":\"https:\\\/\\\/www.berghorizonte.de\\\/blog\\\/?s={search_term_string}\"},\"query-input\":{\"@type\":\"PropertyValueSpecification\",\"valueRequired\":true,\"valueName\":\"search_term_string\"}}],\"inLanguage\":\"de\"},{\"@type\":\"Organization\",\"@id\":\"https:\\\/\\\/www.berghorizonte.de\\\/blog\\\/#organization\",\"name\":\"berghorizonte\",\"url\":\"https:\\\/\\\/www.berghorizonte.de\\\/blog\\\/\",\"logo\":{\"@type\":\"ImageObject\",\"inLanguage\":\"de\",\"@id\":\"https:\\\/\\\/www.berghorizonte.de\\\/blog\\\/#\\\/schema\\\/logo\\\/image\\\/\",\"url\":\"https:\\\/\\\/www.berghorizonte.de\\\/blog\\\/wp-content\\\/uploads\\\/2014\\\/11\\\/berghorizonte_logo_k.jpg\",\"contentUrl\":\"https:\\\/\\\/www.berghorizonte.de\\\/blog\\\/wp-content\\\/uploads\\\/2014\\\/11\\\/berghorizonte_logo_k.jpg\",\"width\":425,\"height\":236,\"caption\":\"berghorizonte\"},\"image\":{\"@id\":\"https:\\\/\\\/www.berghorizonte.de\\\/blog\\\/#\\\/schema\\\/logo\\\/image\\\/\"}},{\"@type\":\"Person\",\"@id\":\"https:\\\/\\\/www.berghorizonte.de\\\/blog\\\/#\\\/schema\\\/person\\\/f2bccafdfb2ccdbd7b08e104f8f3f5f4\",\"name\":\"G\u00e4stebuchbeitrag\",\"image\":{\"@type\":\"ImageObject\",\"inLanguage\":\"de\",\"@id\":\"https:\\\/\\\/secure.gravatar.com\\\/avatar\\\/2f7ccc3d22d720ff556bf57349708a254825802eaef24c77c3f8936cd3048f39?s=96&d=mm&r=g\",\"url\":\"https:\\\/\\\/secure.gravatar.com\\\/avatar\\\/2f7ccc3d22d720ff556bf57349708a254825802eaef24c77c3f8936cd3048f39?s=96&d=mm&r=g\",\"contentUrl\":\"https:\\\/\\\/secure.gravatar.com\\\/avatar\\\/2f7ccc3d22d720ff556bf57349708a254825802eaef24c77c3f8936cd3048f39?s=96&d=mm&r=g\",\"caption\":\"G\u00e4stebuchbeitrag\"},\"url\":\"https:\\\/\\\/www.berghorizonte.de\\\/blog\\\/author\\\/gast\\\/\"}]}<\/script>\n<!-- \/ Yoast SEO plugin. -->","yoast_head_json":{"title":"Trekking und Reisen | berghorizonte.de","description":"Nepal Bergf\u00fchrer, Guides, Nepal, Nepal Reisen","robots":{"index":"index","follow":"follow","max-snippet":"max-snippet:-1","max-image-preview":"max-image-preview:large","max-video-preview":"max-video-preview:-1"},"canonical":"https:\/\/www.berghorizonte.de\/blog\/nepal-unsere-guides-und-trager-sind-versichert\/","og_locale":"de_DE","og_type":"article","og_title":"Trekking und Reisen | berghorizonte.de","og_description":"Nepal Bergf\u00fchrer, Guides, Nepal, Nepal Reisen","og_url":"https:\/\/www.berghorizonte.de\/blog\/nepal-unsere-guides-und-trager-sind-versichert\/","og_site_name":"Reiseblog","article_published_time":"2014-05-04T20:10:35+00:00","article_modified_time":"2017-10-12T11:25:24+00:00","og_image":[{"width":960,"height":717,"url":"https:\/\/www.berghorizonte.de\/blog\/wp-content\/uploads\/2014\/05\/Nepal_berghorizonte_Team_4.5.2014.jpg","type":"image\/jpeg"}],"author":"G\u00e4stebuchbeitrag","twitter_misc":{"Verfasst von":"G\u00e4stebuchbeitrag","Gesch\u00e4tzte Lesezeit":"1\u00a0Minute"},"schema":{"@context":"https:\/\/schema.org","@graph":[{"@type":"Article","@id":"https:\/\/www.berghorizonte.de\/blog\/nepal-unsere-guides-und-trager-sind-versichert\/#article","isPartOf":{"@id":"https:\/\/www.berghorizonte.de\/blog\/nepal-unsere-guides-und-trager-sind-versichert\/"},"author":{"name":"G\u00e4stebuchbeitrag","@id":"https:\/\/www.berghorizonte.de\/blog\/#\/schema\/person\/f2bccafdfb2ccdbd7b08e104f8f3f5f4"},"headline":"Nepal: Unsere Bergf\u00fchrer und Tr\u00e4ger sind versichert !","datePublished":"2014-05-04T20:10:35+00:00","dateModified":"2017-10-12T11:25:24+00:00","mainEntityOfPage":{"@id":"https:\/\/www.berghorizonte.de\/blog\/nepal-unsere-guides-und-trager-sind-versichert\/"},"wordCount":150,"commentCount":0,"publisher":{"@id":"https:\/\/www.berghorizonte.de\/blog\/#organization"},"image":{"@id":"https:\/\/www.berghorizonte.de\/blog\/nepal-unsere-guides-und-trager-sind-versichert\/#primaryimage"},"thumbnailUrl":"https:\/\/www.berghorizonte.de\/blog\/wp-content\/uploads\/2014\/05\/Nepal_berghorizonte_Team_4.5.2014.jpg","keywords":["Nepal Bergf\u00fchrer","Nepal Guides"],"articleSection":["News"],"inLanguage":"de","potentialAction":[{"@type":"CommentAction","name":"Comment","target":["https:\/\/www.berghorizonte.de\/blog\/nepal-unsere-guides-und-trager-sind-versichert\/#respond"]}]},{"@type":"WebPage","@id":"https:\/\/www.berghorizonte.de\/blog\/nepal-unsere-guides-und-trager-sind-versichert\/","url":"https:\/\/www.berghorizonte.de\/blog\/nepal-unsere-guides-und-trager-sind-versichert\/","name":"Trekking und Reisen | berghorizonte.de","isPartOf":{"@id":"https:\/\/www.berghorizonte.de\/blog\/#website"},"primaryImageOfPage":{"@id":"https:\/\/www.berghorizonte.de\/blog\/nepal-unsere-guides-und-trager-sind-versichert\/#primaryimage"},"image":{"@id":"https:\/\/www.berghorizonte.de\/blog\/nepal-unsere-guides-und-trager-sind-versichert\/#primaryimage"},"thumbnailUrl":"https:\/\/www.berghorizonte.de\/blog\/wp-content\/uploads\/2014\/05\/Nepal_berghorizonte_Team_4.5.2014.jpg","datePublished":"2014-05-04T20:10:35+00:00","dateModified":"2017-10-12T11:25:24+00:00","description":"Nepal Bergf\u00fchrer, Guides, Nepal, Nepal Reisen","breadcrumb":{"@id":"https:\/\/www.berghorizonte.de\/blog\/nepal-unsere-guides-und-trager-sind-versichert\/#breadcrumb"},"inLanguage":"de","potentialAction":[{"@type":"ReadAction","target":["https:\/\/www.berghorizonte.de\/blog\/nepal-unsere-guides-und-trager-sind-versichert\/"]}]},{"@type":"ImageObject","inLanguage":"de","@id":"https:\/\/www.berghorizonte.de\/blog\/nepal-unsere-guides-und-trager-sind-versichert\/#primaryimage","url":"https:\/\/www.berghorizonte.de\/blog\/wp-content\/uploads\/2014\/05\/Nepal_berghorizonte_Team_4.5.2014.jpg","contentUrl":"https:\/\/www.berghorizonte.de\/blog\/wp-content\/uploads\/2014\/05\/Nepal_berghorizonte_Team_4.5.2014.jpg","width":960,"height":717},{"@type":"BreadcrumbList","@id":"https:\/\/www.berghorizonte.de\/blog\/nepal-unsere-guides-und-trager-sind-versichert\/#breadcrumb","itemListElement":[{"@type":"ListItem","position":1,"name":"Home","item":"https:\/\/www.berghorizonte.de\/blog\/"},{"@type":"ListItem","position":2,"name":"Nepal: Unsere Bergf\u00fchrer und Tr\u00e4ger sind versichert !"}]},{"@type":"WebSite","@id":"https:\/\/www.berghorizonte.de\/blog\/#website","url":"https:\/\/www.berghorizonte.de\/blog\/","name":"Reiseblog","description":"Erfahrungen, G\u00e4stebuch und Feedbacks alles rund ums Reisen, Wandern, Trekking in Bhutan, Nepal, Peru, Myanmar...","publisher":{"@id":"https:\/\/www.berghorizonte.de\/blog\/#organization"},"potentialAction":[{"@type":"SearchAction","target":{"@type":"EntryPoint","urlTemplate":"https:\/\/www.berghorizonte.de\/blog\/?s={search_term_string}"},"query-input":{"@type":"PropertyValueSpecification","valueRequired":true,"valueName":"search_term_string"}}],"inLanguage":"de"},{"@type":"Organization","@id":"https:\/\/www.berghorizonte.de\/blog\/#organization","name":"berghorizonte","url":"https:\/\/www.berghorizonte.de\/blog\/","logo":{"@type":"ImageObject","inLanguage":"de","@id":"https:\/\/www.berghorizonte.de\/blog\/#\/schema\/logo\/image\/","url":"https:\/\/www.berghorizonte.de\/blog\/wp-content\/uploads\/2014\/11\/berghorizonte_logo_k.jpg","contentUrl":"https:\/\/www.berghorizonte.de\/blog\/wp-content\/uploads\/2014\/11\/berghorizonte_logo_k.jpg","width":425,"height":236,"caption":"berghorizonte"},"image":{"@id":"https:\/\/www.berghorizonte.de\/blog\/#\/schema\/logo\/image\/"}},{"@type":"Person","@id":"https:\/\/www.berghorizonte.de\/blog\/#\/schema\/person\/f2bccafdfb2ccdbd7b08e104f8f3f5f4","name":"G\u00e4stebuchbeitrag","image":{"@type":"ImageObject","inLanguage":"de","@id":"https:\/\/secure.gravatar.com\/avatar\/2f7ccc3d22d720ff556bf57349708a254825802eaef24c77c3f8936cd3048f39?s=96&d=mm&r=g","url":"https:\/\/secure.gravatar.com\/avatar\/2f7ccc3d22d720ff556bf57349708a254825802eaef24c77c3f8936cd3048f39?s=96&d=mm&r=g","contentUrl":"https:\/\/secure.gravatar.com\/avatar\/2f7ccc3d22d720ff556bf57349708a254825802eaef24c77c3f8936cd3048f39?s=96&d=mm&r=g","caption":"G\u00e4stebuchbeitrag"},"url":"https:\/\/www.berghorizonte.de\/blog\/author\/gast\/"}]}},"_links":{"self":[{"href":"https:\/\/www.berghorizonte.de\/blog\/wp-json\/wp\/v2\/posts\/648","targetHints":{"allow":["GET"]}}],"collection":[{"href":"https:\/\/www.berghorizonte.de\/blog\/wp-json\/wp\/v2\/posts"}],"about":[{"href":"https:\/\/www.berghorizonte.de\/blog\/wp-json\/wp\/v2\/types\/post"}],"author":[{"embeddable":true,"href":"https:\/\/www.berghorizonte.de\/blog\/wp-json\/wp\/v2\/users\/5"}],"replies":[{"embeddable":true,"href":"https:\/\/www.berghorizonte.de\/blog\/wp-json\/wp\/v2\/comments?post=648"}],"version-history":[{"count":10,"href":"https:\/\/www.berghorizonte.de\/blog\/wp-json\/wp\/v2\/posts\/648\/revisions"}],"predecessor-version":[{"id":4057,"href":"https:\/\/www.berghorizonte.de\/blog\/wp-json\/wp\/v2\/posts\/648\/revisions\/4057"}],"wp:featuredmedia":[{"embeddable":true,"href":"https:\/\/www.berghorizonte.de\/blog\/wp-json\/wp\/v2\/media\/655"}],"wp:attachment":[{"href":"https:\/\/www.berghorizonte.de\/blog\/wp-json\/wp\/v2\/media?parent=648"}],"wp:term":[{"taxonomy":"category","embeddable":true,"href":"https:\/\/www.berghorizonte.de\/blog\/wp-json\/wp\/v2\/categories?post=648"},{"taxonomy":"post_tag","embeddable":true,"href":"https:\/\/www.berghorizonte.de\/blog\/wp-json\/wp\/v2\/tags?post=648"}],"curies":[{"name":"wp","href":"https:\/\/api.w.org\/{rel}","templated":true}]}}